{"id":139077,"date":"2021-08-07T11:00:00","date_gmt":"2021-08-07T10:00:00","guid":{"rendered":"http:\/\/www.tucomarca.com\/wordpress\/segunda\/?p=139077"},"modified":"2021-08-09T11:13:39","modified_gmt":"2021-08-09T10:13:39","slug":"riba-roja-prohibeix-lentrada-de-public-en-els-actes-esportius-celebrats-en-recintes-municipals-per-a-contindre-lexpansio-del-coronavirus-entre-la-poblacio","status":"publish","type":"post","link":"https:\/\/tucomarca.whitekongsoftware.com\/ca\/riba-roja-prohibeix-lentrada-de-public-en-els-actes-esportius-celebrats-en-recintes-municipals-per-a-contindre-lexpansio-del-coronavirus-entre-la-poblacio\/","title":{"rendered":"Riba-roja prohibeix l&#8217;entrada de p\u00fablic en els actes esportius celebrats en recintes municipals per a contindre l&#8217;expansi\u00f3 del coronavirus entre la poblaci\u00f3"},"content":{"rendered":"\n<h4 class=\"wp-block-heading\">La mesura es prolongar\u00e0 mentre la taxa d&#8217;incid\u00e8ncia continue elevada<\/h4>\n\n\n\n<p class=\"wp-block-paragraph\">L&#8217;Ajuntament de Riba-roja de T\u00faria ha decidit suspendre l&#8217;assist\u00e8ncia de p\u00fablic en els actes o esdeveniments de tipus esportiu celebrats en espais o recintes de propietat municipal per a frenar l&#8217;expansi\u00f3 del coronavirus entre la poblaci\u00f3. La mesura es mantindr\u00e0 vigent mentre la localitat continue amb taxes d&#8217;incid\u00e8ncia elevades de Covid-19.&nbsp;<\/p>\n\n\n\n<p class=\"wp-block-paragraph\">La limitaci\u00f3 del p\u00fablic als esdeveniments de Riba-roja de T\u00faria s&#8217;ha adoptat en la reuni\u00f3 que celebra setmanalment la Comissi\u00f3 Municipal de Seguiment del Covid-19 en la qual estan representades l&#8217;ajuntament i les autoritats sanit\u00e0ries de la localitat. El seu objectiu passa per analitzar la situaci\u00f3 sanit\u00e0ria existent a cada moment per a adoptar l&#8217;activitat social i la mobilitat en el municipi.&nbsp;<\/p>\n\n\n\n<p class=\"wp-block-paragraph\">Les elevades taxes d&#8217;incid\u00e8ncia de la pand\u00e8mia per cada 100.000 habitants registrades en les \u00faltimes jornades ha sigut la principal ra\u00f3 per a adoptar la mesura de prohibir l&#8217;entrada del p\u00fablic general en tots els esdeveniments i esdeveniments que es poden celebrar en les pr\u00f2ximes setmanes en els recintes i instal\u00b7lacions de propietat municipal. L&#8217;\u00faltima incid\u00e8ncia acumulada a Riba-roja de T\u00faria aconsegueix els 731 casos en els \u00faltims catorze dies.&nbsp;<\/p>\n\n\n\n<p class=\"wp-block-paragraph\">D&#8217;aquesta manera, la mesura afectar\u00e0 a tots els recintes esportius com el pavell\u00f3 municipal de la Mall\u00e0, la piscina o el camp de futbol, entre altres, per a les modalitats de futbol, atletisme, nataci\u00f3, gimn\u00e0stica i totes aquelles que congreguen p\u00fablic per a la seua celebraci\u00f3. En aquests casos, els esdeveniments es podran celebrar amb normalitat, per\u00f2 sense p\u00fablic en aquests. Nom\u00e9s podran accedir els equips esportius, l&#8217;equip t\u00e8cnic i els directius dels clubs i entitats respectives.&nbsp;<br>La mesura restrictiva romandr\u00e0 vigent a Riba-roja de T\u00faria mentre persistisquen les taxes d&#8217;incid\u00e8ncia acumulada per cada 100.000 habitants i que en les \u00faltimes setmanes superen els 500 casos en la localitat. Per aix\u00f2, es restringeix i limita la mobilitat f\u00edsica i els contactes socials que s\u00f3n algunes de les raons que expliquen l&#8217;augment de casos de coronavirus entre la poblaci\u00f3.&nbsp;<\/p>\n\n\n\n<p class=\"wp-block-paragraph\">Cal recordar que en les \u00faltimes setmanes s&#8217;han pres altres mesures encaminades a contindre les xifres de casos de coronavirus a Riba-roja de T\u00faria com \u00e9s la suspensi\u00f3 de les festes del Crist, els Fadrins, les falles, la Mare de D\u00e9u d\u2019Agost o els Moros i Cristians, entre altres. L&#8217;anul\u00b7laci\u00f3 d&#8217;aquestes festes s&#8217;ha pres en consens entre l&#8217;ajuntament i les diferents comissions organitzadores.&nbsp;<\/p>\n\n\n\n<p class=\"wp-block-paragraph\">A m\u00e9s, la localitat forma part del grup de 77 municipis de la Comunitat Valenciana que estan sotmesos a un toc de queda entre la 1 de la matinada i les 6 del mat\u00ed des d&#8217;el mes de juliol passat \u2013des del dia 12 en un primer grup i des del 26 de juliol en un segon grup- fins al 16 d&#8217;agost. Aquesta mesura impedeix la mobilitat en la citada franja hor\u00e0ria i va ser adoptada per la Generalitat Valenciana amb el suport posterior del Tribunal Superior de Just\u00edcia de la Comunitat Valenciana (TSJCV).&nbsp;<\/p>\n\n\n\n<p class=\"wp-block-paragraph\">L&#8217;alcalde de Riba-roja de T\u00faria, Robert Raga, ha afirmat que aquestes mesures \u201cs\u00f3n un acte de responsabilitat que ha adoptat la comissi\u00f3 de seguiment per a reduir dr\u00e0sticament l&#8217;elevat nombre de contagis que s&#8217;han registrat al llarg de les \u00faltimes setmanes, per aix\u00f2, no volem ser c\u00f2mplices ni fomentar nous afectats pel coronavirus a causa de l&#8217;assist\u00e8ncia de p\u00fablic als esdeveniments esportius\u201d.<\/p>\n\n\n\n<p class=\"wp-block-paragraph\"><\/p>\n","protected":false},"excerpt":{"rendered":"<div class=\"mh-excerpt\">La mesura es prolongar\u00e0 mentre la taxa d&#8217;incid\u00e8ncia continue elevada L&#8217;Ajuntament de Riba-roja de T\u00faria ha decidit suspendre l&#8217;assist\u00e8ncia de p\u00fablic en els actes o esdeveniments de tipus esportiu celebrats en espais o recintes de <a class=\"mh-excerpt-more\" href=\"https:\/\/tucomarca.whitekongsoftware.com\/ca\/riba-roja-prohibeix-lentrada-de-public-en-els-actes-esportius-celebrats-en-recintes-municipals-per-a-contindre-lexpansio-del-coronavirus-entre-la-poblacio\/\" title=\"Riba-roja prohibeix l&#8217;entrada de p\u00fablic en els actes esportius celebrats en recintes municipals per a contindre l&#8217;expansi\u00f3 del coronavirus entre la poblaci\u00f3\">[+] <\/a><\/div>\n","protected":false},"author":12,"featured_media":139076,"comment_status":"open","ping_status":"open","sticky":false,"template":"","format":"standard","meta":{"footnotes":""},"categories":[10892,11010,12202,11003,10898,10948,10894,10947,10906,10896,10897],"tags":[10899,11939,11940,14329,10907],"class_list":["post-139077","post","type-post","status-publish","format-standard","has-post-thumbnail","category-camp-de-turia-ca","category-canal-salud","category-covid-19-ca","category-sports","category-ventana-ca","category-infraestructuras-ca","category-la-comarca-ca","category-politica","category-riba-roja-ca","category-seccion-ca","category-sucesos-la-comarca-ca","tag-camp-de-turia-ca","tag-coronavirus-ca","tag-covid-19-ca","tag-restricciones-ca","tag-riba-roja-del-turia-ca"],"_links":{"self":[{"href":"https:\/\/tucomarca.whitekongsoftware.com\/ca\/wp-json\/wp\/v2\/posts\/139077","targetHints":{"allow":["GET"]}}],"collection":[{"href":"https:\/\/tucomarca.whitekongsoftware.com\/ca\/wp-json\/wp\/v2\/posts"}],"about":[{"href":"https:\/\/tucomarca.whitekongsoftware.com\/ca\/wp-json\/wp\/v2\/types\/post"}],"author":[{"embeddable":true,"href":"https:\/\/tucomarca.whitekongsoftware.com\/ca\/wp-json\/wp\/v2\/users\/12"}],"replies":[{"embeddable":true,"href":"https:\/\/tucomarca.whitekongsoftware.com\/ca\/wp-json\/wp\/v2\/comments?post=139077"}],"version-history":[{"count":0,"href":"https:\/\/tucomarca.whitekongsoftware.com\/ca\/wp-json\/wp\/v2\/posts\/139077\/revisions"}],"wp:featuredmedia":[{"embeddable":true,"href":"https:\/\/tucomarca.whitekongsoftware.com\/ca\/wp-json\/wp\/v2\/media\/139076"}],"wp:attachment":[{"href":"https:\/\/tucomarca.whitekongsoftware.com\/ca\/wp-json\/wp\/v2\/media?parent=139077"}],"wp:term":[{"taxonomy":"category","embeddable":true,"href":"https:\/\/tucomarca.whitekongsoftware.com\/ca\/wp-json\/wp\/v2\/categories?post=139077"},{"taxonomy":"post_tag","embeddable":true,"href":"https:\/\/tucomarca.whitekongsoftware.com\/ca\/wp-json\/wp\/v2\/tags?post=139077"}],"curies":[{"name":"wp","href":"https:\/\/api.w.org\/{rel}","templated":true}]}}