{"id":139000,"date":"2021-08-06T13:00:00","date_gmt":"2021-08-06T12:00:00","guid":{"rendered":"http:\/\/www.tucomarca.com\/wordpress\/segunda\/?p=139000"},"modified":"2021-08-06T20:32:38","modified_gmt":"2021-08-06T19:32:38","slug":"el-ple-de-lajuntament-dalboraig-aprova-el-pla-urba-dactuacio-municipal","status":"publish","type":"post","link":"https:\/\/tucomarca.whitekongsoftware.com\/ca\/el-ple-de-lajuntament-dalboraig-aprova-el-pla-urba-dactuacio-municipal\/","title":{"rendered":"El ple de l&#8217;Ajuntament d&#8217;Alboraig aprova el Pla Urb\u00e0 d&#8217;Actuaci\u00f3 Municipal"},"content":{"rendered":"\n<h4 class=\"wp-block-heading\">El seg\u00fcent pas \u00e9s comen\u00e7ar a executar les accions previstes en el document seguint les l\u00ednies d&#8217;actuaci\u00f3 marcades per a complir els objectius de l&#8217;Agenda 2030.<\/h4>\n\n\n\n<p class=\"wp-block-paragraph\">L&#8217;Ajuntament d&#8217;Alboraig ha aprovat en ple el Pla Urb\u00e0 d&#8217;Actuaci\u00f3 Municipal. Aquest document arriba al ple despr\u00e9s de diversos mesos de treball realitzat conjuntament i de manera participativa amb la ciutadania per a elaborar el Diagn\u00f2stic, la Definici\u00f3 d&#8217;Objectius i el Pla d&#8217;implementaci\u00f3.\u00a0<br>El PUAM s&#8217;ha aprovat amb els vots a favor del PSOE i l&#8217;abstenci\u00f3 del PP que, sense poder argumentar el seu vot, s&#8217;ha limitat a dubtar de la posada en marxa de les accions. En aquest punt, l&#8217;alcaldessa explica que \u201cel Pla Urb\u00e0 d&#8217;Actuaci\u00f3 Municipal \u00e9s un plantejament estrat\u00e8gic que servir\u00e0 de marc per a la presa de decisions, especialment quant a la sol\u00b7licitud i execuci\u00f3 de projectes co-finan\u00e7ats per altres administracions.\u201d<br>El Pla Urb\u00e0 d&#8217;Actuaci\u00f3 Municipal (PUAM) \u00e9s un document de car\u00e0cter estrat\u00e8gic local que defineix les l\u00ednies d&#8217;actuaci\u00f3 per al futur immediat del municipi i incorpora els objectius establits per l&#8217;Agenda 2030 en les prioritats futures respecte a la realitzaci\u00f3 d&#8217;obres i la posada en marxa o millora de serveis en l&#8217;agenda urbana municipal.<br>A partir d&#8217;ara comen\u00e7a la seg\u00fcent fase: comen\u00e7ar a executar les accions prioritzades segons el calendari i les pautes establides.<br>En l&#8217;elaboraci\u00f3 del PUAM s&#8217;han seguit les l\u00ednies marques per l&#8217;Agenda 2030 a trav\u00e9s dels Objectius de Desenvolupament Sostenible. Aix\u00f2 significa que s&#8217;han incorporat enfocaments diversos com el g\u00e8nere i la sostenibilitat per a respondre a les necessitats de totes les persones que habiten en el municipi.<\/p>\n\n\n\n<p class=\"wp-block-paragraph\">L&#8217;alcaldessa d&#8217;Alborache, Paqui Collado, destaca que amb el Pla Urb\u00e0 d&#8217;Actuaci\u00f3 Municipal <em>\u201cAlborache avan\u00e7a en el foment dels municipis de la prov\u00edncia de Val\u00e8ncia perqu\u00e8 siguen m\u00e9s habitables, justos, inclusius, saludables, intel\u00b7ligents i sostenibles. A l&#8217;equip de govern el sorpr\u00e9n que el PP s&#8217;haja abstingut quan alguns dels seus membres han participat en sessions de treball i han pogut comprovar de primera m\u00e0 la serietat de la proposta.\u201d<\/em><\/p>\n\n\n\n<figure class=\"wp-block-gallery columns-2 is-cropped wp-block-gallery-1 is-layout-flex wp-block-gallery-is-layout-flex\"><ul class=\"blocks-gallery-grid\"><li class=\"blocks-gallery-item\"><figure><img loading=\"lazy\" decoding=\"async\" width=\"787\" height=\"590\" src=\"http:\/\/www.tucomarca.com\/wordpress\/segunda\/wp-content\/uploads\/2021\/08\/AlborachePUAM01.jpg\" alt=\"\" data-id=\"138997\" data-full-url=\"http:\/\/www.tucomarca.com\/wordpress\/segunda\/wp-content\/uploads\/2021\/08\/AlborachePUAM01.jpg\" data-link=\"http:\/\/www.tucomarca.com\/wordpress\/segunda\/ca\/?attachment_id=138997\" class=\"wp-image-138997\" srcset=\"https:\/\/tucomarca.whitekongsoftware.com\/wp-content\/uploads\/2021\/08\/AlborachePUAM01.jpg 787w, https:\/\/tucomarca.whitekongsoftware.com\/wp-content\/uploads\/2021\/08\/AlborachePUAM01-300x225.jpg 300w, https:\/\/tucomarca.whitekongsoftware.com\/wp-content\/uploads\/2021\/08\/AlborachePUAM01-768x576.jpg 768w, https:\/\/tucomarca.whitekongsoftware.com\/wp-content\/uploads\/2021\/08\/AlborachePUAM01-678x509.jpg 678w, https:\/\/tucomarca.whitekongsoftware.com\/wp-content\/uploads\/2021\/08\/AlborachePUAM01-326x245.jpg 326w, https:\/\/tucomarca.whitekongsoftware.com\/wp-content\/uploads\/2021\/08\/AlborachePUAM01-80x60.jpg 80w\" sizes=\"auto, (max-width: 787px) 100vw, 787px\" \/><\/figure><\/li><li class=\"blocks-gallery-item\"><figure><img loading=\"lazy\" decoding=\"async\" width=\"787\" height=\"590\" src=\"http:\/\/www.tucomarca.com\/wordpress\/segunda\/wp-content\/uploads\/2021\/08\/AlborachePUAM02.jpg\" alt=\"\" data-id=\"138999\" data-full-url=\"http:\/\/www.tucomarca.com\/wordpress\/segunda\/wp-content\/uploads\/2021\/08\/AlborachePUAM02.jpg\" data-link=\"http:\/\/www.tucomarca.com\/wordpress\/segunda\/ca\/?attachment_id=138999\" class=\"wp-image-138999\" srcset=\"https:\/\/tucomarca.whitekongsoftware.com\/wp-content\/uploads\/2021\/08\/AlborachePUAM02.jpg 787w, https:\/\/tucomarca.whitekongsoftware.com\/wp-content\/uploads\/2021\/08\/AlborachePUAM02-300x225.jpg 300w, https:\/\/tucomarca.whitekongsoftware.com\/wp-content\/uploads\/2021\/08\/AlborachePUAM02-768x576.jpg 768w, https:\/\/tucomarca.whitekongsoftware.com\/wp-content\/uploads\/2021\/08\/AlborachePUAM02-678x509.jpg 678w, https:\/\/tucomarca.whitekongsoftware.com\/wp-content\/uploads\/2021\/08\/AlborachePUAM02-326x245.jpg 326w, https:\/\/tucomarca.whitekongsoftware.com\/wp-content\/uploads\/2021\/08\/AlborachePUAM02-80x60.jpg 80w\" sizes=\"auto, (max-width: 787px) 100vw, 787px\" \/><\/figure><\/li><\/ul><\/figure>\n","protected":false},"excerpt":{"rendered":"<div class=\"mh-excerpt\">El seg\u00fcent pas \u00e9s comen\u00e7ar a executar les accions previstes en el document seguint les l\u00ednies d&#8217;actuaci\u00f3 marcades per a complir els objectius de l&#8217;Agenda 2030. L&#8217;Ajuntament d&#8217;Alboraig ha aprovat en ple el Pla Urb\u00e0 <a class=\"mh-excerpt-more\" href=\"https:\/\/tucomarca.whitekongsoftware.com\/ca\/el-ple-de-lajuntament-dalboraig-aprova-el-pla-urba-dactuacio-municipal\/\" title=\"El ple de l&#8217;Ajuntament d&#8217;Alboraig aprova el Pla Urb\u00e0 d&#8217;Actuaci\u00f3 Municipal\">[+] <\/a><\/div>\n","protected":false},"author":12,"featured_media":138995,"comment_status":"open","ping_status":"open","sticky":false,"template":"","format":"gallery","meta":{"footnotes":""},"categories":[10973,10948,10894,10912,10947,10896],"tags":[11224,10914,14881,13332],"class_list":["post-139000","post","type-post","status-publish","format-gallery","has-post-thumbnail","category-alborache-ca","category-infraestructuras-ca","category-la-comarca-ca","category-la-hoya-ca","category-politica","category-seccion-ca","tag-alborache-ca","tag-la-hoya-de-bunol-chiva-ca","tag-plan-urbano-de-actuacion-municipal-ca","tag-puam-ca","post_format-post-format-gallery"],"_links":{"self":[{"href":"https:\/\/tucomarca.whitekongsoftware.com\/ca\/wp-json\/wp\/v2\/posts\/139000","targetHints":{"allow":["GET"]}}],"collection":[{"href":"https:\/\/tucomarca.whitekongsoftware.com\/ca\/wp-json\/wp\/v2\/posts"}],"about":[{"href":"https:\/\/tucomarca.whitekongsoftware.com\/ca\/wp-json\/wp\/v2\/types\/post"}],"author":[{"embeddable":true,"href":"https:\/\/tucomarca.whitekongsoftware.com\/ca\/wp-json\/wp\/v2\/users\/12"}],"replies":[{"embeddable":true,"href":"https:\/\/tucomarca.whitekongsoftware.com\/ca\/wp-json\/wp\/v2\/comments?post=139000"}],"version-history":[{"count":0,"href":"https:\/\/tucomarca.whitekongsoftware.com\/ca\/wp-json\/wp\/v2\/posts\/139000\/revisions"}],"wp:featuredmedia":[{"embeddable":true,"href":"https:\/\/tucomarca.whitekongsoftware.com\/ca\/wp-json\/wp\/v2\/media\/138995"}],"wp:attachment":[{"href":"https:\/\/tucomarca.whitekongsoftware.com\/ca\/wp-json\/wp\/v2\/media?parent=139000"}],"wp:term":[{"taxonomy":"category","embeddable":true,"href":"https:\/\/tucomarca.whitekongsoftware.com\/ca\/wp-json\/wp\/v2\/categories?post=139000"},{"taxonomy":"post_tag","embeddable":true,"href":"https:\/\/tucomarca.whitekongsoftware.com\/ca\/wp-json\/wp\/v2\/tags?post=139000"}],"curies":[{"name":"wp","href":"https:\/\/api.w.org\/{rel}","templated":true}]}}