{"id":138974,"date":"2021-08-05T13:00:00","date_gmt":"2021-08-05T12:00:00","guid":{"rendered":"http:\/\/www.tucomarca.com\/wordpress\/segunda\/?p=138974"},"modified":"2021-08-05T22:50:47","modified_gmt":"2021-08-05T21:50:47","slug":"lassociacio-de-comerciants-lajuntament-de-bunyol-i-unio-gremial-installen-escultures-urbanes-per-a-impulsar-la-compra-en-el-comerc-local","status":"publish","type":"post","link":"https:\/\/tucomarca.whitekongsoftware.com\/ca\/lassociacio-de-comerciants-lajuntament-de-bunyol-i-unio-gremial-installen-escultures-urbanes-per-a-impulsar-la-compra-en-el-comerc-local\/","title":{"rendered":"L&#8217;associaci\u00f3 de comerciants, l&#8217;Ajuntament de Bunyol i Uni\u00f3 Gremial instal\u00b7len \u201cescultures urbanes\u201d per a impulsar la compra en el comer\u00e7 local"},"content":{"rendered":"\n<h4 class=\"wp-block-heading\">Aquesta campanya ha instal\u00b7lat personatges amb dissenys i colors divertits i alegres, que fan la compra al poble, en comer\u00e7os on el client se sent segur, amb confian\u00e7a i amb el tracte personalitzat que sempre ofereixen els professionals d&#8217;aquests sectors.&nbsp;<\/h4>\n\n\n\n<p class=\"wp-block-paragraph\">L&#8217;Associaci\u00f3 d&#8217;Empresaris i Aut\u00f2noms de Bunyol i comarca, en col\u00b7laboraci\u00f3 amb l&#8217;\u00c0rea de Comer\u00e7 de l&#8217;Ajuntament de Bunyol i Uni\u00f3 Gremial continuen impulsant iniciatives per a visibilitzar els negocis locals i donar suport a l&#8217;activitat comercial i de serveis, tan necessitades en aquests temps de Covid, en tot el territori i tamb\u00e9 en aquesta comarca de la Foia de Bu\u00f1ol-Chiva. Activitat que no sols genera riquesa i ocupaci\u00f3 local, sin\u00f3 que fixa poblaci\u00f3 i d\u00f3na un servei pr\u00f2xim i de qualitat.&nbsp;<br>Aquesta nova campanya es basa en l&#8217;elaboraci\u00f3 d&#8217;unes \u201cescultures urbanes\u201d anomenades \u201cproxis\u201d d&#8217;imatges amb frases t\u00edpiques del xicotet comer\u00e7. Personatges amb dissenys i colors divertits i alegres, fent la compra al poble, en locals pr\u00f2xims on el client se sent segur, amb confian\u00e7a i amb el tracte personalitzat que sempre ofereixen els professionals d&#8217;aquests sectors.&nbsp;<br>La junta directiva de l&#8217;Associaci\u00f3 ha confiat per a elaborar aquesta campanya en els artistes Antonio L\u00f3pez \u201cToni L\u00f3pez Art\u201d i Ra\u00fal Mart\u00ednez, de l&#8217;empresa \u201cValua\u201d, desenvolupada a partir de la iniciativa de suport als artistes fallers Regala un Ninot, per la gran confian\u00e7a depositada en ells, en el seu bon fer en anteriors treballs.<br>Aquesta campanya secunda i visibilitza al sector dels artistes fallers i demostra la gran capacitat d&#8217;aquest ofici en \u00e0mbits m\u00e9s enll\u00e0 de la realitzaci\u00f3 de Falles com a intervencions d&#8217;art urb\u00e0, tematitzacions i tot tipus de projectes art\u00edstics. Amb aquesta iniciativa, l&#8217;Associaci\u00f3, al costat de l&#8217;\u00e0rea de Comer\u00e7 de l&#8217;Ajuntament de Bu\u00f1ol, impulsada per l&#8217;Alcaldessa, Juncal Carrascosa, confia en aquests professionals en un moment en qu\u00e8 necessiten m\u00e9s ajuda i suport que mai. Ja amb el mural que \u00e9s present en el mur de la coneguda \u201cCuesta Roya\u201d, realitzada per aquests artistes, i que tamb\u00e9 clama la compra en els nostres comer\u00e7os, es va deixar patent la professionalitat d&#8217;aquests artistes. \u00c9s per aix\u00f2 que s&#8217;ha decidit tornar a comptar amb el seu treball.<br>Fa uns dies Jonquera Carrascosa, Alcaldessa de Bu\u00f1ol, i el president d&#8217;Uni\u00f3 Gremial, Juan Motilla, van visitar el taller faller del bu\u00f1olense Antonio L\u00f3pez, acompanyats de l&#8217;artista Ra\u00fal Mart\u00ednez i el president de l&#8217;Associaci\u00f3 d&#8217;Empresaris i Aut\u00f2noms de la localitat, Pedro Rubio. Aquesta iniciativa compta amb el suport de la Conselleria de Comer\u00e7 de la Generalitat Valenciana.<br>Pedro Rubio, president d&#8217;aquesta associaci\u00f3 bu\u00f1olense, i membre de la Junta Directiva d&#8217;Uni\u00f3 Gremial, va traslladar aquesta iniciativa a la resta d&#8217;associacions de comerciants de la Comunitat i ha sigut molt ben rebuda, \u201ctant \u00e9s aix\u00ed que s\u00f3n molts els pobles del nostre entorn els que han qualificada molt positivament aquesta iniciativa per la seua originalitat, per la seua proximitat amb la nostra gran festa Les Falles, per solidaritat amb els artistes fallers, i pel missatge que transmet: la tranquil\u00b7litat, bon tracte, excel\u00b7lent producte i preu molt assequible que hi ha en el comer\u00e7 local\u201d.&nbsp;<br>Juncal Carrascosa, Alcaldessa de Bu\u00f1ol, i encarregada de l&#8217;\u00c0rea de Comer\u00e7 en el Consistori Municipal, ha declarat sentir-se molt orgullosa d&#8217;aquesta iniciativa pionera posada en marxa en la localitat, gr\u00e0cies al treball incansable d&#8217;aquesta associaci\u00f3, dels comer\u00e7os i empreses del municipi, i que sempre compten amb el suport de l&#8217;Ajuntament en totes i cadascuna de les campanyes i iniciatives que emprenen.<\/p>\n\n\n\n<figure class=\"wp-block-gallery columns-2 is-cropped wp-block-gallery-1 is-layout-flex wp-block-gallery-is-layout-flex\"><ul class=\"blocks-gallery-grid\"><li class=\"blocks-gallery-item\"><figure><img loading=\"lazy\" decoding=\"async\" width=\"768\" height=\"1024\" src=\"http:\/\/www.tucomarca.com\/wordpress\/segunda\/wp-content\/uploads\/2021\/08\/01Ninots-768x1024.jpg\" alt=\"\" data-id=\"138964\" data-full-url=\"http:\/\/www.tucomarca.com\/wordpress\/segunda\/wp-content\/uploads\/2021\/08\/01Ninots.jpg\" data-link=\"http:\/\/www.tucomarca.com\/wordpress\/segunda\/?attachment_id=138964\" class=\"wp-image-138964\" srcset=\"https:\/\/tucomarca.whitekongsoftware.com\/wp-content\/uploads\/2021\/08\/01Ninots-768x1024.jpg 768w, https:\/\/tucomarca.whitekongsoftware.com\/wp-content\/uploads\/2021\/08\/01Ninots-225x300.jpg 225w, https:\/\/tucomarca.whitekongsoftware.com\/wp-content\/uploads\/2021\/08\/01Ninots.jpg 786w\" sizes=\"auto, (max-width: 768px) 100vw, 768px\" \/><\/figure><\/li><li class=\"blocks-gallery-item\"><figure><img loading=\"lazy\" decoding=\"async\" width=\"768\" height=\"1024\" src=\"http:\/\/www.tucomarca.com\/wordpress\/segunda\/wp-content\/uploads\/2021\/08\/03Ninots-768x1024.jpg\" alt=\"\" data-id=\"138962\" data-full-url=\"http:\/\/www.tucomarca.com\/wordpress\/segunda\/wp-content\/uploads\/2021\/08\/03Ninots.jpg\" data-link=\"http:\/\/www.tucomarca.com\/wordpress\/segunda\/?attachment_id=138962\" class=\"wp-image-138962\" srcset=\"https:\/\/tucomarca.whitekongsoftware.com\/wp-content\/uploads\/2021\/08\/03Ninots-768x1024.jpg 768w, https:\/\/tucomarca.whitekongsoftware.com\/wp-content\/uploads\/2021\/08\/03Ninots-225x300.jpg 225w, https:\/\/tucomarca.whitekongsoftware.com\/wp-content\/uploads\/2021\/08\/03Ninots.jpg 787w\" sizes=\"auto, (max-width: 768px) 100vw, 768px\" \/><\/figure><\/li><li class=\"blocks-gallery-item\"><figure><img loading=\"lazy\" decoding=\"async\" width=\"768\" height=\"1024\" src=\"http:\/\/www.tucomarca.com\/wordpress\/segunda\/wp-content\/uploads\/2021\/08\/04Ninots-768x1024.jpg\" alt=\"\" data-id=\"138968\" data-full-url=\"http:\/\/www.tucomarca.com\/wordpress\/segunda\/wp-content\/uploads\/2021\/08\/04Ninots.jpg\" data-link=\"http:\/\/www.tucomarca.com\/wordpress\/segunda\/?attachment_id=138968\" class=\"wp-image-138968\" srcset=\"https:\/\/tucomarca.whitekongsoftware.com\/wp-content\/uploads\/2021\/08\/04Ninots-768x1024.jpg 768w, https:\/\/tucomarca.whitekongsoftware.com\/wp-content\/uploads\/2021\/08\/04Ninots-225x300.jpg 225w, https:\/\/tucomarca.whitekongsoftware.com\/wp-content\/uploads\/2021\/08\/04Ninots.jpg 787w\" sizes=\"auto, (max-width: 768px) 100vw, 768px\" \/><\/figure><\/li><li class=\"blocks-gallery-item\"><figure><img loading=\"lazy\" decoding=\"async\" width=\"768\" height=\"1024\" src=\"http:\/\/www.tucomarca.com\/wordpress\/segunda\/wp-content\/uploads\/2021\/08\/02Ninots-768x1024.jpg\" alt=\"\" data-id=\"138966\" data-full-url=\"http:\/\/www.tucomarca.com\/wordpress\/segunda\/wp-content\/uploads\/2021\/08\/02Ninots.jpg\" data-link=\"http:\/\/www.tucomarca.com\/wordpress\/segunda\/?attachment_id=138966\" class=\"wp-image-138966\" srcset=\"https:\/\/tucomarca.whitekongsoftware.com\/wp-content\/uploads\/2021\/08\/02Ninots-768x1024.jpg 768w, https:\/\/tucomarca.whitekongsoftware.com\/wp-content\/uploads\/2021\/08\/02Ninots-225x300.jpg 225w, https:\/\/tucomarca.whitekongsoftware.com\/wp-content\/uploads\/2021\/08\/02Ninots.jpg 787w\" sizes=\"auto, (max-width: 768px) 100vw, 768px\" \/><\/figure><\/li><li class=\"blocks-gallery-item\"><figure><img loading=\"lazy\" decoding=\"async\" width=\"787\" height=\"590\" src=\"http:\/\/www.tucomarca.com\/wordpress\/segunda\/wp-content\/uploads\/2021\/08\/05Ninots.jpg\" alt=\"\" data-id=\"138970\" data-full-url=\"http:\/\/www.tucomarca.com\/wordpress\/segunda\/wp-content\/uploads\/2021\/08\/05Ninots.jpg\" data-link=\"http:\/\/www.tucomarca.com\/wordpress\/segunda\/?attachment_id=138970\" class=\"wp-image-138970\" srcset=\"https:\/\/tucomarca.whitekongsoftware.com\/wp-content\/uploads\/2021\/08\/05Ninots.jpg 787w, https:\/\/tucomarca.whitekongsoftware.com\/wp-content\/uploads\/2021\/08\/05Ninots-300x225.jpg 300w, https:\/\/tucomarca.whitekongsoftware.com\/wp-content\/uploads\/2021\/08\/05Ninots-768x576.jpg 768w, https:\/\/tucomarca.whitekongsoftware.com\/wp-content\/uploads\/2021\/08\/05Ninots-678x509.jpg 678w, https:\/\/tucomarca.whitekongsoftware.com\/wp-content\/uploads\/2021\/08\/05Ninots-326x245.jpg 326w, https:\/\/tucomarca.whitekongsoftware.com\/wp-content\/uploads\/2021\/08\/05Ninots-80x60.jpg 80w\" sizes=\"auto, (max-width: 787px) 100vw, 787px\" \/><\/figure><\/li><\/ul><\/figure>\n","protected":false},"excerpt":{"rendered":"<div class=\"mh-excerpt\">Aquesta campanya ha instal\u00b7lat personatges amb dissenys i colors divertits i alegres, que fan la compra al poble, en comer\u00e7os on el client se sent segur, amb confian\u00e7a i amb el tracte personalitzat que sempre <a class=\"mh-excerpt-more\" href=\"https:\/\/tucomarca.whitekongsoftware.com\/ca\/lassociacio-de-comerciants-lajuntament-de-bunyol-i-unio-gremial-installen-escultures-urbanes-per-a-impulsar-la-compra-en-el-comerc-local\/\" title=\"L&#8217;associaci\u00f3 de comerciants, l&#8217;Ajuntament de Bunyol i Uni\u00f3 Gremial instal\u00b7len \u201cescultures urbanes\u201d per a impulsar la compra en el comer\u00e7 local\">[+] <\/a><\/div>\n","protected":false},"author":12,"featured_media":138967,"comment_status":"open","ping_status":"open","sticky":false,"template":"","format":"gallery","meta":{"footnotes":""},"categories":[10911,10948,10894,10912,10947,10896],"tags":[12189,11158,10913,10914,15198,15199,15200],"class_list":["post-138974","post","type-post","status-publish","format-gallery","has-post-thumbnail","category-bunol-ca","category-infraestructuras-ca","category-la-comarca-ca","category-la-hoya-ca","category-politica","category-seccion-ca","tag-asociacion-de-comerciantes-de-bunol-ca","tag-ayuntamiento-de-bunol-ca","tag-bunol-ca","tag-la-hoya-de-bunol-chiva-ca","tag-toni-lopez-art-ca","tag-union-gremial-ca","tag-valua-ca","post_format-post-format-gallery"],"_links":{"self":[{"href":"https:\/\/tucomarca.whitekongsoftware.com\/ca\/wp-json\/wp\/v2\/posts\/138974","targetHints":{"allow":["GET"]}}],"collection":[{"href":"https:\/\/tucomarca.whitekongsoftware.com\/ca\/wp-json\/wp\/v2\/posts"}],"about":[{"href":"https:\/\/tucomarca.whitekongsoftware.com\/ca\/wp-json\/wp\/v2\/types\/post"}],"author":[{"embeddable":true,"href":"https:\/\/tucomarca.whitekongsoftware.com\/ca\/wp-json\/wp\/v2\/users\/12"}],"replies":[{"embeddable":true,"href":"https:\/\/tucomarca.whitekongsoftware.com\/ca\/wp-json\/wp\/v2\/comments?post=138974"}],"version-history":[{"count":0,"href":"https:\/\/tucomarca.whitekongsoftware.com\/ca\/wp-json\/wp\/v2\/posts\/138974\/revisions"}],"wp:featuredmedia":[{"embeddable":true,"href":"https:\/\/tucomarca.whitekongsoftware.com\/ca\/wp-json\/wp\/v2\/media\/138967"}],"wp:attachment":[{"href":"https:\/\/tucomarca.whitekongsoftware.com\/ca\/wp-json\/wp\/v2\/media?parent=138974"}],"wp:term":[{"taxonomy":"category","embeddable":true,"href":"https:\/\/tucomarca.whitekongsoftware.com\/ca\/wp-json\/wp\/v2\/categories?post=138974"},{"taxonomy":"post_tag","embeddable":true,"href":"https:\/\/tucomarca.whitekongsoftware.com\/ca\/wp-json\/wp\/v2\/tags?post=138974"}],"curies":[{"name":"wp","href":"https:\/\/api.w.org\/{rel}","templated":true}]}}