{"id":138939,"date":"2021-08-04T18:22:00","date_gmt":"2021-08-04T17:22:00","guid":{"rendered":"http:\/\/www.tucomarca.com\/wordpress\/segunda\/?p=138939"},"modified":"2021-08-05T11:29:49","modified_gmt":"2021-08-05T10:29:49","slug":"turis-reparteix-el-seu-esperat-llibre-de-festes-amb-el-mateix-esperit-unes-festes-diferents","status":"publish","type":"post","link":"https:\/\/tucomarca.whitekongsoftware.com\/ca\/turis-reparteix-el-seu-esperat-llibre-de-festes-amb-el-mateix-esperit-unes-festes-diferents\/","title":{"rendered":"Tur\u00eds reparteix el seu esperat Llibre de Festes \u201cAmb el mateix esperit. Unes festes diferents\u201d"},"content":{"rendered":"\n<p class=\"wp-block-paragraph\">L&#8217;Ajuntament de Tur\u00eds ha repartit el seu esperat llibre de Festes \u201cAmb el mateix esperit. Unes festes diferents\u201d i la poblaci\u00f3 s&#8217;ha retrobat amb aqueixa sensaci\u00f3 de curiositat i expectaci\u00f3 que sol traslladar el ve\u00efnat quan recull el llibret i fulleja les seues p\u00e0gines.<\/p>\n\n\n\n<p class=\"wp-block-paragraph\">En el repartiment d&#8217;enguany s&#8217;ha comptat amb la valuosa col\u00b7laboraci\u00f3 de les joves que van comen\u00e7ar el seu regnat en 2019 i, per tant, que continuen amb el t\u00edtol de festera vigent.<br>A poc a poc les turisanes i turisanos va sentint emocions semblants, encara que es tracte d&#8217;unes festes diferents.<\/p>\n\n\n\n<p class=\"wp-block-paragraph\"><\/p>\n","protected":false},"excerpt":{"rendered":"<div class=\"mh-excerpt\">L&#8217;Ajuntament de Tur\u00eds ha repartit el seu esperat llibre de Festes \u201cAmb el mateix esperit. Unes festes diferents\u201d i la poblaci\u00f3 s&#8217;ha retrobat amb aqueixa sensaci\u00f3 de curiositat i expectaci\u00f3 que sol traslladar el ve\u00efnat <a class=\"mh-excerpt-more\" href=\"https:\/\/tucomarca.whitekongsoftware.com\/ca\/turis-reparteix-el-seu-esperat-llibre-de-festes-amb-el-mateix-esperit-unes-festes-diferents\/\" title=\"Tur\u00eds reparteix el seu esperat Llibre de Festes \u201cAmb el mateix esperit. Unes festes diferents\u201d\">[+] <\/a><\/div>\n","protected":false},"author":12,"featured_media":138938,"comment_status":"open","ping_status":"open","sticky":false,"template":"","format":"standard","meta":{"footnotes":""},"categories":[10894,10902,11004,11008,10896,11047],"tags":[15245,14071,11356],"class_list":["post-138939","post","type-post","status-publish","format-standard","has-post-thumbnail","category-la-comarca-ca","category-la-ribera-ca","category-la-semana-en-imagenes-ca","category-pueblos-en-fiestas-ca","category-seccion-ca","category-turis-ca","tag-fiestas-diferentes-ca","tag-fiestas-patronales-ca","tag-ribera-alta-ca"],"_links":{"self":[{"href":"https:\/\/tucomarca.whitekongsoftware.com\/ca\/wp-json\/wp\/v2\/posts\/138939","targetHints":{"allow":["GET"]}}],"collection":[{"href":"https:\/\/tucomarca.whitekongsoftware.com\/ca\/wp-json\/wp\/v2\/posts"}],"about":[{"href":"https:\/\/tucomarca.whitekongsoftware.com\/ca\/wp-json\/wp\/v2\/types\/post"}],"author":[{"embeddable":true,"href":"https:\/\/tucomarca.whitekongsoftware.com\/ca\/wp-json\/wp\/v2\/users\/12"}],"replies":[{"embeddable":true,"href":"https:\/\/tucomarca.whitekongsoftware.com\/ca\/wp-json\/wp\/v2\/comments?post=138939"}],"version-history":[{"count":0,"href":"https:\/\/tucomarca.whitekongsoftware.com\/ca\/wp-json\/wp\/v2\/posts\/138939\/revisions"}],"wp:featuredmedia":[{"embeddable":true,"href":"https:\/\/tucomarca.whitekongsoftware.com\/ca\/wp-json\/wp\/v2\/media\/138938"}],"wp:attachment":[{"href":"https:\/\/tucomarca.whitekongsoftware.com\/ca\/wp-json\/wp\/v2\/media?parent=138939"}],"wp:term":[{"taxonomy":"category","embeddable":true,"href":"https:\/\/tucomarca.whitekongsoftware.com\/ca\/wp-json\/wp\/v2\/categories?post=138939"},{"taxonomy":"post_tag","embeddable":true,"href":"https:\/\/tucomarca.whitekongsoftware.com\/ca\/wp-json\/wp\/v2\/tags?post=138939"}],"curies":[{"name":"wp","href":"https:\/\/api.w.org\/{rel}","templated":true}]}}