{"id":138914,"date":"2021-08-04T20:00:00","date_gmt":"2021-08-04T19:00:00","guid":{"rendered":"http:\/\/www.tucomarca.com\/wordpress\/segunda\/?p=138914"},"modified":"2021-08-05T07:49:23","modified_gmt":"2021-08-05T06:49:23","slug":"vilamarxant-aporta-10-contagis-als-2-297-nous-casos-de-coronavirus-en-la-comunitat-valenciana","status":"publish","type":"post","link":"https:\/\/tucomarca.whitekongsoftware.com\/ca\/vilamarxant-aporta-10-contagis-als-2-297-nous-casos-de-coronavirus-en-la-comunitat-valenciana\/","title":{"rendered":"Vilamarxant aporta 10 contagis als 2.297 nous casos de coronavirus en la Comunitat Valenciana"},"content":{"rendered":"\n<h4 class=\"wp-block-heading\">Nous contagis: 260 s&#8217;han registrat a la prov\u00edncia de Castell\u00f3, 836 en la d&#8217;Alacant i 1.201 en la de Val\u00e8ncia<\/h4>\n\n\n\n<p class=\"wp-block-paragraph\">La Conselleria de Sanitat Universal i Salut P\u00fablica ha notificat 2.297 casos nous de coronavirus confirmats per prova PCR o a trav\u00e9s de test d&#8217;ant\u00edgens des de l&#8217;\u00faltima actualitzaci\u00f3, que situen la xifra total de positius en 472.435 persones. Per prov\u00edncies, 260 s&#8217;han registrat a Castell\u00f3 (48.889 en total); 836 a Alacant (169.119 en total); i 1.201 a Val\u00e8ncia (254.425 en total). El total de casos no assignats es mant\u00e9 en 2.<\/p>\n\n\n\n<p class=\"wp-block-paragraph\">Respecte a la vacunaci\u00f3, a causa d&#8217;un problema inform\u00e0tic, no s&#8217;han pogut descarregar hui les dades actualitzades.<\/p>\n\n\n\n<p class=\"wp-block-paragraph\">A m\u00e9s, s&#8217;han registrat 3.123 altes a pacients amb coronavirus. D&#8217;aquesta manera, el nombre de persones que han superat la malaltia des que va comen\u00e7ar la pand\u00e8mia en la Comunitat Valenciana ascendeix a 448.304 persones. Per prov\u00edncies, les altes es distribueixen aix\u00ed: 46.521contabilizadas a Castell\u00f3, 159.847 a Alacant i 241.876 a Val\u00e8ncia. El total d&#8217;altes no assignades se situa en 60.<\/p>\n\n\n\n<p class=\"wp-block-paragraph\">Els hospitals valencians tenen, actualment, 658 persones ingressades, 111 d&#8217;elles en l&#8217;UCI: 80 a la prov\u00edncia de Castell\u00f3, 16 en UCI; 182 a la prov\u00edncia d&#8217;Alacant, 29 d&#8217;elles en l&#8217;UCI; i 396 a la prov\u00edncia de Val\u00e8ncia, 66 d&#8217;elles en UCI.<\/p>\n\n\n\n<p class=\"wp-block-paragraph\">D&#8217;altra banda, s&#8217;han registrat huit defuncions en els \u00faltims set dies, per la qual cosa el total de decessos des de l&#8217;inici de la pand\u00e8mia se situa en 7.519: 815 a la prov\u00edncia de Castell\u00f3, 2.861 en la d&#8217;Alacant i 3.843 en la de Val\u00e8ncia.<\/p>\n\n\n\n<p class=\"wp-block-paragraph\">D&#8217;acord amb les dades registrades, en aquests moments hi ha 28.079 casos actius, la qual cosa suposa un 5,80% del total de positius.<\/p>\n\n\n\n<p class=\"wp-block-paragraph\">Dels brots registrats, quatre tenen 10 o m\u00e9s casos associats:<\/p>\n\n\n\n<h4 class=\"wp-block-heading\"><\/h4>\n\n\n\n<ul class=\"wp-block-list\"><li>Alboc\u00e0sser: 10 casos. Origen social<\/li><li>Moixent: 13 casos. Origen social<\/li><li>Vilamarxant: 10 casos. Origen social<\/li><li>Bolbaite: 14 casos. Origen social<\/li><\/ul>\n","protected":false},"excerpt":{"rendered":"<div class=\"mh-excerpt\">Nous contagis: 260 s&#8217;han registrat a la prov\u00edncia de Castell\u00f3, 836 en la d&#8217;Alacant i 1.201 en la de Val\u00e8ncia La Conselleria de Sanitat Universal i Salut P\u00fablica ha notificat 2.297 casos nous de coronavirus <a class=\"mh-excerpt-more\" href=\"https:\/\/tucomarca.whitekongsoftware.com\/ca\/vilamarxant-aporta-10-contagis-als-2-297-nous-casos-de-coronavirus-en-la-comunitat-valenciana\/\" title=\"Vilamarxant aporta 10 contagis als 2.297 nous casos de coronavirus en la Comunitat Valenciana\">[+] <\/a><\/div>\n","protected":false},"author":12,"featured_media":119485,"comment_status":"open","ping_status":"open","sticky":false,"template":"","format":"standard","meta":{"footnotes":""},"categories":[10892,11010,12202,10898,10894,10904,10947,10896,10897,10927],"tags":[12165,11939,11940,13477,13963],"class_list":["post-138914","post","type-post","status-publish","format-standard","has-post-thumbnail","category-camp-de-turia-ca","category-canal-salud","category-covid-19-ca","category-ventana-ca","category-la-comarca-ca","category-sin-categorizar-ca","category-politica","category-seccion-ca","category-sucesos-la-comarca-ca","category-vilamarxant-ca","tag-conselleria-de-sanitat-ca","tag-coronavirus-ca","tag-covid-19-ca","tag-datos-de-contagios-ca","tag-vacunacion-ca"],"_links":{"self":[{"href":"https:\/\/tucomarca.whitekongsoftware.com\/ca\/wp-json\/wp\/v2\/posts\/138914","targetHints":{"allow":["GET"]}}],"collection":[{"href":"https:\/\/tucomarca.whitekongsoftware.com\/ca\/wp-json\/wp\/v2\/posts"}],"about":[{"href":"https:\/\/tucomarca.whitekongsoftware.com\/ca\/wp-json\/wp\/v2\/types\/post"}],"author":[{"embeddable":true,"href":"https:\/\/tucomarca.whitekongsoftware.com\/ca\/wp-json\/wp\/v2\/users\/12"}],"replies":[{"embeddable":true,"href":"https:\/\/tucomarca.whitekongsoftware.com\/ca\/wp-json\/wp\/v2\/comments?post=138914"}],"version-history":[{"count":0,"href":"https:\/\/tucomarca.whitekongsoftware.com\/ca\/wp-json\/wp\/v2\/posts\/138914\/revisions"}],"wp:featuredmedia":[{"embeddable":true,"href":"https:\/\/tucomarca.whitekongsoftware.com\/ca\/wp-json\/wp\/v2\/media\/119485"}],"wp:attachment":[{"href":"https:\/\/tucomarca.whitekongsoftware.com\/ca\/wp-json\/wp\/v2\/media?parent=138914"}],"wp:term":[{"taxonomy":"category","embeddable":true,"href":"https:\/\/tucomarca.whitekongsoftware.com\/ca\/wp-json\/wp\/v2\/categories?post=138914"},{"taxonomy":"post_tag","embeddable":true,"href":"https:\/\/tucomarca.whitekongsoftware.com\/ca\/wp-json\/wp\/v2\/tags?post=138914"}],"curies":[{"name":"wp","href":"https:\/\/api.w.org\/{rel}","templated":true}]}}