{"id":138892,"date":"2021-08-05T08:00:00","date_gmt":"2021-08-05T07:00:00","guid":{"rendered":"http:\/\/www.tucomarca.com\/wordpress\/segunda\/?p=138892"},"modified":"2021-08-05T08:02:18","modified_gmt":"2021-08-05T07:02:18","slug":"el-plenari-de-xest-aprova-els-pressupostos-municipals-de-2021","status":"publish","type":"post","link":"https:\/\/tucomarca.whitekongsoftware.com\/ca\/el-plenari-de-xest-aprova-els-pressupostos-municipals-de-2021\/","title":{"rendered":"El plenari de Xest aprova els pressupostos municipals de 2021"},"content":{"rendered":"\n<p class=\"wp-block-paragraph\">El ple extraordinari en el qual l&#8217;equip de Govern de Cheste va presentar els pressupostos municipals 2021, que es van aprovar amb els vots en contra de l&#8217;oposici\u00f3, s&#8217;ha desenvolupat aquest dimarts 3 d&#8217;agost.<\/p>\n\n\n\n<p class=\"wp-block-paragraph\"><strong>Mesures COVID, m\u00e9s personal i inversions<br><\/strong>Tal com va explicar l&#8217;alcalde, Jos\u00e9 Morell, els nous pressupostos aprovats se centraran en tres blocs: afrontar les conseq\u00fc\u00e8ncies de la pand\u00e8mia en la localitat, realitzar inversions per a la millora dels serveis i les instal\u00b7lacions municipals i incrementar la dotaci\u00f3 en les \u00e0rees de personal per a poder executar els projectes del programa de govern.<\/p>\n\n\n\n<p class=\"wp-block-paragraph\">\u201cHem fet un esfor\u00e7 molt gran, hem baixat els impostos i portem 6 anys amb el deute arran de terra. El resultat \u00e9s que en m\u00e0, en capacitat de despesa corrent i d&#8217;inversi\u00f3, aquests s\u00f3n els pressupostos que tenen la quantia m\u00e9s elevada del per\u00edode democr\u00e0tic. Normalment el romanent de tresoreria, que \u00e9s el que podem utilitzar per a inversions, est\u00e0 entre 400.000 i 800.000 euros. Enguany hem aconseguit 3 milions per a dedicar a inversions. La difer\u00e8ncia \u00e9s abismal\u201d, destacava Morell.<\/p>\n\n\n\n<p class=\"wp-block-paragraph\">Per part seua, el regidor de Comprom\u00eds, Jos\u00e9 Vicente Guijarro, va incidir la necessitat de l&#8217;aprovaci\u00f3 dels pressupostos. \u201cEs contemplen inversions per a millorar els serveis i que es beneficie la ciutadania, com ara la reurbanitzaci\u00f3 de carrers i camins ve\u00efnals, la gesti\u00f3 dels residus, millores en els pol\u00edgons industrials o places de nova creaci\u00f3, entre moltes altres. Record a la poblaci\u00f3 que en la web municipal hi ha un acc\u00e9s al portal On van els meus impostos en el qual es pot veure de manera clara com s&#8217;inverteixen els tributs que paguen; est\u00e0 actualitzada fins al primer trimestre d&#8217;enguany\u201d.<\/p>\n\n\n\n<p class=\"wp-block-paragraph\"><strong>Retard en els pressupostos<\/strong><br>\u201cAquests s\u00f3n els pressupostos m\u00e9s elevats en molts anys, \u00e9s impressionant la quantitat de diners que invertirem. En aquest equip de govern ens matem per a aconseguir subvencions i encara en temps de pand\u00e8mia hem anat fent tot el que ten\u00edem previst. Els pressupostos arriben ara perqu\u00e8 en el 2020 vam estar confinats fins a juliol, i en aqueix temps va ser dificil\u00edssim abordar qualsevol q\u00fcesti\u00f3 pressupost\u00e0ria, per\u00f2 ac\u00ed acordem el gruix de la inversi\u00f3 que l&#8217;Ajuntament posava per a donar resposta a la pand\u00e8mia, que era el nostre objectiu. Durant aqueix any vam tindre un virus inform\u00e0tic que ens va deixar sense comptabilitat i tamb\u00e9 ens va retardar la liquidaci\u00f3 i la posterior suspensi\u00f3 de les regles fiscals\u201d, explicava la regidora d&#8217;Esquerra Unida, M\u00aa \u00c1ngeles Llorente.<\/p>\n\n\n\n<p class=\"wp-block-paragraph\">Per part seua, la regidora d&#8217;Hisenda, Tal\u00eda Rosell\u00f3, va posar l&#8217;accent en la dificultat de l&#8217;elaboraci\u00f3 dels pressupostos 2021. \u201c\u00c9s dif\u00edcil posar-se d&#8217;acord en un govern d&#8217;esquerres, en el qual cada regidor coneix les necessitats de les seues \u00e0rees i vol millorar-les; per\u00f2 \u00e9s que a m\u00e9s, quan ens trobem que les regles fiscals s&#8217;havien eliminat i vam veure que compl\u00edem amb tots els criteris per a poder tindre m\u00e9s diners disponibles, no ho dubtem i vam tornar a comen\u00e7ar. L&#8217;elaboraci\u00f3 d&#8217;aquests pressupostos ha sigut un treball molt ardu de molt\u00edssims mesos, done la gr\u00e0cies a tot l&#8217;equip de govern per la col\u00b7laboraci\u00f3 i l&#8217;ajuda i per descomptat a Intervenci\u00f3\u201d, apuntava la regidora d&#8217;Hisenda.<\/p>\n\n\n\n<p class=\"wp-block-paragraph\"><strong>4,7 milions d&#8217;euros en inversions<\/strong>&nbsp;<br>L&#8217;alcalde va desgranar algunes de les inversions m\u00e9s importants que es realitzaran en la poblaci\u00f3, dividides per blocs.<\/p>\n\n\n\n<p class=\"wp-block-paragraph\"><strong>Bloc 1<\/strong>. 600.000 euros per a despeses COVID: contractacions temporals, hores extres i seguretat social. L&#8217;objectiu \u00e9s poder comptar amb personal per a executar el pressupost i disminuir les hores extra. Aquest bloc tamb\u00e9 engloba l&#8217;increment de despesa en la seguretat en els esdeveniments i a l&#8217;escola d&#8217;estiu, aix\u00ed com la compra de m\u00e0scares o la instal\u00b7laci\u00f3 i manteniment de la carpa per a les proves PCR que est\u00e0 instal\u00b7lada al costat de l&#8217;ambulatori.&nbsp;<br><strong>Bloc 2<\/strong>. Increment en la partida de comer\u00e7 per a fomentar el consum local. Consultoria per a sol\u00b7licitar fons europeus destinats a la recuperaci\u00f3 de la crisi de la Covid.<br><strong>Bloc 3<\/strong>. 100.000 euros per a la reparaci\u00f3 i l&#8217;asfaltat de camins rurals.<br><strong>Bloc 4<\/strong>. Millora de les zones verdes de Cheste: actuacions al parc de la Lomiquia i adquisici\u00f3 de maquin\u00e0ria de jardineria. 60.000 euros per a la millora dels parcs infantils de la localitat.<br><strong>Bloc 5<\/strong>. Pagament de les subvencions a les entitats locals i de les expropiacions de terrenys necess\u00e0ries per a poder continuar amb el projecte de la macrodepuradora.&nbsp;<br><strong>Bloc 6<\/strong>. 450.000 euros en la millora de les infraestructures esportives: canviar la gespa del camp de futbol La Vinya, reformar els seus vestuaris i crear dues noves pistes de tennis en el poliesportiu.<br><strong>Bloc 7<\/strong>. Accions ambientals. 125.000 euros en il\u00b7luminaci\u00f3 sostenible i neteja d&#8217;abocaments incontrolats.<br><strong>Bloc 8<\/strong>. Millora del parc m\u00f2bil de l&#8217;Ajuntament: 100.000 euros per a l&#8217;adquisici\u00f3 d&#8217;un tractor i dues furgonetes, una d&#8217;elles el\u00e8ctrica; un remolc, un cotxe per a la Policia Local i un cotxe per a Protecci\u00f3 Civil.<br><strong>Bloc 9<\/strong>. Mobilitat. 200.000 euros per a la millora de l&#8217;aparcament del mercat municipal, la creaci\u00f3 noves zones d&#8217;aparcament, la realitzaci\u00f3 d&#8217;un tram del carril bici Cheste-Chiva i un tram m\u00e9s de l&#8217;anell per als vianants que envolta la localitat.<br><strong>Bloc 10<\/strong>. Reurbanitzaci\u00f3 de carrers. S&#8217;invertiran 500.000 euros en la reurbanitzaci\u00f3 dels carrers Teresa d&#8217;\u00c0vila, Espartero, Francisco M\u00e1\u00f1ez, Doctor Navarr\u00e9s i Desemparats. A m\u00e9s, se sumaran 80.000 euros per a realitzar asfaltats.&nbsp;<\/p>\n\n\n\n<p class=\"wp-block-paragraph\">A part d&#8217;aquestes inversions estan contemplades actuacions en el manteniment dels equipaments municipals, com la millora de l&#8217;accessibilitat en l&#8217;edifici de l&#8217;ajuntament, la instal\u00b7laci\u00f3 de l&#8217;aire condicionat en el Teatre Liceu, actuacions en el cementeri i millores en mat\u00e8ria de seguretat en l&#8217;arxiu municipal, entre altres.<\/p>\n\n\n\n<p class=\"wp-block-paragraph\"><strong>Casa Valterra<\/strong><br>Tal com va explicar Morell, els pressupostos contemplen 1 mili\u00f3 d&#8217;euros per a poder traure a licitaci\u00f3 l&#8217;obres de la casa Valterra durant l&#8217;\u00faltim trimestre de l&#8217;any, encara que es gastaran en 2022 quan s&#8217;executen.<\/p>\n","protected":false},"excerpt":{"rendered":"<div class=\"mh-excerpt\">El ple extraordinari en el qual l&#8217;equip de Govern de Cheste va presentar els pressupostos municipals 2021, que es van aprovar amb els vots en contra de l&#8217;oposici\u00f3, s&#8217;ha desenvolupat aquest dimarts 3 d&#8217;agost. Mesures <a class=\"mh-excerpt-more\" href=\"https:\/\/tucomarca.whitekongsoftware.com\/ca\/el-plenari-de-xest-aprova-els-pressupostos-municipals-de-2021\/\" title=\"El plenari de Xest aprova els pressupostos municipals de 2021\">[+] <\/a><\/div>\n","protected":false},"author":12,"featured_media":122754,"comment_status":"open","ping_status":"open","sticky":false,"template":"","format":"standard","meta":{"footnotes":""},"categories":[12202,10894,10904,10912,10947,10896,10974],"tags":[11071,10914],"class_list":["post-138892","post","type-post","status-publish","format-standard","has-post-thumbnail","category-covid-19-ca","category-la-comarca-ca","category-sin-categorizar-ca","category-la-hoya-ca","category-politica","category-seccion-ca","category-cheste-ca","tag-cheste","tag-la-hoya-de-bunol-chiva-ca"],"_links":{"self":[{"href":"https:\/\/tucomarca.whitekongsoftware.com\/ca\/wp-json\/wp\/v2\/posts\/138892","targetHints":{"allow":["GET"]}}],"collection":[{"href":"https:\/\/tucomarca.whitekongsoftware.com\/ca\/wp-json\/wp\/v2\/posts"}],"about":[{"href":"https:\/\/tucomarca.whitekongsoftware.com\/ca\/wp-json\/wp\/v2\/types\/post"}],"author":[{"embeddable":true,"href":"https:\/\/tucomarca.whitekongsoftware.com\/ca\/wp-json\/wp\/v2\/users\/12"}],"replies":[{"embeddable":true,"href":"https:\/\/tucomarca.whitekongsoftware.com\/ca\/wp-json\/wp\/v2\/comments?post=138892"}],"version-history":[{"count":0,"href":"https:\/\/tucomarca.whitekongsoftware.com\/ca\/wp-json\/wp\/v2\/posts\/138892\/revisions"}],"wp:featuredmedia":[{"embeddable":true,"href":"https:\/\/tucomarca.whitekongsoftware.com\/ca\/wp-json\/wp\/v2\/media\/122754"}],"wp:attachment":[{"href":"https:\/\/tucomarca.whitekongsoftware.com\/ca\/wp-json\/wp\/v2\/media?parent=138892"}],"wp:term":[{"taxonomy":"category","embeddable":true,"href":"https:\/\/tucomarca.whitekongsoftware.com\/ca\/wp-json\/wp\/v2\/categories?post=138892"},{"taxonomy":"post_tag","embeddable":true,"href":"https:\/\/tucomarca.whitekongsoftware.com\/ca\/wp-json\/wp\/v2\/tags?post=138892"}],"curies":[{"name":"wp","href":"https:\/\/api.w.org\/{rel}","templated":true}]}}