{"id":138735,"date":"2021-08-03T13:05:00","date_gmt":"2021-08-03T12:05:00","guid":{"rendered":"http:\/\/www.tucomarca.com\/wordpress\/segunda\/?p=138735"},"modified":"2021-08-03T20:58:20","modified_gmt":"2021-08-03T19:58:20","slug":"la-guardia-civil-ha-detingut-a-un-home-per-presumpte-abus-sexual-a-una-jove-resident-en-el-terme-municipal-de-xiva","status":"publish","type":"post","link":"https:\/\/tucomarca.whitekongsoftware.com\/ca\/la-guardia-civil-ha-detingut-a-un-home-per-presumpte-abus-sexual-a-una-jove-resident-en-el-terme-municipal-de-xiva\/","title":{"rendered":"La Gu\u00e0rdia Civil ha detingut a un home per presumpte ab\u00fas sexual a una jove resident en el terme municipal de Xiva"},"content":{"rendered":"\n<h4 class=\"wp-block-heading\">La Gu\u00e0rdia Civil de Xiva ha procedit a la detenci\u00f3 d&#8217;un home per un delicte d&#8217;ab\u00fas sexual\u00a0<\/h4>\n\n\n\n<p class=\"wp-block-paragraph\">La Gu\u00e0rdia Civil de  Xiva ha procedit a la detenci\u00f3 d&#8217;un home, com a presumpte autor d&#8217;un delicte d&#8217;ab\u00fas sexual a una jove en el terme municipal d&#8217;aquesta localitat.<\/p>\n\n\n\n<p class=\"wp-block-paragraph\">Les investigacions es van iniciar per part dels agents en tindre coneixement d&#8217;un fet ocorregut a mitjan mes de Juliol, en el qual un home hauria com\u00e9s un suposat delicte d&#8217;ab\u00fas sexual sobre una dona, sent denunciats els fets en les depend\u00e8ncies de la Gu\u00e0rdia Civil de Xiva.<\/p>\n\n\n\n<p class=\"wp-block-paragraph\">La v\u00edctima en la seua compareixen\u00e7a davant els agents va declarar que mentre es trobava en un parc de la localitat, l&#8217;autor dels fets que en aqueix moment estava amagat despr\u00e9s d&#8217;uns arbustos, va eixir despr\u00e9s d&#8217;ella realitzant-li tocaments i fugint del lloc precipitadament. La jove va poder recon\u00e9ixer al seu agressor posteriorment.&nbsp;<\/p>\n\n\n\n<p class=\"wp-block-paragraph\">L&#8217;autor dels fets i posteriorment detingut, comptava amb antecedents per fets similars als descrits, arribant a haver ocorregut en alguna ocasi\u00f3 amb menors d&#8217;edat.&nbsp;<\/p>\n\n\n\n<p class=\"wp-block-paragraph\"><strong>Fase d&#8217;explotaci\u00f3<\/strong><\/p>\n\n\n\n<p class=\"wp-block-paragraph\">Despr\u00e9s de l&#8217;estudi i an\u00e0lisi de la informaci\u00f3 recaptada, es va iniciar una investigaci\u00f3 per part de components de la Gu\u00e0rdia Civil de Chiva, els qui van establir un dispositiu operatiu per a intentar localitzar a l&#8217;autor, ja que aquest no t\u00e9 domicili fix.\u00a0<br>Fruit de les gestions dutes a terme, aix\u00ed com de les perquisicions obtingudes pels agents encarregats del cas, el dia 19 de juliol de 2021, es va desenvolupar la fase d&#8217;explotaci\u00f3 d&#8217;aquest operatiu, sent identificat el presumpte autor de l&#8217;il\u00b7l\u00edcit penal, procedint finalment a la seua localitzaci\u00f3 i detenci\u00f3.<br>Amb aquesta actuaci\u00f3 la Gu\u00e0rdia Civil ha detingut al suposat autor del delicte denunciat un home de 47 anys i nacionalitat colombiana, per un presumpte delicte d&#8217;ab\u00fas sexual.<br>El detingut i dilig\u00e8ncies instru\u00efdes han sigut posats a la disposici\u00f3 del Jutjat de Primera Inst\u00e0ncia i Instrucci\u00f3 n\u00famero 4 de Requena.<\/p>\n\n\n\n<p class=\"wp-block-paragraph\"><\/p>\n","protected":false},"excerpt":{"rendered":"<div class=\"mh-excerpt\">La Gu\u00e0rdia Civil de Xiva ha procedit a la detenci\u00f3 d&#8217;un home per un delicte d&#8217;ab\u00fas sexual\u00a0 La Gu\u00e0rdia Civil de Xiva ha procedit a la detenci\u00f3 d&#8217;un home, com a presumpte autor d&#8217;un delicte <a class=\"mh-excerpt-more\" href=\"https:\/\/tucomarca.whitekongsoftware.com\/ca\/la-guardia-civil-ha-detingut-a-un-home-per-presumpte-abus-sexual-a-una-jove-resident-en-el-terme-municipal-de-xiva\/\" title=\"La Gu\u00e0rdia Civil ha detingut a un home per presumpte ab\u00fas sexual a una jove resident en el terme municipal de Xiva\">[+] <\/a><\/div>\n","protected":false},"author":12,"featured_media":138734,"comment_status":"open","ping_status":"open","sticky":false,"template":"","format":"standard","meta":{"footnotes":""},"categories":[10898,10894,10912,10896,10897,10975],"tags":[15223,11195,11118,13582],"class_list":["post-138735","post","type-post","status-publish","format-standard","has-post-thumbnail","category-ventana-ca","category-la-comarca-ca","category-la-hoya-ca","category-seccion-ca","category-sucesos-la-comarca-ca","category-chiva-ca","tag-abuso-sexual-ca","tag-chiva-ca","tag-guardia-civil-ca","tag-guardia-civil-de-chiva-ca"],"_links":{"self":[{"href":"https:\/\/tucomarca.whitekongsoftware.com\/ca\/wp-json\/wp\/v2\/posts\/138735","targetHints":{"allow":["GET"]}}],"collection":[{"href":"https:\/\/tucomarca.whitekongsoftware.com\/ca\/wp-json\/wp\/v2\/posts"}],"about":[{"href":"https:\/\/tucomarca.whitekongsoftware.com\/ca\/wp-json\/wp\/v2\/types\/post"}],"author":[{"embeddable":true,"href":"https:\/\/tucomarca.whitekongsoftware.com\/ca\/wp-json\/wp\/v2\/users\/12"}],"replies":[{"embeddable":true,"href":"https:\/\/tucomarca.whitekongsoftware.com\/ca\/wp-json\/wp\/v2\/comments?post=138735"}],"version-history":[{"count":0,"href":"https:\/\/tucomarca.whitekongsoftware.com\/ca\/wp-json\/wp\/v2\/posts\/138735\/revisions"}],"wp:featuredmedia":[{"embeddable":true,"href":"https:\/\/tucomarca.whitekongsoftware.com\/ca\/wp-json\/wp\/v2\/media\/138734"}],"wp:attachment":[{"href":"https:\/\/tucomarca.whitekongsoftware.com\/ca\/wp-json\/wp\/v2\/media?parent=138735"}],"wp:term":[{"taxonomy":"category","embeddable":true,"href":"https:\/\/tucomarca.whitekongsoftware.com\/ca\/wp-json\/wp\/v2\/categories?post=138735"},{"taxonomy":"post_tag","embeddable":true,"href":"https:\/\/tucomarca.whitekongsoftware.com\/ca\/wp-json\/wp\/v2\/tags?post=138735"}],"curies":[{"name":"wp","href":"https:\/\/api.w.org\/{rel}","templated":true}]}}