{"id":138727,"date":"2021-08-03T12:55:00","date_gmt":"2021-08-03T11:55:00","guid":{"rendered":"http:\/\/www.tucomarca.com\/wordpress\/segunda\/?p=138727"},"modified":"2021-08-04T17:26:02","modified_gmt":"2021-08-04T16:26:02","slug":"livaj-organitza-el-camp-de-voluntariat-juvenil-darqueologia-el-castillet-de-millares","status":"publish","type":"post","link":"https:\/\/tucomarca.whitekongsoftware.com\/ca\/livaj-organitza-el-camp-de-voluntariat-juvenil-darqueologia-el-castillet-de-millares\/","title":{"rendered":"L&#8217;IVAJ organitza el camp de voluntariat juvenil d&#8217;arqueologia el Castillet de Millares"},"content":{"rendered":"\n<h4 class=\"wp-block-heading\">Un total de 15 joves de 18 a 30 anys han comen\u00e7at el seu voluntariat en la fortalesa isl\u00e0mica\u00a0<\/h4>\n\n\n\n<h4 class=\"wp-block-heading\">El camp compta amb la col\u00b7laboraci\u00f3 de l&#8217;Ajuntament de Millares yest\u00e1 centrat en la hist\u00f2ria i el medi ambient&nbsp;<\/h4>\n\n\n\n<p class=\"wp-block-paragraph\">L&#8217;Institut Valenci\u00e0 de la Joventut (IVAJ), ha organitzat el camp d&#8217;Arqueologia el Castillet de Millares per a joves de 18 a 30 anys, que es desenvolupa de l&#8217;1 al 15 d&#8217;agost dins del programa &#8216;Viu la Solidaritat&#8217;.\u00a0<\/p>\n\n\n\n<p class=\"wp-block-paragraph\">El projecte inclou l&#8217;excavaci\u00f3 en el Castillet de Millares, fortalesa isl\u00e0mica que va ser catalogada B\u00e9 d&#8217;Inter\u00e9s Cultural en 2002, i activitats que tenen com a focus central la hist\u00f2ria i el medi ambient. A m\u00e9s, pret\u00e9n fomentar la participaci\u00f3 activa dels i les habitants del poble amb la col\u00b7laboraci\u00f3 de l&#8217;Ajuntament de Millares.&nbsp;<\/p>\n\n\n\n<p class=\"wp-block-paragraph\">Aix\u00ed mateix, el grup de voluntariat desenvolupa excursions, visites culturals i xarrades; l&#8217;estudi per a l&#8217;obertura d&#8217;una sendera local, din\u00e0miques de grup, activitats esportives, jocs, aix\u00ed com rutes i trobades liter\u00e0ries.&nbsp;<\/p>\n\n\n\n<p class=\"wp-block-paragraph\">Les activitats, que es desenvoluparan durant les vesprades i caps de setmana, estan adaptades a les caracter\u00edstiques de l&#8217;entorn i de les persones participants i s\u00f3n coordinades per un equip format per professionals de l&#8217;animaci\u00f3, sota la responsabilitat de l&#8217;IVAJ, que conviuran i participaran del camp.&nbsp;<\/p>\n\n\n\n<p class=\"wp-block-paragraph\">Els camps de voluntariat ajuden a donar a con\u00e9ixer poblacions com Millares, l&#8217;art rupestre de les quals pertany a l&#8217;Arc Mediterrani de la Pen\u00ednsula Ib\u00e8rica, declarat Patrimoni Mundial per la Unesco en 1998.\u00a0<\/p>\n\n\n\n<p class=\"wp-block-paragraph\">Aquest estiu, dels 8 camps organitzats en la Comunitat Valenciana, tres han sigut d&#8217;Arqueologia: Obradors, a Manises, del 27 juny a l&#8217;11 de juliol; la vila romana El Prat de Viver, del 10 al 23 de juliol, i la fortalesa isl\u00e0mica El Castillet de Millares, de l&#8217;1 al 15 d&#8217;agost.<\/p>\n\n\n\n<p class=\"wp-block-paragraph\"><\/p>\n","protected":false},"excerpt":{"rendered":"<div class=\"mh-excerpt\">Un total de 15 joves de 18 a 30 anys han comen\u00e7at el seu voluntariat en la fortalesa isl\u00e0mica\u00a0 El camp compta amb la col\u00b7laboraci\u00f3 de l&#8217;Ajuntament de Millares yest\u00e1 centrat en la hist\u00f2ria i <a class=\"mh-excerpt-more\" href=\"https:\/\/tucomarca.whitekongsoftware.com\/ca\/livaj-organitza-el-camp-de-voluntariat-juvenil-darqueologia-el-castillet-de-millares\/\" title=\"L&#8217;IVAJ organitza el camp de voluntariat juvenil d&#8217;arqueologia el Castillet de Millares\">[+] <\/a><\/div>\n","protected":false},"author":12,"featured_media":138726,"comment_status":"open","ping_status":"open","sticky":false,"template":"","format":"standard","meta":{"footnotes":""},"categories":[10898,10948,10963,10894,10903,10970,11007,10896],"tags":[15218,12014,15221,15219,11726],"class_list":["post-138727","post","type-post","status-publish","format-standard","has-post-thumbnail","category-ventana-ca","category-infraestructuras-ca","category-la-canal-de-navarres-ca","category-la-comarca-ca","category-medio-ambiente-la-comarca-ca","category-millares-ca","category-ocio-y-cultura-ca","category-seccion-ca","tag-arqueologia-el-castillet-de-millares-ca","tag-ayuntamiento-de-millares-ca","tag-campo-de-voluntariado-ca","tag-institut-valencia-de-la-joventut-ca","tag-ivaj-ca"],"_links":{"self":[{"href":"https:\/\/tucomarca.whitekongsoftware.com\/ca\/wp-json\/wp\/v2\/posts\/138727","targetHints":{"allow":["GET"]}}],"collection":[{"href":"https:\/\/tucomarca.whitekongsoftware.com\/ca\/wp-json\/wp\/v2\/posts"}],"about":[{"href":"https:\/\/tucomarca.whitekongsoftware.com\/ca\/wp-json\/wp\/v2\/types\/post"}],"author":[{"embeddable":true,"href":"https:\/\/tucomarca.whitekongsoftware.com\/ca\/wp-json\/wp\/v2\/users\/12"}],"replies":[{"embeddable":true,"href":"https:\/\/tucomarca.whitekongsoftware.com\/ca\/wp-json\/wp\/v2\/comments?post=138727"}],"version-history":[{"count":0,"href":"https:\/\/tucomarca.whitekongsoftware.com\/ca\/wp-json\/wp\/v2\/posts\/138727\/revisions"}],"wp:featuredmedia":[{"embeddable":true,"href":"https:\/\/tucomarca.whitekongsoftware.com\/ca\/wp-json\/wp\/v2\/media\/138726"}],"wp:attachment":[{"href":"https:\/\/tucomarca.whitekongsoftware.com\/ca\/wp-json\/wp\/v2\/media?parent=138727"}],"wp:term":[{"taxonomy":"category","embeddable":true,"href":"https:\/\/tucomarca.whitekongsoftware.com\/ca\/wp-json\/wp\/v2\/categories?post=138727"},{"taxonomy":"post_tag","embeddable":true,"href":"https:\/\/tucomarca.whitekongsoftware.com\/ca\/wp-json\/wp\/v2\/tags?post=138727"}],"curies":[{"name":"wp","href":"https:\/\/api.w.org\/{rel}","templated":true}]}}