{"id":138705,"date":"2021-08-01T13:00:00","date_gmt":"2021-08-01T12:00:00","guid":{"rendered":"http:\/\/www.tucomarca.com\/wordpress\/segunda\/?p=138705"},"modified":"2021-08-02T09:06:24","modified_gmt":"2021-08-02T08:06:24","slug":"perez-garijo-ret-homenatge-a-27-persones-de-la-comarca-de-la-ribera-alta-victimes-de-lholocaust","status":"publish","type":"post","link":"https:\/\/tucomarca.whitekongsoftware.com\/ca\/perez-garijo-ret-homenatge-a-27-persones-de-la-comarca-de-la-ribera-alta-victimes-de-lholocaust\/","title":{"rendered":"P\u00e9rez Garijo ret homenatge a 27 persones de la comarca de la Ribera Alta v\u00edctimes de l&#8217;Holocaust"},"content":{"rendered":"\n<h4 class=\"wp-block-heading\"><strong>La consellera de Qualitat Democr\u00e0tica ha destacat que &#8220;amb aquest acte superem les 200 rajoles, que es col\u00b7locaran en llocs visibles dels municipis&#8221;<\/strong><\/h4>\n\n\n\n<h4 class=\"wp-block-heading\"><strong>Rosa P\u00e9rez Garijo ha lliurat els &#8216;Taulells de la Mem\u00f2ria&#8217; a familiars i representants de les diferents localitats de la comarca<\/strong>&nbsp;<\/h4>\n\n\n\n<p class=\"wp-block-paragraph\">La Conselleria de Participaci\u00f3, Transpar\u00e8ncia, Cooperaci\u00f3 i Qualitat Democr\u00e0tica continua amb el projecte &#8216;Construint Mem\u00f2ria&#8217;, amb l&#8217;homenatge a 27 persones de la comarca de la Ribera Alta, v\u00edctimes de l&#8217;Holocaust per defensar la llibertat i els valors democr\u00e0tics. Un acte en el qual han participat la consellera i l&#8217;alcalde de Castell\u00f3, \u00d2scar Noguera.&nbsp;<br><br>La cerim\u00f2nia tamb\u00e9 ha comptat amb la pres\u00e8ncia del director general de Qualitat Democr\u00e0tica, I\u00f1aki P\u00e9rez Rico, a m\u00e9s de representants de familiars de les v\u00edctimes dels camps de concentraci\u00f3 nazis, entitats memorialistes, i regidors i regidores de les diferents corporacions municipals de la comarca.&nbsp;<br><br>Durant l&#8217;acte, celebrat a l&#8217;Auditori Municipal Rex de Castell\u00f3, la consellera P\u00e9rez Garijo ha lliurat a representants dels ajuntaments de les localitats de proced\u00e8ncia dels 27 homenatjats els &#8216;Taulells de la Mem\u00f2ria&#8217;, corresponents al projecte &#8216;Construint Mem\u00f2ria&#8217; perqu\u00e8 es col\u00b7loquen en un lloc visible d&#8217;aquests municipis.&nbsp;<br><br>P\u00e9rez Garijo ha assenyalat que amb l&#8217;acte d&#8217;aquest dimecres &#8220;superem les 200 rajoles lliurades als ajuntaments amb els noms i cognoms dels valencians i valencianes que van patir aquell horror; i ho fem 76 anys despr\u00e9s de l&#8217;alliberament d&#8217;uns camps d&#8217;on la majoria no va poder eixir mai&#8221;.&nbsp;<br><br>La consellera de Qualitat Democr\u00e0tica ha afirmat que &#8220;76 anys s\u00f3n tota una vida, i \u00e9s tota una vida la que hem hagut d&#8217;esperar perqu\u00e8 reben aquest reconeixement, un homenatge en el qual cap de les v\u00edctimes ha pogut estar&#8221;.&nbsp;<br><br>Durant la seua intervenci\u00f3, P\u00e9rez Garijo ha recordat l&#8217;\u00faltim supervivent que va morir fa dos anys i mig, un mes abans de complir els 100 anys, Francisco Aura, a m\u00e9s de pronunciar el nom de totes les v\u00edctimes homenatjades de la comarca de la Ribera, &#8220;de les que nom\u00e9s 11 d&#8217;elles van poder gaudir de nou de la llibertat i 16 van morir en aquell infern&#8221;, ha ressaltat.&nbsp;<br><br>La consellera de Qualitat Democr\u00e0tica ha afirmat que &#8220;com deia la pancarta que penjava al mur del camp el dia de l&#8217;alliberament de Mauthausen, eren antifeixistes i molts van pagar amb la seua vida el comprom\u00eds assumit anys abans de no permetre que la tirania, l&#8217;explotaci\u00f3 i el terror es feren els amos de el m\u00f3n&#8221;.&nbsp;<br><br>En aquest sentit, P\u00e9rez Garijo ha subratllat que &#8220;no podem oblidar mai que van lluitar per la llibertat que hui gaudim&#8221;, al que ha afegit que &#8220;tenim un deute amb ells, el deute del reconeixement al seu sacrifici; per aix\u00f2, amb l&#8217;homenatge de hui fem just\u00edcia a la seua mem\u00f2ria i fem les nostres unes biografies que s\u00f3n aut\u00e8ntiques lli\u00e7ons de vida&#8221;.&nbsp;<br><br>Aquest dimecres s&#8217;ha homenatjat Vicente Vila Cuenca, d&#8217;Alberic, Manuel Nebot Navarro i Benedicto Vall\u00e9s Donet, de l&#8217;Alc\u00fadia, Avelino Abril Escudero, Francisco Boluda D\u00edez, Agust\u00edn Flores Iborra, Jos\u00e9 Mar\u00eda Fuentes Mascarell, Bernardo Lair\u00f3n Hidalgo, Francisco Peris, Ferm\u00edn Rom\u00e1n Hern\u00e1ndez i Rafael Sivera Escriv\u00e0, d&#8217;Alzira, Francisco Soler Alcoi, Ram\u00f3n Cogollos Giner, Eduardo Giner Ferrer, Joaqu\u00edn Olaso Piera, Bautista Pelluch Canet i Manuel T\u00e9rmens Bris, de Carcaixent, Bernardo Primo Herv\u00e0s, de Carlet, Eduardo Ribes Cruz i Ram\u00f3n Moya Torres, de Guadassuar, Enrique Ram\u00f3n Albergals, de Massalav\u00e9s, Juan Meseguer Gald\u00f3, de Tous, Vicente Vidrier Gim\u00e9nez, de Tor\u00eds, i Antonio Franc\u00e9s Peris, Eliseo Mart\u00ed Torregrossa, Salvador Sans Garc\u00eda i Jos\u00e9 V\u00edctor Mic\u00f3, de Castell\u00f3.<\/p>\n\n\n\n<p class=\"wp-block-paragraph\"><\/p>\n","protected":false},"excerpt":{"rendered":"<div class=\"mh-excerpt\">La consellera de Qualitat Democr\u00e0tica ha destacat que &#8220;amb aquest acte superem les 200 rajoles, que es col\u00b7locaran en llocs visibles dels municipis&#8221; Rosa P\u00e9rez Garijo ha lliurat els &#8216;Taulells de la Mem\u00f2ria&#8217; a familiars <a class=\"mh-excerpt-more\" href=\"https:\/\/tucomarca.whitekongsoftware.com\/ca\/perez-garijo-ret-homenatge-a-27-persones-de-la-comarca-de-la-ribera-alta-victimes-de-lholocaust\/\" title=\"P\u00e9rez Garijo ret homenatge a 27 persones de la comarca de la Ribera Alta v\u00edctimes de l&#8217;Holocaust\">[+] <\/a><\/div>\n","protected":false},"author":12,"featured_media":138703,"comment_status":"open","ping_status":"open","sticky":false,"template":"","format":"standard","meta":{"footnotes":""},"categories":[10982,10889,10994,10948,10995,10894,10902,10947,10896,11048,11047,11052],"tags":[15214,11356,14396,15215,13678],"class_list":["post-138705","post","type-post","status-publish","format-standard","has-post-thumbnail","category-alfarp-ca","category-alzira-cat","category-guadassuar-ca","category-infraestructuras-ca","category-lalcudia-ca","category-la-comarca-ca","category-la-ribera-ca","category-politica","category-seccion-ca","category-tous-ca","category-turis-ca","category-villanueva-de-castellon-ca","tag-consellera-de-calidad-democratica-ca","tag-ribera-alta-ca","tag-rosa-perez-garijo-ca","tag-taulells-de-la-memoria-ca","tag-victimas-del-holocausto-ca"],"_links":{"self":[{"href":"https:\/\/tucomarca.whitekongsoftware.com\/ca\/wp-json\/wp\/v2\/posts\/138705","targetHints":{"allow":["GET"]}}],"collection":[{"href":"https:\/\/tucomarca.whitekongsoftware.com\/ca\/wp-json\/wp\/v2\/posts"}],"about":[{"href":"https:\/\/tucomarca.whitekongsoftware.com\/ca\/wp-json\/wp\/v2\/types\/post"}],"author":[{"embeddable":true,"href":"https:\/\/tucomarca.whitekongsoftware.com\/ca\/wp-json\/wp\/v2\/users\/12"}],"replies":[{"embeddable":true,"href":"https:\/\/tucomarca.whitekongsoftware.com\/ca\/wp-json\/wp\/v2\/comments?post=138705"}],"version-history":[{"count":0,"href":"https:\/\/tucomarca.whitekongsoftware.com\/ca\/wp-json\/wp\/v2\/posts\/138705\/revisions"}],"wp:featuredmedia":[{"embeddable":true,"href":"https:\/\/tucomarca.whitekongsoftware.com\/ca\/wp-json\/wp\/v2\/media\/138703"}],"wp:attachment":[{"href":"https:\/\/tucomarca.whitekongsoftware.com\/ca\/wp-json\/wp\/v2\/media?parent=138705"}],"wp:term":[{"taxonomy":"category","embeddable":true,"href":"https:\/\/tucomarca.whitekongsoftware.com\/ca\/wp-json\/wp\/v2\/categories?post=138705"},{"taxonomy":"post_tag","embeddable":true,"href":"https:\/\/tucomarca.whitekongsoftware.com\/ca\/wp-json\/wp\/v2\/tags?post=138705"}],"curies":[{"name":"wp","href":"https:\/\/api.w.org\/{rel}","templated":true}]}}