{"id":138616,"date":"2021-07-31T12:06:00","date_gmt":"2021-07-31T11:06:00","guid":{"rendered":"http:\/\/www.tucomarca.com\/wordpress\/segunda\/?p=138616"},"modified":"2021-07-31T13:23:45","modified_gmt":"2021-07-31T12:23:45","slug":"la-acyeb-en-collaboracio-amb-lajuntament-de-bunol-i-unio-gemial-impulsen-la-iniciativa-ninots-per-a-visibilitzar-els-negocis-locals","status":"publish","type":"post","link":"https:\/\/tucomarca.whitekongsoftware.com\/ca\/la-acyeb-en-collaboracio-amb-lajuntament-de-bunol-i-unio-gemial-impulsen-la-iniciativa-ninots-per-a-visibilitzar-els-negocis-locals\/","title":{"rendered":"La ACyEB en col\u00b7laboraci\u00f3 amb l&#8217;Ajuntament de Bu\u00f1ol i Uni\u00f3 Gemial impulsen la iniciativa &#8220;Ninots&#8221; per a visibilitzar els negocis locals"},"content":{"rendered":"\n<figure class=\"wp-block-image size-large\"><img loading=\"lazy\" decoding=\"async\" width=\"787\" height=\"520\" src=\"http:\/\/www.tucomarca.com\/wordpress\/segunda\/wp-content\/uploads\/2021\/07\/BunolComerciantesNinot2.jpg\" alt=\"\" class=\"wp-image-138613\" srcset=\"https:\/\/tucomarca.whitekongsoftware.com\/wp-content\/uploads\/2021\/07\/BunolComerciantesNinot2.jpg 787w, https:\/\/tucomarca.whitekongsoftware.com\/wp-content\/uploads\/2021\/07\/BunolComerciantesNinot2-300x198.jpg 300w, https:\/\/tucomarca.whitekongsoftware.com\/wp-content\/uploads\/2021\/07\/BunolComerciantesNinot2-768x507.jpg 768w\" sizes=\"auto, (max-width: 787px) 100vw, 787px\" \/><\/figure>\n\n\n\n<p class=\"wp-block-paragraph\">L&#8217;Associaci\u00f3 d&#8217;Empresaris i Aut\u00f2noms de Bu\u00f1ol i comarca, en col\u00b7laboraci\u00f3 amb \u00e0rea de Comer\u00e7 de l&#8217;Ajuntament de Bu\u00f1ol i Uni\u00f3 Gremial continuen impulsant iniciatives per a visibilitzar els negocis locals i donar suport a l&#8217;activitat comercial i de serveis, tan necessitades en aquests temps de Covid, en tot el territori i tamb\u00e9 a la nostra comarca. Activitat que no sols genera riquesa i ocupaci\u00f3 local, sin\u00f3 que fixa poblaci\u00f3 i d\u00f3na un servei pr\u00f2xim i de qualitat.&nbsp;<\/p>\n\n\n\n<p class=\"wp-block-paragraph\">Aquesta nova campanya es basa en l&#8217;elaboraci\u00f3 d&#8217;uns \u201cninots\u201d d&#8217;imatges amb frases t\u00edpiques del xicotet comer\u00e7. Personatges amb dissenys i colors divertits i alegres, fent la compra al poble, en locals pr\u00f2xims on el client se sent segur, amb confian\u00e7a i amb el tracte personalitzat que sempre ofereixen els professionals d&#8217;aquests sectors.&nbsp;<\/p>\n\n\n\n<p class=\"wp-block-paragraph\">La junta directiva de l&#8217;Associaci\u00f3 ha confiat, per a elaborar aquesta campanya, en els artistes Antonio L\u00f3pez \u201cToni L\u00f3pez Art\u201d i Ra\u00fal Mart\u00ednez, de l&#8217;empresa \u201cValua\u201d, desenvolupada a partir de la iniciativa de suport als artistes fallers Regala un Ninot, per la gran confian\u00e7a depositada en ells, en el seu bon fer en anteriors treballs.Aquesta campanya secunda i visibilitza al sector dels artistes fallers i demostra la gran capacitat d&#8217;aquest ofici en \u00e0mbits m\u00e9s enll\u00e0 de la realitzaci\u00f3 de Falles com a intervencions d&#8217;art urb\u00e0, tematitzacions i tot tipus de projectes art\u00edstics. <\/p>\n\n\n\n<p class=\"wp-block-paragraph\">Amb aquesta iniciativa, l&#8217;Associaci\u00f3, al costat de l&#8217;\u00e0rea de Comer\u00e7 de l&#8217;Ajuntament de Bu\u00f1ol, impulsada per l&#8217;Alcaldessa Juncal Carrascosa, confia en aquests professionals en un moment en qu\u00e8 necessiten m\u00e9s ajuda i suport que mai.<\/p>\n\n\n\n<p class=\"wp-block-paragraph\">&#8220;En la visita al taller faller on s&#8217;ultimen els personatges que compondran aquesta campanya, hem comptat amb la inestimable pres\u00e8ncia de l&#8217;Alcaldessa de Bu\u00f1ol i del president d&#8217;Uni\u00f3 Gremial, Juan Motilla, als quals agra\u00efm la seua gran ajuda en aquesta campanya que aspira a ser subvencionada per la Conselleria de Comer\u00e7 de la Generalitat Valenciana&#8221;, informen els impulsors.<\/p>\n\n\n\n<p class=\"wp-block-paragraph\">Des de l&#8217;associaci\u00f3 s&#8217;espera que siga del grat de tots i que se s\u00e0pia valorar l&#8217;esfor\u00e7 dels artistes i l&#8217;originalitat de l&#8217;esdeveniment.<\/p>\n","protected":false},"excerpt":{"rendered":"<div class=\"mh-excerpt\">L&#8217;Associaci\u00f3 d&#8217;Empresaris i Aut\u00f2noms de Bu\u00f1ol i comarca, en col\u00b7laboraci\u00f3 amb \u00e0rea de Comer\u00e7 de l&#8217;Ajuntament de Bu\u00f1ol i Uni\u00f3 Gremial continuen impulsant iniciatives per a visibilitzar els negocis locals i donar suport a l&#8217;activitat <a class=\"mh-excerpt-more\" href=\"https:\/\/tucomarca.whitekongsoftware.com\/ca\/la-acyeb-en-collaboracio-amb-lajuntament-de-bunol-i-unio-gemial-impulsen-la-iniciativa-ninots-per-a-visibilitzar-els-negocis-locals\/\" title=\"La ACyEB en col\u00b7laboraci\u00f3 amb l&#8217;Ajuntament de Bu\u00f1ol i Uni\u00f3 Gemial impulsen la iniciativa &#8220;Ninots&#8221; per a visibilitzar els negocis locals\">[+] <\/a><\/div>\n","protected":false},"author":12,"featured_media":138612,"comment_status":"open","ping_status":"open","sticky":false,"template":"","format":"standard","meta":{"footnotes":""},"categories":[10911,10948,10894,10912,10896],"tags":[12189,11158,10914,15198,15199,15200],"class_list":["post-138616","post","type-post","status-publish","format-standard","has-post-thumbnail","category-bunol-ca","category-infraestructuras-ca","category-la-comarca-ca","category-la-hoya-ca","category-seccion-ca","tag-asociacion-de-comerciantes-de-bunol-ca","tag-ayuntamiento-de-bunol-ca","tag-la-hoya-de-bunol-chiva-ca","tag-toni-lopez-art-ca","tag-union-gremial-ca","tag-valua-ca"],"_links":{"self":[{"href":"https:\/\/tucomarca.whitekongsoftware.com\/ca\/wp-json\/wp\/v2\/posts\/138616","targetHints":{"allow":["GET"]}}],"collection":[{"href":"https:\/\/tucomarca.whitekongsoftware.com\/ca\/wp-json\/wp\/v2\/posts"}],"about":[{"href":"https:\/\/tucomarca.whitekongsoftware.com\/ca\/wp-json\/wp\/v2\/types\/post"}],"author":[{"embeddable":true,"href":"https:\/\/tucomarca.whitekongsoftware.com\/ca\/wp-json\/wp\/v2\/users\/12"}],"replies":[{"embeddable":true,"href":"https:\/\/tucomarca.whitekongsoftware.com\/ca\/wp-json\/wp\/v2\/comments?post=138616"}],"version-history":[{"count":0,"href":"https:\/\/tucomarca.whitekongsoftware.com\/ca\/wp-json\/wp\/v2\/posts\/138616\/revisions"}],"wp:featuredmedia":[{"embeddable":true,"href":"https:\/\/tucomarca.whitekongsoftware.com\/ca\/wp-json\/wp\/v2\/media\/138612"}],"wp:attachment":[{"href":"https:\/\/tucomarca.whitekongsoftware.com\/ca\/wp-json\/wp\/v2\/media?parent=138616"}],"wp:term":[{"taxonomy":"category","embeddable":true,"href":"https:\/\/tucomarca.whitekongsoftware.com\/ca\/wp-json\/wp\/v2\/categories?post=138616"},{"taxonomy":"post_tag","embeddable":true,"href":"https:\/\/tucomarca.whitekongsoftware.com\/ca\/wp-json\/wp\/v2\/tags?post=138616"}],"curies":[{"name":"wp","href":"https:\/\/api.w.org\/{rel}","templated":true}]}}