{"id":138547,"date":"2021-07-28T10:04:00","date_gmt":"2021-07-28T09:04:00","guid":{"rendered":"http:\/\/www.tucomarca.com\/wordpress\/segunda\/?p=138547"},"modified":"2021-07-28T20:45:49","modified_gmt":"2021-07-28T19:45:49","slug":"lajuntament-de-benaguasil-llanca-el-programa-estiu-viu-amb-diverses-activitats-per-a-les-families-durant-el-mes-dagost","status":"publish","type":"post","link":"https:\/\/tucomarca.whitekongsoftware.com\/ca\/lajuntament-de-benaguasil-llanca-el-programa-estiu-viu-amb-diverses-activitats-per-a-les-families-durant-el-mes-dagost\/","title":{"rendered":"L&#8217;Ajuntament de Benaguasil llan\u00e7a el programa Estiu Viu amb diverses activitats per a les fam\u00edlies durant el mes d&#8217;agost"},"content":{"rendered":"\n<h4 class=\"wp-block-heading\">La regidora Ana Aleixandre reafirma el comprom\u00eds del Govern Municipal amb una programaci\u00f3 estival pensada per als m\u00e9s xicotets de la casa<\/h4>\n\n\n\n<figure class=\"wp-block-image size-large\"><img loading=\"lazy\" decoding=\"async\" width=\"695\" height=\"984\" src=\"http:\/\/www.tucomarca.com\/wordpress\/segunda\/wp-content\/uploads\/2021\/07\/BenaguasilEstiuViu.jpg\" alt=\"\" class=\"wp-image-138542\" srcset=\"https:\/\/tucomarca.whitekongsoftware.com\/wp-content\/uploads\/2021\/07\/BenaguasilEstiuViu.jpg 695w, https:\/\/tucomarca.whitekongsoftware.com\/wp-content\/uploads\/2021\/07\/BenaguasilEstiuViu-212x300.jpg 212w\" sizes=\"auto, (max-width: 695px) 100vw, 695px\" \/><\/figure>\n\n\n\n<p class=\"wp-block-paragraph\">L&#8217;Ajuntament ha llan\u00e7at una programaci\u00f3 amb diverses activitats centrades en l&#8217;oci per a les fam\u00edlies i els m\u00e9s xicotets.<br>Divendres que ve 30 de juliol est\u00e0 prevista l&#8217;actuaci\u00f3 de la Uni\u00f3 Musical de Benaguasil en el p\u00e0rquing del Centre Multifuncional BClub i el 31de juliol l&#8217;actuaci\u00f3 de l&#8217;humorista i monologista Miki Dkai en l&#8217;Avinguda de Montiel.<br>Tamb\u00e9 estan previstes actuacions infantils tots els dissabtes i diumenges del mes d&#8217;agost a les 20.00 en l&#8217;Avinguda de Montiel i la amenizaci\u00f3n musical les nits del dissabte.<br>Per a la regidora de Joventut i Festes Ana Aleixandre \u201cles fam\u00edlies de Benaguasil continuen sent el m\u00e9s important per a nosaltres i encara que s\u00f3n moments en els quals la responsabilitat personal per a lluitar contra el COVID ha de prevaldre, no volem renunciar a una programaci\u00f3 pensada fonamentalment per als m\u00e9s xicotets de la casa\u201d.<br>Des del consistori s&#8217;est\u00e0 treballant en la realitzaci\u00f3 de totes les activitats controlant l&#8217;aforament, control de temperatura i amb seients situats amb la suficient dist\u00e0ncia de seguretat.<\/p>\n","protected":false},"excerpt":{"rendered":"<div class=\"mh-excerpt\">La regidora Ana Aleixandre reafirma el comprom\u00eds del Govern Municipal amb una programaci\u00f3 estival pensada per als m\u00e9s xicotets de la casa L&#8217;Ajuntament ha llan\u00e7at una programaci\u00f3 amb diverses activitats centrades en l&#8217;oci per a <a class=\"mh-excerpt-more\" href=\"https:\/\/tucomarca.whitekongsoftware.com\/ca\/lajuntament-de-benaguasil-llanca-el-programa-estiu-viu-amb-diverses-activitats-per-a-les-families-durant-el-mes-dagost\/\" title=\"L&#8217;Ajuntament de Benaguasil llan\u00e7a el programa Estiu Viu amb diverses activitats per a les fam\u00edlies durant el mes d&#8217;agost\">[+] <\/a><\/div>\n","protected":false},"author":12,"featured_media":138545,"comment_status":"open","ping_status":"open","sticky":false,"template":"","format":"standard","meta":{"footnotes":""},"categories":[10952,10892,10948,10894,11007,10947,10896],"tags":[11136,10899,15179],"class_list":["post-138547","post","type-post","status-publish","format-standard","has-post-thumbnail","category-benaguasil-ca","category-camp-de-turia-ca","category-infraestructuras-ca","category-la-comarca-ca","category-ocio-y-cultura-ca","category-politica","category-seccion-ca","tag-benaguasil-ca","tag-camp-de-turia-ca","tag-estiu-viu-ca"],"_links":{"self":[{"href":"https:\/\/tucomarca.whitekongsoftware.com\/ca\/wp-json\/wp\/v2\/posts\/138547","targetHints":{"allow":["GET"]}}],"collection":[{"href":"https:\/\/tucomarca.whitekongsoftware.com\/ca\/wp-json\/wp\/v2\/posts"}],"about":[{"href":"https:\/\/tucomarca.whitekongsoftware.com\/ca\/wp-json\/wp\/v2\/types\/post"}],"author":[{"embeddable":true,"href":"https:\/\/tucomarca.whitekongsoftware.com\/ca\/wp-json\/wp\/v2\/users\/12"}],"replies":[{"embeddable":true,"href":"https:\/\/tucomarca.whitekongsoftware.com\/ca\/wp-json\/wp\/v2\/comments?post=138547"}],"version-history":[{"count":0,"href":"https:\/\/tucomarca.whitekongsoftware.com\/ca\/wp-json\/wp\/v2\/posts\/138547\/revisions"}],"wp:featuredmedia":[{"embeddable":true,"href":"https:\/\/tucomarca.whitekongsoftware.com\/ca\/wp-json\/wp\/v2\/media\/138545"}],"wp:attachment":[{"href":"https:\/\/tucomarca.whitekongsoftware.com\/ca\/wp-json\/wp\/v2\/media?parent=138547"}],"wp:term":[{"taxonomy":"category","embeddable":true,"href":"https:\/\/tucomarca.whitekongsoftware.com\/ca\/wp-json\/wp\/v2\/categories?post=138547"},{"taxonomy":"post_tag","embeddable":true,"href":"https:\/\/tucomarca.whitekongsoftware.com\/ca\/wp-json\/wp\/v2\/tags?post=138547"}],"curies":[{"name":"wp","href":"https:\/\/api.w.org\/{rel}","templated":true}]}}