{"id":138469,"date":"2021-07-27T07:00:00","date_gmt":"2021-07-27T06:00:00","guid":{"rendered":"http:\/\/www.tucomarca.com\/wordpress\/segunda\/?p=138469"},"modified":"2021-07-28T09:17:20","modified_gmt":"2021-07-28T08:17:20","slug":"lesport-en-xiquets-amb-paralisi-cerebral-ajuda-a-la-seua-salut-fisica-social-i-emocional","status":"publish","type":"post","link":"https:\/\/tucomarca.whitekongsoftware.com\/ca\/lesport-en-xiquets-amb-paralisi-cerebral-ajuda-a-la-seua-salut-fisica-social-i-emocional\/","title":{"rendered":"L&#8217;esport en xiquets amb par\u00e0lisi cerebral ajuda a la seua salut f\u00edsica, social i emocional"},"content":{"rendered":"\n<h4 class=\"wp-block-heading\">Aquesta malaltia \u00e9s la discapacitat f\u00edsica m\u00e9s freq\u00fcent en la inf\u00e0ncia amb una incid\u00e8ncia al voltant de 2 de cada 1000 xiquets en el m\u00f3n&nbsp;<\/h4>\n\n\n\n<h4 class=\"wp-block-heading\">Els especialistes de la Unitat de Neurorrehabilitaci\u00f3n Infantil de Manises recorden que l&#8217;activitat f\u00edsica suposa una gran eina per a millorar el seu estat de salut i benestar.<\/h4>\n\n\n\n<h4 class=\"wp-block-heading\">Des de l&#8217;associaci\u00f3 d&#8217;esport adaptat A Contracorrent assenyalen que \u201cpoder superar nous reptes i provar noves experi\u00e8ncies, ajuda als xiquets a millorar la seua qualitat de vida i sentir-se m\u00e9s segurs de si mateixos\u201d<\/h4>\n\n\n\n<p class=\"wp-block-paragraph\">Durant l&#8217;estiu, els xiquets i l&#8217;esport solen ser un binomi inseparable. El futbol, la nataci\u00f3 o el surf s\u00f3n esports que mantenen entretinguts als m\u00e9s xicotets alhora que coneixen gent nova i socialitzen durant el temps. En aquest context, els xiquets que pateixen malalties com la par\u00e0lisi cerebral no queden oblidats ja que, segons els especialistes de la Unitat de Neurorrehabilitaci\u00f3n Infantil del Departament de Salut de Manises, \u201cl&#8217;activitat f\u00edsica suposa una gran eina per a millorar el seu estat de salut a nivell f\u00edsic, social i emocional\u201d.<\/p>\n\n\n\n<p class=\"wp-block-paragraph\">Aquesta patologia, que \u00e9s la discapacitat f\u00edsica m\u00e9s freq\u00fcent en la inf\u00e0ncia, afecta aproximadament a 2 de cada 1000 xiquets en el m\u00f3n sencer i es caracteritza per \u201ctrastorns del desenvolupament, el moviment i la postura, que causen limitaci\u00f3 de l&#8217;activitat, relacionats amb lesions de l&#8217;estructura cerebral del fetus, durant el part o els primers 2 anys de vida\u201d, explica Sergio G\u00fcemes, fisioterapeuta pedi\u00e0tric de la Unitat i Coordinador d&#8217;aquesta unitat referent en la Comunitat valenciana per ser l&#8217;\u00fanica integrada en la Sanitat P\u00fablica. A m\u00e9s d&#8217;aquestes limitacions, la par\u00e0lisi cerebral porta amb si alteracions de la sensibilitat, la cognici\u00f3, la comunicaci\u00f3, la percepci\u00f3 i\/o el comportament.&nbsp;<\/p>\n\n\n\n<p class=\"wp-block-paragraph\">M\u00e0xim \u00e9s un d&#8217;ells, t\u00e9 huit anys i durant els mesos m\u00e9s durs de la pand\u00e8mia, a causa d&#8217;una operaci\u00f3 programada, va haver d&#8217;intensificar la seua rehabilitaci\u00f3 perqu\u00e8 la cirurgia li havia deixat molt poca massa muscular. \u201cAcudim a la Unitat de Neurorrehabilitaci\u00f3n perqu\u00e8 el meu fill rebera les sessions de recuperaci\u00f3 muscular\u201d, compte Ana, la seua mare. \u201cDurant les primeres setmanes, que van ser enmig del confinament, els especialistes ens cridaven telef\u00f2nicament per a donar-nos les pautes oportunes perqu\u00e8 poguera realitzar els exercicis correctament. Aix\u00f2 ens va ajudar molt perqu\u00e8 ens sentim acompanyats en tot moment pels professionals de la Unitat\u201d, compte.&nbsp;<\/p>\n\n\n\n<p class=\"wp-block-paragraph\">\u201cQuan la pand\u00e8mia va decaure, durant els mesos d&#8217;estiu, ja vam poder acudir de manera presencial al centre on els fisioterapeutes van continuar amb la seua labor. A causa de les mesures de seguretat i com que les instal\u00b7lacions ho permetien, en moltes sessions els professionals jugaven a futbol amb el meu fill com a part de la rehabilitaci\u00f3. Vam veure que per a M\u00e0xim era un al\u00b7licient el futbol pel que vam entendre que l&#8217;esport podia ser una oportunitat perqu\u00e8 tinguera major activitat f\u00edsica\u201d, compte Ana.<\/p>\n\n\n\n<p class=\"wp-block-paragraph\">\u201cDes de la Unitat de Neurorrehabilitaci\u00f3n ens van recomanar l&#8217;associaci\u00f3 d&#8217;esport adaptat \u2018A Contracorrent\u2019, on el nostre fill pot practicar esport d&#8217;adaptat a les seues circumst\u00e0ncies, con\u00e9ixer xiquets de la seua edat i les seues mateixes caracter\u00edstiques i socialitzar amb ells. Per a ell ha sigut un canvi absolut ja que ha passat de tindre una vida m\u00e9s sedent\u00e0ria a tindre moments setmanals en els quals passar temps amb els seus companys, tindre major activitat f\u00edsica i estar m\u00e9s content\u201d, conclou la mare de M\u00e0xim.&nbsp;<\/p>\n\n\n\n<p class=\"wp-block-paragraph\">Esport adaptat<\/p>\n\n\n\n<p class=\"wp-block-paragraph\">Per a aquests xiquets, la rehabilitaci\u00f3 es troba en el centre de la seua activitat f\u00edsica ja que s\u00f3n pacients molt sedentaris que romanen hores asseguts en una cadira de rodes. \u201cLa pr\u00e0ctica esportiva durant molt de temps no ha sigut present en la de les ter\u00e0pies d&#8217;aquests xiquets. En l&#8217;actualitat, amb les noves publicacions cient\u00edfiques on l&#8217;entorn natural agafa pes i es col\u00b7loca en el centre de la intervenci\u00f3, la pr\u00e0ctica esportiva resulta ser una nova eina en la qual recolzar-se per a millorar la capacitat motora, l&#8217;autonomia i afavorir la socialitzaci\u00f3 d&#8217;aquests xiquets i xiquetes\u201d, explica el Coordinador de la Unitat, Sergio G\u00fcemes.&nbsp;<\/p>\n\n\n\n<p class=\"wp-block-paragraph\">Per aix\u00f2, molts dels pacients com a m\u00e0xim, que realitzen rehabilitaci\u00f3 en la Unitat del Departament de Salut de Manises, complementen la seua activitat f\u00edsica en A Contracorrent, una associaci\u00f3 valenciana amb l&#8217;objectiu de promoure la pr\u00e0ctica de l&#8217;esport, el desenvolupament personal, la qualitat de vida i inclusi\u00f3 social de&nbsp;xiquets&nbsp;amb diversitat funcional. \u201cL&#8217;esport permet superar nous reptes i provar noves experi\u00e8ncies, la qual cosa ajuda als xiquets a millorar la seua qualitat de vida i sentir-se m\u00e9s segurs de si mateixos\u201d, explica el Sergio Mu\u00f1oz, president de l&#8217;associaci\u00f3.&nbsp;<\/p>\n\n\n\n<p class=\"wp-block-paragraph\">A m\u00e9s, les activitats esportives, l&#8217;associaci\u00f3 tamb\u00e9 organitza eixides culturals i socials en les quals els xiquets amb diversitat funcional poden socialitzar, con\u00e9ixer-se millor i arribar a formar grups d&#8217;amics. \u201cEixides a la pista de bitles, al teatre o al cinema s\u00f3n les principals activitats que realitzem. Els cuidadors s&#8217;encarreguen d&#8217;organitzar les eixides de manera que no \u00e9s necessari que els pares siguen presents. Aix\u00f2 ajuda al fet que aquests xiquets se senten m\u00e9s aut\u00f2noms, independents i segurs d&#8217;ells mateixos\u201d, conclou el president.<\/p>\n\n\n\n<p class=\"wp-block-paragraph\"><\/p>\n","protected":false},"excerpt":{"rendered":"<div class=\"mh-excerpt\">Aquesta malaltia \u00e9s la discapacitat f\u00edsica m\u00e9s freq\u00fcent en la inf\u00e0ncia amb una incid\u00e8ncia al voltant de 2 de cada 1000 xiquets en el m\u00f3n&nbsp; Els especialistes de la Unitat de Neurorrehabilitaci\u00f3n Infantil de Manises <a class=\"mh-excerpt-more\" href=\"https:\/\/tucomarca.whitekongsoftware.com\/ca\/lesport-en-xiquets-amb-paralisi-cerebral-ajuda-a-la-seua-salut-fisica-social-i-emocional\/\" title=\"L&#8217;esport en xiquets amb par\u00e0lisi cerebral ajuda a la seua salut f\u00edsica, social i emocional\">[+] <\/a><\/div>\n","protected":false},"author":12,"featured_media":138468,"comment_status":"open","ping_status":"open","sticky":false,"template":"","format":"standard","meta":{"footnotes":""},"categories":[10973,10911,10892,11010,10898,10977,10980,10948,10894,10904,10912,10931,10978,11007,10906,10896,10974,10975],"tags":[12221,11092],"class_list":["post-138469","post","type-post","status-publish","format-standard","has-post-thumbnail","category-alborache-ca","category-bunol-ca","category-camp-de-turia-ca","category-canal-salud","category-ventana-ca","category-godelleta-ca","category-yatova-ca","category-infraestructuras-ca","category-la-comarca-ca","category-sin-categorizar-ca","category-la-hoya-ca","category-loriguilla-ca","category-macastre-ca","category-ocio-y-cultura-ca","category-riba-roja-ca","category-seccion-ca","category-cheste-ca","category-chiva-ca","tag-departamento-de-salud-de-manises-ca","tag-hospital-de-manises-ca"],"_links":{"self":[{"href":"https:\/\/tucomarca.whitekongsoftware.com\/ca\/wp-json\/wp\/v2\/posts\/138469","targetHints":{"allow":["GET"]}}],"collection":[{"href":"https:\/\/tucomarca.whitekongsoftware.com\/ca\/wp-json\/wp\/v2\/posts"}],"about":[{"href":"https:\/\/tucomarca.whitekongsoftware.com\/ca\/wp-json\/wp\/v2\/types\/post"}],"author":[{"embeddable":true,"href":"https:\/\/tucomarca.whitekongsoftware.com\/ca\/wp-json\/wp\/v2\/users\/12"}],"replies":[{"embeddable":true,"href":"https:\/\/tucomarca.whitekongsoftware.com\/ca\/wp-json\/wp\/v2\/comments?post=138469"}],"version-history":[{"count":0,"href":"https:\/\/tucomarca.whitekongsoftware.com\/ca\/wp-json\/wp\/v2\/posts\/138469\/revisions"}],"wp:featuredmedia":[{"embeddable":true,"href":"https:\/\/tucomarca.whitekongsoftware.com\/ca\/wp-json\/wp\/v2\/media\/138468"}],"wp:attachment":[{"href":"https:\/\/tucomarca.whitekongsoftware.com\/ca\/wp-json\/wp\/v2\/media?parent=138469"}],"wp:term":[{"taxonomy":"category","embeddable":true,"href":"https:\/\/tucomarca.whitekongsoftware.com\/ca\/wp-json\/wp\/v2\/categories?post=138469"},{"taxonomy":"post_tag","embeddable":true,"href":"https:\/\/tucomarca.whitekongsoftware.com\/ca\/wp-json\/wp\/v2\/tags?post=138469"}],"curies":[{"name":"wp","href":"https:\/\/api.w.org\/{rel}","templated":true}]}}