{"id":138443,"date":"2021-07-26T22:42:00","date_gmt":"2021-07-26T21:42:00","guid":{"rendered":"http:\/\/www.tucomarca.com\/wordpress\/segunda\/?p=138443"},"modified":"2021-07-27T09:27:16","modified_gmt":"2021-07-27T08:27:16","slug":"el-pla-estrategic-de-riba-roja-detecta-un-augment-de-poblacio-de-fins-al-1129-a-les-urbanitzacions-i-un-increment-de-lus-dels-carrils-bici-i-per-als-vianants","status":"publish","type":"post","link":"https:\/\/tucomarca.whitekongsoftware.com\/ca\/el-pla-estrategic-de-riba-roja-detecta-un-augment-de-poblacio-de-fins-al-1129-a-les-urbanitzacions-i-un-increment-de-lus-dels-carrils-bici-i-per-als-vianants\/","title":{"rendered":"El Pla Estrat\u00e8gic de Riba-roja detecta un augment de poblaci\u00f3 de fins al 11\u201929% a les urbanitzacions i un increment de l&#8217;\u00fas dels carrils bici i per als vianants"},"content":{"rendered":"\n<h4 class=\"wp-block-heading\">El ple municipal aprova l&#8217;actualitzaci\u00f3 del Pla Estrat\u00e8gic local&nbsp;<\/h4>\n\n\n\n<p class=\"wp-block-paragraph\">El Pla Estrat\u00e8gic de Riba-roja de T\u00faria ha detectat un increment del nombre d&#8217;habitants en les diverses \u00e0rees residencials des de l&#8217;inici de la pand\u00e8mia al mar\u00e7 del passat any i, al mateix temps, un increment notable en l&#8217;\u00fas dels diversos carrils-bici que connecta el nucli urb\u00e0 i les diverses urbanitzacions existents a trav\u00e9s d&#8217;un cintur\u00f3 de circumval\u00b7laci\u00f3 exterior.<\/p>\n\n\n\n<p class=\"wp-block-paragraph\">Es tracta d&#8217;algunes de les conclusions d&#8217;aquest pla impulsat per l&#8217;Ajuntament de Riba-roja de T\u00faria i redactat per la Universitat de Val\u00e8ncia i que ara ha sigut actualitzat per les conseq\u00fc\u00e8ncies que ha tingut la pand\u00e8mia sobre la vida social, cultural i econ\u00f2mica del municipi. Aquesta actualitzaci\u00f3 ha sigut aprovada amb els vots de l&#8217;equip de govern del PSPV, a m\u00e9s de Comprom\u00eds, Ciutadans, Esquerra Unida i Podem Riba-roja Pot i l&#8217;abstenci\u00f3 de Partit Popular i de Vox.&nbsp;<\/p>\n\n\n\n<p class=\"wp-block-paragraph\">Els t\u00e8cnics han subratllat una incid\u00e8ncia de la crisi sanit\u00e0ria en el poblament de Riba-roja de T\u00faria en comparar els habitants entre el mes de mar\u00e7 de 2020 i gener d&#8217;enguany, amb un increment del 1\u201903% en total, entre totes dues dates. El nucli urb\u00e0 reuneix fins al 61% del total d&#8217;habitants i la resta en urbanitzacions que han vist augmentar la poblaci\u00f3 en algunes zones.&nbsp;<\/p>\n\n\n\n<p class=\"wp-block-paragraph\">D&#8217;aquesta manera, en els nuclis poblacionals dels Pous, Masia del Oliveral, Santa M\u00f3nica i Clot de Navarrete s&#8217;han produ\u00eft increments de fins al 11\u201929%, 10\u201994%, 5\u201986% i 5\u201950%, respectivament. Es tracta, segons l&#8217;estudi, d&#8217;augments dels despla\u00e7aments poblacionals provinents d&#8217;\u00e0rees urbanes a les segones resid\u00e8ncies, donada la seua proximitat a Val\u00e8ncia i a l&#8217;\u00e0rea metropolitana, unit a una millora en els serveis p\u00fablics municipals.&nbsp;<br>Aquests nous habitants es traslladen a viure a Riba-roja de T\u00faria \u201cen cerca d&#8217;espais a l&#8217;aire lliure, una major proximitat a les \u00e0rees rurals i naturals i una millora de la qualitat de vida en aquest municipi\u201d. Aquests despla\u00e7aments s\u00f3n una conseq\u00fc\u00e8ncia del confinament i de les restriccions impulsades pel Govern d&#8217;Espanya per a evitar una propagaci\u00f3 del coronavirus.&nbsp;<\/p>\n\n\n\n<p class=\"wp-block-paragraph\">Paral\u00b7lelament, el mateix estudi de l&#8217;Ajuntament de Riba-roja i de la Universitat de Val\u00e8ncia ha detectat un increment notable en l&#8217;\u00fas dels mitjans de transport m\u00e9s ecol\u00f2gic com la bicicleta i, per tant, dels carrils-bici, a m\u00e9s d&#8217;un major nombre de vianants en aquestes \u00e0rees. La pand\u00e8mia ha suposat la introducci\u00f3 de nous h\u00e0bits m\u00e9s saludables com passejar, realitzar activitats esportives, rutes de senderisme, \u00fas de bicicletes o a activitats a l&#8217;aire lliure.&nbsp;<\/p>\n\n\n\n<p class=\"wp-block-paragraph\">A m\u00e9s, s&#8217;ha detectat una major conscienciaci\u00f3 ciutadana, especialment entre els residents a les urbanitzacions, cap als espais oberts i els entorns urbans, semiurbans i rurals. Es valora, en major mesura, l&#8217;estat del viari i el mobiliari urb\u00e0, els parcs i els jardins, les instal\u00b7lacions esportives o els aparells de gimn\u00e0stica instal\u00b7lats a l&#8217;aire lliure.&nbsp;<\/p>\n\n\n\n<p class=\"wp-block-paragraph\">Per a potenciar l&#8217;\u00fas dels mitjans de transport alternatius, l&#8217;Ajuntament de Riba-roja de T\u00faria completar\u00e0 l&#8217;anell cicle-per als vianants amb dues actuacions que suposaran un benefici i una millora en la mobilitat sostenible i un refor\u00e7ament de les connexions radials amb Val\u00e8ncia i altres localitats ve\u00efnes com Vilamarxant o Benaguasil, mitjan\u00e7ant una via verda a trav\u00e9s dels antics ra\u00efls del tren.&nbsp;<\/p>\n\n\n\n<p class=\"wp-block-paragraph\">El segon projecte connectar\u00e0 el Barranc dels Moros amb el parc natural, inclosos l&#8217;auditori i els conservatoris de M\u00fasica i Dansa, a m\u00e9s de les urbanitzacions de la zona nord i centre i una connexi\u00f3 amb Vilamarxant i l&#8217;Eliana amb els carrils cicle-per als vianants. El Barranc dels Monges es connectar\u00e0 tamb\u00e9 amb el parc natural.&nbsp;<\/p>\n\n\n\n<p class=\"wp-block-paragraph\">L&#8217;alcalde de Riba-roja de T\u00faria, Robert Raga, ha expressat la import\u00e0ncia \u201cde continuar tra\u00e7ant i dissenyant el municipi del futur a trav\u00e9s d&#8217;aquest pla estrat\u00e8gic amb la participaci\u00f3 dels nostres ve\u00efns perqu\u00e8 es puguen viure en plena harmonia en conjuminar un creixement sostenible que no permeta gaudir de les excel\u00b7l\u00e8ncies que ens ofereix el patrimoni que tenim, especialment, el parc fluvial del riu T\u00faria i l&#8217;immens valor ecol\u00f2gic de les nostres muntanyes\u201d.<\/p>\n\n\n\n<p class=\"wp-block-paragraph\"><\/p>\n","protected":false},"excerpt":{"rendered":"<div class=\"mh-excerpt\">El ple municipal aprova l&#8217;actualitzaci\u00f3 del Pla Estrat\u00e8gic local&nbsp; El Pla Estrat\u00e8gic de Riba-roja de T\u00faria ha detectat un increment del nombre d&#8217;habitants en les diverses \u00e0rees residencials des de l&#8217;inici de la pand\u00e8mia al <a class=\"mh-excerpt-more\" href=\"https:\/\/tucomarca.whitekongsoftware.com\/ca\/el-pla-estrategic-de-riba-roja-detecta-un-augment-de-poblacio-de-fins-al-1129-a-les-urbanitzacions-i-un-increment-de-lus-dels-carrils-bici-i-per-als-vianants\/\" title=\"El Pla Estrat\u00e8gic de Riba-roja detecta un augment de poblaci\u00f3 de fins al 11\u201929% a les urbanitzacions i un increment de l&#8217;\u00fas dels carrils bici i per als vianants\">[+] <\/a><\/div>\n","protected":false},"author":12,"featured_media":137603,"comment_status":"open","ping_status":"open","sticky":false,"template":"","format":"standard","meta":{"footnotes":""},"categories":[10892,10948,10894,10947,10906,10896],"tags":[10899,15161,10907,12457],"class_list":["post-138443","post","type-post","status-publish","format-standard","has-post-thumbnail","category-camp-de-turia-ca","category-infraestructuras-ca","category-la-comarca-ca","category-politica","category-riba-roja-ca","category-seccion-ca","tag-camp-de-turia-ca","tag-pla-estrategic-local-ca","tag-riba-roja-del-turia-ca","tag-universitat-de-valencia-ca"],"_links":{"self":[{"href":"https:\/\/tucomarca.whitekongsoftware.com\/ca\/wp-json\/wp\/v2\/posts\/138443","targetHints":{"allow":["GET"]}}],"collection":[{"href":"https:\/\/tucomarca.whitekongsoftware.com\/ca\/wp-json\/wp\/v2\/posts"}],"about":[{"href":"https:\/\/tucomarca.whitekongsoftware.com\/ca\/wp-json\/wp\/v2\/types\/post"}],"author":[{"embeddable":true,"href":"https:\/\/tucomarca.whitekongsoftware.com\/ca\/wp-json\/wp\/v2\/users\/12"}],"replies":[{"embeddable":true,"href":"https:\/\/tucomarca.whitekongsoftware.com\/ca\/wp-json\/wp\/v2\/comments?post=138443"}],"version-history":[{"count":0,"href":"https:\/\/tucomarca.whitekongsoftware.com\/ca\/wp-json\/wp\/v2\/posts\/138443\/revisions"}],"wp:featuredmedia":[{"embeddable":true,"href":"https:\/\/tucomarca.whitekongsoftware.com\/ca\/wp-json\/wp\/v2\/media\/137603"}],"wp:attachment":[{"href":"https:\/\/tucomarca.whitekongsoftware.com\/ca\/wp-json\/wp\/v2\/media?parent=138443"}],"wp:term":[{"taxonomy":"category","embeddable":true,"href":"https:\/\/tucomarca.whitekongsoftware.com\/ca\/wp-json\/wp\/v2\/categories?post=138443"},{"taxonomy":"post_tag","embeddable":true,"href":"https:\/\/tucomarca.whitekongsoftware.com\/ca\/wp-json\/wp\/v2\/tags?post=138443"}],"curies":[{"name":"wp","href":"https:\/\/api.w.org\/{rel}","templated":true}]}}