{"id":138323,"date":"2021-07-23T13:00:00","date_gmt":"2021-07-23T12:00:00","guid":{"rendered":"http:\/\/www.tucomarca.com\/wordpress\/segunda\/?p=138323"},"modified":"2021-07-26T18:19:48","modified_gmt":"2021-07-26T17:19:48","slug":"csif-urgeix-a-reforcar-amb-mes-personal-el-departament-de-manises-i-avisa-de-la-saturacio-que-pateix-atencio-primaria","status":"publish","type":"post","link":"https:\/\/tucomarca.whitekongsoftware.com\/ca\/csif-urgeix-a-reforcar-amb-mes-personal-el-departament-de-manises-i-avisa-de-la-saturacio-que-pateix-atencio-primaria\/","title":{"rendered":"CSIF urgeix a refor\u00e7ar amb m\u00e9s personal el departament de Manises i avisa de la saturaci\u00f3 que pateix atenci\u00f3 prim\u00e0ria"},"content":{"rendered":"\n<h4 class=\"wp-block-heading\">El sindicat assenyala que els facultatius realitzen 60 consultes di\u00e0ries i els taulells els at\u00e9n la meitat de plantilla<\/h4>\n\n\n\n<p class=\"wp-block-paragraph\">El sindicat CSIF reclama a Conselleria de Sanitat i a la direcci\u00f3 del departament de salut de Manises un refor\u00e7 de personal en els centres d&#8217;atenci\u00f3 prim\u00e0ria i a l&#8217;hospital, que incloga m\u00e8dics, professionals d&#8217;infermeria, TCAEs i zeladors. La central sindical avisa que la falta de cobertura de baixes i substitucions i l&#8217;acumulaci\u00f3 de casos covid provoca que facultatius estiguen atenent 60 pacients al dia.<br>La Central Sindical Independent i de Funcionaris (CSIF) explica que la situaci\u00f3 arriba fins al punt que molts professionals estan treballant de manera cont\u00ednua de huit del mat\u00ed a les 20 hores, ja que enllacen sense descans el seu torn de treball amb la vacunaci\u00f3 en els pavellons davant la falta de refor\u00e7os.<br>El sindicat assenyala que la sobrec\u00e0rrega laboral afecta al conjunt de professionals, des d&#8217;atenci\u00f3 en taulells fins a consultes. En aquesta l\u00ednia explica que en els centres de salut de Bu\u00f1ol o Cheste han passat de sis metges en plantilla a quedar-se amb dues per la falta de contractes de personal per a cobrir torns de vacances o baixes. Aquest fet tamb\u00e9 repercuteix a Godelleta, amb \u00fanicament un facultatiu, o al centre d&#8217;especialitats d&#8217;Aldaia, que ha arribat a comptar solament amb dues infermeres.<br>La central sindical apunta que aqueixa manca de personal es reprodueix en els taulells d&#8217;atenci\u00f3 a l&#8217;usuari, ja que consultoris com el del Xipreret, a Manises, s&#8217;ha quedat amb un professional dels tres que atenen; el centre de salut de Chiva, amb dues de tres; o el propi centre de salut de Manises, amb tres de sis. En tots els casos, a m\u00e9s de l&#8217;atenci\u00f3 personal tamb\u00e9 realitzen la telef\u00f2nica m\u00e9s altres q\u00fcestions que sorgisquen.<br>El sindicat CSIF recalca que la falta de personal, amb especial incid\u00e8ncia en aquesta \u00e8poca vacacional i davant la cinquena ona de la pand\u00e8mia, provoca una p\u00e8rdua de la qualitat assistencial a l&#8217;usuari perqu\u00e8 a m\u00e9s de la saturaci\u00f3 existent i els conseg\u00fcents retards, tamb\u00e9 pateix el tancament de consultoris. Mentre que habitualment els d&#8217;Alborache i Macastre estan oberts, a l&#8217;estiu cada setmana at\u00e9n un dels dos, alternativament. Per part seua, el centre d&#8217;especialitats de Mislata tamb\u00e9 va romandre tancat 12 dies a principi de mes, fins que es va reobrir per\u00f2 amb una dotaci\u00f3 de personal insuficient.<br>La central sindical urgeix a la contractaci\u00f3 de m\u00e9s professionals en el departament per a refor\u00e7ar l&#8217;hospital i els equips d&#8217;atenci\u00f3 prim\u00e0ria i per a poder dur a terme la vacunaci\u00f3. CSIF lamenta, d&#8217;altra banda, que Conselleria de Sanitat no conteste als escrits que se li dirigeixen i que haja deixat passar ja huit mesos sense nomenar comissionat en aquest departament de salut.<\/p>\n\n\n\n<p class=\"wp-block-paragraph\"><\/p>\n","protected":false},"excerpt":{"rendered":"<div class=\"mh-excerpt\">El sindicat assenyala que els facultatius realitzen 60 consultes di\u00e0ries i els taulells els at\u00e9n la meitat de plantilla El sindicat CSIF reclama a Conselleria de Sanitat i a la direcci\u00f3 del departament de salut <a class=\"mh-excerpt-more\" href=\"https:\/\/tucomarca.whitekongsoftware.com\/ca\/csif-urgeix-a-reforcar-amb-mes-personal-el-departament-de-manises-i-avisa-de-la-saturacio-que-pateix-atencio-primaria\/\" title=\"CSIF urgeix a refor\u00e7ar amb m\u00e9s personal el departament de Manises i avisa de la saturaci\u00f3 que pateix atenci\u00f3 prim\u00e0ria\">[+] <\/a><\/div>\n","protected":false},"author":12,"featured_media":130360,"comment_status":"open","ping_status":"open","sticky":false,"template":"","format":"standard","meta":{"footnotes":""},"categories":[10973,10911,11010,12202,10948,10894,10904,10912,10978,10947,10896,10897,10974,10975],"tags":[12165,11345,12221],"class_list":["post-138323","post","type-post","status-publish","format-standard","has-post-thumbnail","category-alborache-ca","category-bunol-ca","category-canal-salud","category-covid-19-ca","category-infraestructuras-ca","category-la-comarca-ca","category-sin-categorizar-ca","category-la-hoya-ca","category-macastre-ca","category-politica","category-seccion-ca","category-sucesos-la-comarca-ca","category-cheste-ca","category-chiva-ca","tag-conselleria-de-sanitat-ca","tag-csif-ca","tag-departamento-de-salud-de-manises-ca"],"_links":{"self":[{"href":"https:\/\/tucomarca.whitekongsoftware.com\/ca\/wp-json\/wp\/v2\/posts\/138323","targetHints":{"allow":["GET"]}}],"collection":[{"href":"https:\/\/tucomarca.whitekongsoftware.com\/ca\/wp-json\/wp\/v2\/posts"}],"about":[{"href":"https:\/\/tucomarca.whitekongsoftware.com\/ca\/wp-json\/wp\/v2\/types\/post"}],"author":[{"embeddable":true,"href":"https:\/\/tucomarca.whitekongsoftware.com\/ca\/wp-json\/wp\/v2\/users\/12"}],"replies":[{"embeddable":true,"href":"https:\/\/tucomarca.whitekongsoftware.com\/ca\/wp-json\/wp\/v2\/comments?post=138323"}],"version-history":[{"count":0,"href":"https:\/\/tucomarca.whitekongsoftware.com\/ca\/wp-json\/wp\/v2\/posts\/138323\/revisions"}],"wp:featuredmedia":[{"embeddable":true,"href":"https:\/\/tucomarca.whitekongsoftware.com\/ca\/wp-json\/wp\/v2\/media\/130360"}],"wp:attachment":[{"href":"https:\/\/tucomarca.whitekongsoftware.com\/ca\/wp-json\/wp\/v2\/media?parent=138323"}],"wp:term":[{"taxonomy":"category","embeddable":true,"href":"https:\/\/tucomarca.whitekongsoftware.com\/ca\/wp-json\/wp\/v2\/categories?post=138323"},{"taxonomy":"post_tag","embeddable":true,"href":"https:\/\/tucomarca.whitekongsoftware.com\/ca\/wp-json\/wp\/v2\/tags?post=138323"}],"curies":[{"name":"wp","href":"https:\/\/api.w.org\/{rel}","templated":true}]}}