{"id":138315,"date":"2021-07-25T11:00:00","date_gmt":"2021-07-25T10:00:00","guid":{"rendered":"http:\/\/www.tucomarca.com\/wordpress\/segunda\/?p=138315"},"modified":"2021-07-26T00:33:23","modified_gmt":"2021-07-25T23:33:23","slug":"requena-acollira-la-presentacio-de-la-plataforma-utiel-requena-sostenible","status":"publish","type":"post","link":"https:\/\/tucomarca.whitekongsoftware.com\/ca\/requena-acollira-la-presentacio-de-la-plataforma-utiel-requena-sostenible\/","title":{"rendered":"Requena acollir\u00e0 la presentaci\u00f3 de la plataforma \u2018Utiel-Requena Sostenible\u2019"},"content":{"rendered":"\n<p class=\"wp-block-paragraph\">L&#8217;espai cultural Feliciano A. Yeves de Requena acollir\u00e0, el dijous 29 de juliol, a les 19.30 hores, l&#8217;acte de presentaci\u00f3 p\u00fablica de la plataforma \u2018Utiel-Requena Sostenible\u2019, col\u00b7lectiu ciutad\u00e0 creat com a reacci\u00f3 a l&#8217;allau de projectes de macroplantes fotovoltaiques i e\u00f2liques previstos a la comarca Requena-Utiel.<br>L&#8217;assist\u00e8ncia a l&#8217;esdeveniment est\u00e0 limitada per les restriccions imposades per la COVID-19.<br>A Requena-Utiel, est\u00e0 prevista la instal\u00b7laci\u00f3 de nombrosos megaparques per a la producci\u00f3 d&#8217;energia solar. Informa, <strong>Luis Ib\u00e1\u00f1ez.<\/strong><\/p>\n\n\n\n<p class=\"wp-block-paragraph\"><\/p>\n","protected":false},"excerpt":{"rendered":"<div class=\"mh-excerpt\">L&#8217;espai cultural Feliciano A. Yeves de Requena acollir\u00e0, el dijous 29 de juliol, a les 19.30 hores, l&#8217;acte de presentaci\u00f3 p\u00fablica de la plataforma \u2018Utiel-Requena Sostenible\u2019, col\u00b7lectiu ciutad\u00e0 creat com a reacci\u00f3 a l&#8217;allau de <a class=\"mh-excerpt-more\" href=\"https:\/\/tucomarca.whitekongsoftware.com\/ca\/requena-acollira-la-presentacio-de-la-plataforma-utiel-requena-sostenible\/\" title=\"Requena acollir\u00e0 la presentaci\u00f3 de la plataforma \u2018Utiel-Requena Sostenible\u2019\">[+] <\/a><\/div>\n","protected":false},"author":12,"featured_media":79938,"comment_status":"open","ping_status":"open","sticky":false,"template":"","format":"standard","meta":{"footnotes":""},"categories":[11019,10948,10894,10903,10947,10908,10909,10896],"tags":[11099,11459,15143],"class_list":["post-138315","post","type-post","status-publish","format-standard","has-post-thumbnail","category-agenda-ca","category-infraestructuras-ca","category-la-comarca-ca","category-medio-ambiente-la-comarca-ca","category-politica","category-requena-ca","category-requena-utiel-ca","category-seccion-ca","tag-requena-ca","tag-utiel-requena-ca","tag-utiel-requena-sostenible-ca"],"_links":{"self":[{"href":"https:\/\/tucomarca.whitekongsoftware.com\/ca\/wp-json\/wp\/v2\/posts\/138315","targetHints":{"allow":["GET"]}}],"collection":[{"href":"https:\/\/tucomarca.whitekongsoftware.com\/ca\/wp-json\/wp\/v2\/posts"}],"about":[{"href":"https:\/\/tucomarca.whitekongsoftware.com\/ca\/wp-json\/wp\/v2\/types\/post"}],"author":[{"embeddable":true,"href":"https:\/\/tucomarca.whitekongsoftware.com\/ca\/wp-json\/wp\/v2\/users\/12"}],"replies":[{"embeddable":true,"href":"https:\/\/tucomarca.whitekongsoftware.com\/ca\/wp-json\/wp\/v2\/comments?post=138315"}],"version-history":[{"count":0,"href":"https:\/\/tucomarca.whitekongsoftware.com\/ca\/wp-json\/wp\/v2\/posts\/138315\/revisions"}],"wp:featuredmedia":[{"embeddable":true,"href":"https:\/\/tucomarca.whitekongsoftware.com\/ca\/wp-json\/wp\/v2\/media\/79938"}],"wp:attachment":[{"href":"https:\/\/tucomarca.whitekongsoftware.com\/ca\/wp-json\/wp\/v2\/media?parent=138315"}],"wp:term":[{"taxonomy":"category","embeddable":true,"href":"https:\/\/tucomarca.whitekongsoftware.com\/ca\/wp-json\/wp\/v2\/categories?post=138315"},{"taxonomy":"post_tag","embeddable":true,"href":"https:\/\/tucomarca.whitekongsoftware.com\/ca\/wp-json\/wp\/v2\/tags?post=138315"}],"curies":[{"name":"wp","href":"https:\/\/api.w.org\/{rel}","templated":true}]}}