{"id":138308,"date":"2021-07-25T10:00:00","date_gmt":"2021-07-25T09:00:00","guid":{"rendered":"http:\/\/www.tucomarca.com\/wordpress\/segunda\/?p=138308"},"modified":"2021-07-26T00:26:00","modified_gmt":"2021-07-25T23:26:00","slug":"per-segon-any-estiueig-a-alboraig-reuneix-una-variada-programacio-cultural-fins-al-31-de-juliol","status":"publish","type":"post","link":"https:\/\/tucomarca.whitekongsoftware.com\/ca\/per-segon-any-estiueig-a-alboraig-reuneix-una-variada-programacio-cultural-fins-al-31-de-juliol\/","title":{"rendered":"Per segon any &#8220;Estiueig a Alboraig&#8221; reuneix una variada programaci\u00f3 cultural fins al 31 de juliol"},"content":{"rendered":"\n<p class=\"wp-block-paragraph\">La cultura, les activitats per a joves i l&#8217;esport no han deixat de bategar a Alboraig durant el que portem d&#8217;estiu.<\/p>\n\n\n\n<p class=\"wp-block-paragraph\">Aquest divendres s&#8217;inaugurava la XXV Exposici\u00f3 col\u00b7lectiva de pintura 2021 del Grup d&#8217;Artistes Locals Sant Jaume d&#8217;Alborache, que com cada any s&#8217;inaugura fent coincidir amb el comen\u00e7ament de les Festes Patronals en honor a Sant Jaume.<\/p>\n\n\n\n<p class=\"wp-block-paragraph\">En aquest 25 aniversari de l&#8217;exposici\u00f3 i sense festes en la localitat, des del consistori es vol agrair a Sr. Jos\u00e9 Ba\u00f1uls el seu comprom\u00eds i el seu treball, tant en l&#8217;organitzaci\u00f3 i muntatge d&#8217;aquesta exposici\u00f3 com en la traject\u00f2ria del grup.<\/p>\n\n\n\n<p class=\"wp-block-paragraph\"><strong>Estiueig a Alborache<\/strong><\/p>\n\n\n\n<p class=\"wp-block-paragraph\">Aquest mes de juliol l&#8217;Auditori Jos\u00e9 Mar\u00eda Cervera Collado s&#8217;ompli de m\u00fasica i humor amb la programaci\u00f3 de la regidoria de Cultura, que ha comen\u00e7at aquest passat divendres amb l&#8217;espectacle de flamenc &#8220;Cicatrius&#8221; i que va prosseguir el dissabte amb un concert de la SIM &#8220;La Primitiva&#8221; d&#8217;Alborache.&nbsp;<br>Els actes programats per a aquesta setmana s\u00f3n:<\/p>\n\n\n\n<p class=\"wp-block-paragraph\">Dilluns, 26 de juliol, a les 22,30 h. El musical tribut &#8220;Quinze anys sense la D\u00farcal&#8221; ret homenatge a la gran cantant espanyola amb la veus dels valencians Arantxa Pons i Vicente Segu\u00ed.<br>Dimarts, 27 de juliol, a les 23,00 h. Ra\u00fal Ant\u00f3n presenta en el seu espectacle Nit d&#8217;humor. Riures per a una nit d&#8217;estiu a l&#8217;Auditori Jos\u00e9 Mar\u00eda Cervera Collado.<br>Per a finalitzar el mes, el dissabte 31 de juliol, a les 23,00 h. Princeses del Soul presentar\u00e0 el seu espectacle musical a l&#8217;Auditori Jos\u00e9 Mar\u00eda Cervera Collado.<\/p>\n","protected":false},"excerpt":{"rendered":"<div class=\"mh-excerpt\">La cultura, les activitats per a joves i l&#8217;esport no han deixat de bategar a Alboraig durant el que portem d&#8217;estiu. Aquest divendres s&#8217;inaugurava la XXV Exposici\u00f3 col\u00b7lectiva de pintura 2021 del Grup d&#8217;Artistes Locals <a class=\"mh-excerpt-more\" href=\"https:\/\/tucomarca.whitekongsoftware.com\/ca\/per-segon-any-estiueig-a-alboraig-reuneix-una-variada-programacio-cultural-fins-al-31-de-juliol\/\" title=\"Per segon any &#8220;Estiueig a Alboraig&#8221; reuneix una variada programaci\u00f3 cultural fins al 31 de juliol\">[+] <\/a><\/div>\n","protected":false},"author":12,"featured_media":138306,"comment_status":"open","ping_status":"open","sticky":false,"template":"","format":"standard","meta":{"footnotes":""},"categories":[11019,10973,10894,10912,11007,11008,10896],"tags":[11224,10914,15141],"class_list":["post-138308","post","type-post","status-publish","format-standard","has-post-thumbnail","category-agenda-ca","category-alborache-ca","category-la-comarca-ca","category-la-hoya-ca","category-ocio-y-cultura-ca","category-pueblos-en-fiestas-ca","category-seccion-ca","tag-alborache-ca","tag-la-hoya-de-bunol-chiva-ca","tag-veraneo-en-alborache-ca"],"_links":{"self":[{"href":"https:\/\/tucomarca.whitekongsoftware.com\/ca\/wp-json\/wp\/v2\/posts\/138308","targetHints":{"allow":["GET"]}}],"collection":[{"href":"https:\/\/tucomarca.whitekongsoftware.com\/ca\/wp-json\/wp\/v2\/posts"}],"about":[{"href":"https:\/\/tucomarca.whitekongsoftware.com\/ca\/wp-json\/wp\/v2\/types\/post"}],"author":[{"embeddable":true,"href":"https:\/\/tucomarca.whitekongsoftware.com\/ca\/wp-json\/wp\/v2\/users\/12"}],"replies":[{"embeddable":true,"href":"https:\/\/tucomarca.whitekongsoftware.com\/ca\/wp-json\/wp\/v2\/comments?post=138308"}],"version-history":[{"count":0,"href":"https:\/\/tucomarca.whitekongsoftware.com\/ca\/wp-json\/wp\/v2\/posts\/138308\/revisions"}],"wp:featuredmedia":[{"embeddable":true,"href":"https:\/\/tucomarca.whitekongsoftware.com\/ca\/wp-json\/wp\/v2\/media\/138306"}],"wp:attachment":[{"href":"https:\/\/tucomarca.whitekongsoftware.com\/ca\/wp-json\/wp\/v2\/media?parent=138308"}],"wp:term":[{"taxonomy":"category","embeddable":true,"href":"https:\/\/tucomarca.whitekongsoftware.com\/ca\/wp-json\/wp\/v2\/categories?post=138308"},{"taxonomy":"post_tag","embeddable":true,"href":"https:\/\/tucomarca.whitekongsoftware.com\/ca\/wp-json\/wp\/v2\/tags?post=138308"}],"curies":[{"name":"wp","href":"https:\/\/api.w.org\/{rel}","templated":true}]}}