{"id":138298,"date":"2021-07-25T09:00:00","date_gmt":"2021-07-25T08:00:00","guid":{"rendered":"http:\/\/www.tucomarca.com\/wordpress\/segunda\/?p=138298"},"modified":"2021-07-26T00:31:08","modified_gmt":"2021-07-25T23:31:08","slug":"el-consell-collabora-amb-bunyol-per-a-la-realitzacio-de-diverses-accions-de-promocio-turistica","status":"publish","type":"post","link":"https:\/\/tucomarca.whitekongsoftware.com\/ca\/el-consell-collabora-amb-bunyol-per-a-la-realitzacio-de-diverses-accions-de-promocio-turistica\/","title":{"rendered":"El Consell col\u00b7labora amb Bunyol per a la realitzaci\u00f3 de diverses accions de promoci\u00f3 tur\u00edstica"},"content":{"rendered":"\n<h4 class=\"wp-block-heading\">Turisme Comunitat Valenciana destinar\u00e0 60.000 euros a trav\u00e9s d&#8217;un conveni de col\u00b7laboraci\u00f3<\/h4>\n\n\n\n<p class=\"wp-block-paragraph\">El Consell ha autoritzat la subscripci\u00f3 d&#8217;un conveni de col\u00b7laboraci\u00f3 entre Turisme Comunitat Valenciana i l&#8217;Ajuntament de Bunyol per a la realitzaci\u00f3 d&#8217;accions de promoci\u00f3 del producte tur\u00edstic de Bu\u00f1ol durant l&#8217;any 2021<\/p>\n\n\n\n<p class=\"wp-block-paragraph\">Mitjan\u00e7ant aquest conveni, Turisme Comunitat Valenciana contribuir\u00e0 econ\u00f2micament amb 60.000 euros per a la realitzaci\u00f3 d&#8217;accions de promoci\u00f3 del producte tur\u00edstic de Bu\u00f1ol.<\/p>\n\n\n\n<p class=\"wp-block-paragraph\">Cal assenyalar que aquest conveni t\u00e9 entre els seus objectius la desestacionalitzaci\u00f3 a trav\u00e9s del desenvolupament d&#8217;un nou producte tur\u00edstic, complementari i compatible amb el producte tur\u00edstic actual, consumible al llarg de tot l&#8217;any, que s&#8217;orienta a la captaci\u00f3 d&#8217;un nou segment de demanda. A m\u00e9s de facilitar el reequilibri soci-territorial, afavorint el desenvolupament d&#8217;un producte tur\u00edstic d&#8217;alta potencialitat que pret\u00e9n contribuir al creixement competitiu de l&#8217;oferta tur\u00edstica.<\/p>\n\n\n\n<p class=\"wp-block-paragraph\">En concret, a trav\u00e9s d&#8217;aquest conveni, l&#8217;Ajuntament de Bu\u00f1ol impulsar\u00e0 &#8216;Bu\u00f1ol com a Dest\u00ed&#8217;, acci\u00f3 que inclou agenda cultural i esdeveniments gratu\u00efts amb l&#8217;eix principal de la m\u00fasica. Entre l&#8217;els esdeveniments que inclour\u00e0 destaquen els &#8216;Concerts segurs 2.0&#8217;, la VII Biennal d&#8217;Art, aix\u00ed com l&#8217;IV Festival de Parell en Part.<\/p>\n\n\n\n<p class=\"wp-block-paragraph\">A m\u00e9s, mitjan\u00e7ant aquest conveni, Turisme Comunitat Valenciana i l&#8217;ajuntament de Bu\u00f1ol estableixen actuacions dirigides a promocionar la festa de la Tomatina, declarada Festa d&#8217;Inter\u00e9s Tur\u00edstic Internacional.<\/p>\n\n\n\n<p class=\"wp-block-paragraph\"><\/p>\n","protected":false},"excerpt":{"rendered":"<div class=\"mh-excerpt\">Turisme Comunitat Valenciana destinar\u00e0 60.000 euros a trav\u00e9s d&#8217;un conveni de col\u00b7laboraci\u00f3 El Consell ha autoritzat la subscripci\u00f3 d&#8217;un conveni de col\u00b7laboraci\u00f3 entre Turisme Comunitat Valenciana i l&#8217;Ajuntament de Bunyol per a la realitzaci\u00f3 d&#8217;accions <a class=\"mh-excerpt-more\" href=\"https:\/\/tucomarca.whitekongsoftware.com\/ca\/el-consell-collabora-amb-bunyol-per-a-la-realitzacio-de-diverses-accions-de-promocio-turistica\/\" title=\"El Consell col\u00b7labora amb Bunyol per a la realitzaci\u00f3 de diverses accions de promoci\u00f3 tur\u00edstica\">[+] <\/a><\/div>\n","protected":false},"author":12,"featured_media":114770,"comment_status":"open","ping_status":"open","sticky":false,"template":"","format":"standard","meta":{"footnotes":""},"categories":[10911,10948,10894,10912,11007,10947,10896],"tags":[10913,12683,11498,10914],"class_list":["post-138298","post","type-post","status-publish","format-standard","has-post-thumbnail","category-bunol-ca","category-infraestructuras-ca","category-la-comarca-ca","category-la-hoya-ca","category-ocio-y-cultura-ca","category-politica","category-seccion-ca","tag-bunol-ca","tag-consell-ca","tag-generalitat-valenciana-ca","tag-la-hoya-de-bunol-chiva-ca"],"_links":{"self":[{"href":"https:\/\/tucomarca.whitekongsoftware.com\/ca\/wp-json\/wp\/v2\/posts\/138298","targetHints":{"allow":["GET"]}}],"collection":[{"href":"https:\/\/tucomarca.whitekongsoftware.com\/ca\/wp-json\/wp\/v2\/posts"}],"about":[{"href":"https:\/\/tucomarca.whitekongsoftware.com\/ca\/wp-json\/wp\/v2\/types\/post"}],"author":[{"embeddable":true,"href":"https:\/\/tucomarca.whitekongsoftware.com\/ca\/wp-json\/wp\/v2\/users\/12"}],"replies":[{"embeddable":true,"href":"https:\/\/tucomarca.whitekongsoftware.com\/ca\/wp-json\/wp\/v2\/comments?post=138298"}],"version-history":[{"count":0,"href":"https:\/\/tucomarca.whitekongsoftware.com\/ca\/wp-json\/wp\/v2\/posts\/138298\/revisions"}],"wp:featuredmedia":[{"embeddable":true,"href":"https:\/\/tucomarca.whitekongsoftware.com\/ca\/wp-json\/wp\/v2\/media\/114770"}],"wp:attachment":[{"href":"https:\/\/tucomarca.whitekongsoftware.com\/ca\/wp-json\/wp\/v2\/media?parent=138298"}],"wp:term":[{"taxonomy":"category","embeddable":true,"href":"https:\/\/tucomarca.whitekongsoftware.com\/ca\/wp-json\/wp\/v2\/categories?post=138298"},{"taxonomy":"post_tag","embeddable":true,"href":"https:\/\/tucomarca.whitekongsoftware.com\/ca\/wp-json\/wp\/v2\/tags?post=138298"}],"curies":[{"name":"wp","href":"https:\/\/api.w.org\/{rel}","templated":true}]}}