{"id":138148,"date":"2021-07-23T09:45:00","date_gmt":"2021-07-23T08:45:00","guid":{"rendered":"http:\/\/www.tucomarca.com\/wordpress\/segunda\/?p=138148"},"modified":"2021-07-23T09:53:39","modified_gmt":"2021-07-23T08:53:39","slug":"lajuntament-de-turis-neta-i-mante-les-palmeres-de-lavinguda-corts-valencianes","status":"publish","type":"post","link":"https:\/\/tucomarca.whitekongsoftware.com\/ca\/lajuntament-de-turis-neta-i-mante-les-palmeres-de-lavinguda-corts-valencianes\/","title":{"rendered":"L&#8217;Ajuntament de Tur\u00eds neta i mant\u00e9 les palmeres de l&#8217;Avinguda Corts Valencianes"},"content":{"rendered":"\n<p class=\"wp-block-paragraph\">La brigada municipal realitza peri\u00f2dicament el treball de acondicionamento de les palmeres de la travessia perqu\u00e8 estiguen en el millor estat possible.<br>El consistori est\u00e0 pendent de l&#8217;entorn perqu\u00e8 els seus ve\u00efns isquen a passejar o despla\u00e7ar-se per a fer les activitats quotidianes i veure els espais p\u00fablics cuidats.<\/p>\n\n\n\n<p class=\"wp-block-paragraph\"><\/p>\n","protected":false},"excerpt":{"rendered":"<div class=\"mh-excerpt\">La brigada municipal realitza peri\u00f2dicament el treball de acondicionamento de les palmeres de la travessia perqu\u00e8 estiguen en el millor estat possible.El consistori est\u00e0 pendent de l&#8217;entorn perqu\u00e8 els seus ve\u00efns isquen a passejar o <a class=\"mh-excerpt-more\" href=\"https:\/\/tucomarca.whitekongsoftware.com\/ca\/lajuntament-de-turis-neta-i-mante-les-palmeres-de-lavinguda-corts-valencianes\/\" title=\"L&#8217;Ajuntament de Tur\u00eds neta i mant\u00e9 les palmeres de l&#8217;Avinguda Corts Valencianes\">[+] <\/a><\/div>\n","protected":false},"author":12,"featured_media":138147,"comment_status":"open","ping_status":"open","sticky":false,"template":"","format":"standard","meta":{"footnotes":""},"categories":[10948,10894,10902,10903,10947,10896,11047],"tags":[11218,15111,11356,11093],"class_list":["post-138148","post","type-post","status-publish","format-standard","has-post-thumbnail","category-infraestructuras-ca","category-la-comarca-ca","category-la-ribera-ca","category-medio-ambiente-la-comarca-ca","category-politica","category-seccion-ca","category-turis-ca","tag-ayuntamiento-de-turis-ca","tag-palmeras-ca","tag-ribera-alta-ca","tag-turis-ca"],"_links":{"self":[{"href":"https:\/\/tucomarca.whitekongsoftware.com\/ca\/wp-json\/wp\/v2\/posts\/138148","targetHints":{"allow":["GET"]}}],"collection":[{"href":"https:\/\/tucomarca.whitekongsoftware.com\/ca\/wp-json\/wp\/v2\/posts"}],"about":[{"href":"https:\/\/tucomarca.whitekongsoftware.com\/ca\/wp-json\/wp\/v2\/types\/post"}],"author":[{"embeddable":true,"href":"https:\/\/tucomarca.whitekongsoftware.com\/ca\/wp-json\/wp\/v2\/users\/12"}],"replies":[{"embeddable":true,"href":"https:\/\/tucomarca.whitekongsoftware.com\/ca\/wp-json\/wp\/v2\/comments?post=138148"}],"version-history":[{"count":0,"href":"https:\/\/tucomarca.whitekongsoftware.com\/ca\/wp-json\/wp\/v2\/posts\/138148\/revisions"}],"wp:featuredmedia":[{"embeddable":true,"href":"https:\/\/tucomarca.whitekongsoftware.com\/ca\/wp-json\/wp\/v2\/media\/138147"}],"wp:attachment":[{"href":"https:\/\/tucomarca.whitekongsoftware.com\/ca\/wp-json\/wp\/v2\/media?parent=138148"}],"wp:term":[{"taxonomy":"category","embeddable":true,"href":"https:\/\/tucomarca.whitekongsoftware.com\/ca\/wp-json\/wp\/v2\/categories?post=138148"},{"taxonomy":"post_tag","embeddable":true,"href":"https:\/\/tucomarca.whitekongsoftware.com\/ca\/wp-json\/wp\/v2\/tags?post=138148"}],"curies":[{"name":"wp","href":"https:\/\/api.w.org\/{rel}","templated":true}]}}