{"id":138141,"date":"2021-07-22T10:00:00","date_gmt":"2021-07-22T09:00:00","guid":{"rendered":"http:\/\/www.tucomarca.com\/wordpress\/segunda\/?p=138141"},"modified":"2021-07-23T09:45:52","modified_gmt":"2021-07-23T08:45:52","slug":"ximo-puig-anuncia-la-sollicitud-al-tsjcv-per-a-limitar-la-mobilitat-nocturna-en-77-municipis-i-noves-restriccions-per-a-frenar-lavanc-de-la-pandemia","status":"publish","type":"post","link":"https:\/\/tucomarca.whitekongsoftware.com\/ca\/ximo-puig-anuncia-la-sollicitud-al-tsjcv-per-a-limitar-la-mobilitat-nocturna-en-77-municipis-i-noves-restriccions-per-a-frenar-lavanc-de-la-pandemia\/","title":{"rendered":"Ximo Puig anuncia la sol\u00b7licitud al TSJCV per a limitar la mobilitat nocturna en 77 municipis i noves restriccions per a frenar l&#8217;avan\u00e7 de la pand\u00e8mia"},"content":{"rendered":"\n<h4 class=\"wp-block-heading\">El president avan\u00e7a l&#8217;arribada del doble de vacunes de Moderna previstes per al mes d&#8217;agost amb la finalitat de compensar la immunitzaci\u00f3 a despla\u00e7ats<\/h4>\n\n\n\n<h4 class=\"wp-block-heading\">Es limita al 50% l&#8217;aforament m\u00e0xim d&#8217;espectacles i celebracions en interiors, que hauran de finalitzar abans de les 12.30 de la nit, aix\u00ed com d&#8217;esdeveniments en recintes esportius i de piscines recreatives<\/h4>\n\n\n\n<h4 class=\"wp-block-heading\">Tamb\u00e9 s&#8217;ha sol\u00b7licitat al TSJCV renovar la limitaci\u00f3 de les reunions socials a 10 persones tant en l&#8217;\u00e0mbit p\u00fablic com en el privat en tota la Comunitat Valenciana<\/h4>\n\n\n\n<h4 class=\"wp-block-heading\">La limitaci\u00f3 de la mobilitat afectar\u00e0 2,6 milions d&#8217;habitants, la qual cosa suposa la meitat de la poblaci\u00f3 de la Comunitat<\/h4>\n\n\n\n<h4 class=\"wp-block-heading\">Insisteix en la necessitat de portar la m\u00e0scara i fa una crida a la cooperaci\u00f3 per a complir amb rigor els per\u00edodes de quarantena i a\u00efllament i informar a tots els contactes en cas de contagi<\/h4>\n\n\n\n<p class=\"wp-block-paragraph\">El president de la Generalitat, Ximo Puig, ha anunciat que s&#8217;ha sol\u00b7licitat al Tribunal Superior de Just\u00edcia de la Comunitat Valenciana l&#8217;autoritzaci\u00f3 per a restringir la mobilitat nocturna en un total de 77 municipis, aix\u00ed com per a renovar la limitaci\u00f3 de les reunions socials a 10 persones, tant en l&#8217;\u00e0mbit p\u00fablic com en el privat, en tota la Comunitat Valenciana.<\/p>\n\n\n\n<p class=\"wp-block-paragraph\">Aix\u00ed ho ha avan\u00e7at despr\u00e9s de la reuni\u00f3 de la Mesa Interdepartamental per a la Prevenci\u00f3 i Actuaci\u00f3 davant la COVID-19, en la qual han sigut acordades les noves mesures que s&#8217;aplicaran durant les tres pr\u00f2ximes setmanes, \u00e9s a dir des del 26 de juliol i fins al 16 d&#8217;agost.<\/p>\n\n\n\n<p class=\"wp-block-paragraph\">Durant la seua intervenci\u00f3, el president ha anunciat la pr\u00f2rroga de les mesures vigents aix\u00ed com noves restriccions per a frenar l&#8217;avan\u00e7 de la pand\u00e8mia de COVID-19 que consistiran en la limitaci\u00f3 al 50% de l&#8217;aforament m\u00e0xim en espectacles i celebracions en interiors, que a m\u00e9s hauran de finalitzar abans de les dotze i mitja de la nit; en esdeveniments en recintes esportius, amb un m\u00e0xim de 1.500 persones; aix\u00ed com en piscines recreatives.<\/p>\n\n\n\n<p class=\"wp-block-paragraph\">Respecte a la limitaci\u00f3 de la mobilitat nocturna, el president ha assegurat que es tracta d&#8217;un &#8220;toc de queda selectiu&#8221; que afectar\u00e0 la meitat de la poblaci\u00f3 valenciana, ja que els 77 municipis afectats per la mesura compten amb una poblaci\u00f3 superior als 2,6 milions d&#8217;habitants.<\/p>\n\n\n\n<p class=\"wp-block-paragraph\"><strong>Arribada de vacunes<\/strong><\/p>\n\n\n\n<p class=\"wp-block-paragraph\">D&#8217;altra banda, el cap del Consell ha avan\u00e7at que la Comunitat Valenciana rebr\u00e0 a l&#8217;agost 441.570 de dosi de la vacuna Moderna, la qual cosa suposa m\u00e9s del doble de les previstes, amb la finalitat de compensar la immunitzaci\u00f3 a despla\u00e7ats i el d\u00e8ficit de vials rebut respecte a comunitats amb poblaci\u00f3 m\u00e9s envellida.<\/p>\n\n\n\n<p class=\"wp-block-paragraph\">El president ha explicat que la variant Delta ja suposa el 90% dels nous casos i ha assegurat que \u00e9s &#8220;crucial&#8221; intensificar i avan\u00e7ar la vacunaci\u00f3 per a frenar l&#8217;avan\u00e7 del coronavirus.<\/p>\n\n\n\n<p class=\"wp-block-paragraph\">En aquest sentit, ha assenyalat que la Comunitat Valenciana ja compta amb 3 milions de valencians que han rebut almenys una dosi, i ha recordat que aquesta setmana ha comen\u00e7at la vacunaci\u00f3 de persones entre 20 i 29 anys en zones rurals, que s&#8217;estendr\u00e0 a totes les zones la setmana vinent. A m\u00e9s tamb\u00e9 ha destacat que l&#8217;\u00faltima setmana d&#8217;agost es protegir\u00e0 els joves de 17 i 18 anys.<\/p>\n\n\n\n<p class=\"wp-block-paragraph\"><strong>\u00das de m\u00e0scares i limitaci\u00f3 de les reunions socials<\/strong><\/p>\n\n\n\n<p class=\"wp-block-paragraph\">El president ha destacat que tamb\u00e9 s&#8217;ha instat el TSJCV a autoritzar la pr\u00f2rroga de la limitaci\u00f3 de les reunions socials a un m\u00e0xim de 10 persones en tota la Comunitat Valenciana, llevat que es tracte de persones convivents o llevat que es tracte de dos nuclis de conviv\u00e8ncia. Aquesta mesura s&#8217;aplica a les reunions en domicilis i espais d&#8217;\u00fas privat i en espais d&#8217;\u00fas p\u00fablic, tant tancats com a l&#8217;aire lliure.<\/p>\n\n\n\n<p class=\"wp-block-paragraph\">Finalment, Ximo Puig ha instat la ciutadania a portar la m\u00e0scara tamb\u00e9 a l&#8217;aire lliure i ha fet una crida a mantindre la prud\u00e8ncia i la cooperaci\u00f3 per a complir amb rigor els per\u00edodes de quarantena i a\u00efllament, aix\u00ed com per a informar a tots els contactes en cas de contagi.<\/p>\n\n\n\n<p class=\"wp-block-paragraph\">En la Mesa Interdepartamental han participat la vicepresidenta i Consellera d&#8217;Igualtat i Pol\u00edtiques Inclusives, M\u00f3nica Oltra; el vicepresident segon i conseller d&#8217;Habitatge i Arquitectura Bioclim\u00e0tica, Rub\u00e9n Mart\u00ednez Dalmau; la consellera de Just\u00edcia, Interior i Administraci\u00f3 P\u00fablica, Gabriela Bravo; el conseller d&#8217;Educaci\u00f3, Cultura i Esport, Vicent Marz\u00e0; la consellera de Sanitat Universal i Salut P\u00fablica, Ana Barcel\u00f3; el conseller d&#8217;Economia Sostenible, Sectors Productius, Comer\u00e7 i Treball, Rafa Climent, i el conseller de Pol\u00edtica Territorial, Obres P\u00fabliques i Mobilitat, Arcadi Espa\u00f1a.<\/p>\n\n\n\n<p class=\"wp-block-paragraph\"><strong>Municipis amb restricci\u00f3 de la mobilitat<\/strong><\/p>\n\n\n\n<p class=\"wp-block-paragraph\">La limitaci\u00f3 de circulaci\u00f3 de les persones en horari nocturn entre la 01.00 i les 06.00 hores afecta a 18 municipis de la prov\u00edncia d&#8217;Alacant: Alf\u00e0s del Pi, Alacant, Banyeres de Mariola, Benidorm, Callosa d&#8217;en Sarri\u00e0, Callosa de Segura, Calp, D\u00e9nia, Gata de Gorgos, La Nucia, Muro de Alcoy, Ondara, Pego, Santa Pola, Sant Vicent del Raspeig, Sax, Teulada i la Vila Joiosa.<\/p>\n\n\n\n<p class=\"wp-block-paragraph\">A la prov\u00edncia de Castell\u00f3, els municipis afectats per les restriccions s\u00f3n 11: Alcal\u00e0 de Xivert, Almenara, Benic\u00e0ssim, Borriana, Borriol, Onda, Orpesa, Pen\u00edscola, Torreblanca, Vila-real i Vinar\u00f2s.<\/p>\n\n\n\n<p class=\"wp-block-paragraph\">A la prov\u00edncia de Val\u00e8ncia, les restriccions s&#8217;aplicaran en 48 municipis: Albal, Alboraia, Alc\u00e0sser, Aldaia, Alfafar, Alginet, Almussafes, Benaguasil, Benet\u00fasser, Benifai\u00f3, B\u00e9tera, Bu\u00f1ol, Burjassot, Canals, Chiva, Foios, Gandia, Godella, L&#8217;Eliana, L&#8217;Olleria, Manises, Massamagrell, Massanassa, Meliana, Mislata, Museros, Oliva, Paiporta, Paterna, Picassent, Pobla de Farnals, Pobla de Vallbona, Pu\u00e7ol, Puig, Rafelbunyol, Requena, Riba-roja de T\u00faria, Rocafort, Sagunt, Silla, Sueca, Tavernes de la Valldigna, Tur\u00eds, Utiel, Val\u00e8ncia, Vilamarxant, Xeraco i Xirivella.<\/p>\n\n\n\n<p class=\"wp-block-paragraph\"><\/p>\n","protected":false},"excerpt":{"rendered":"<div class=\"mh-excerpt\">El president avan\u00e7a l&#8217;arribada del doble de vacunes de Moderna previstes per al mes d&#8217;agost amb la finalitat de compensar la immunitzaci\u00f3 a despla\u00e7ats Es limita al 50% l&#8217;aforament m\u00e0xim d&#8217;espectacles i celebracions en interiors, <a class=\"mh-excerpt-more\" href=\"https:\/\/tucomarca.whitekongsoftware.com\/ca\/ximo-puig-anuncia-la-sollicitud-al-tsjcv-per-a-limitar-la-mobilitat-nocturna-en-77-municipis-i-noves-restriccions-per-a-frenar-lavanc-de-la-pandemia\/\" title=\"Ximo Puig anuncia la sol\u00b7licitud al TSJCV per a limitar la mobilitat nocturna en 77 municipis i noves restriccions per a frenar l&#8217;avan\u00e7 de la pand\u00e8mia\">[+] <\/a><\/div>\n","protected":false},"author":12,"featured_media":138140,"comment_status":"open","ping_status":"open","sticky":false,"template":"","format":"standard","meta":{"footnotes":""},"categories":[10890,10951,10892,11010,12202,11046,10898,10948,10963,10894,10904,10912,10902,10903,10947,10909,10896,10897],"tags":[11939,11940,11498,15110,13133,14329,15058,11073],"class_list":["post-138141","post","type-post","status-publish","format-standard","has-post-thumbnail","category-ademus","category-ayora-cofrentes-ca","category-camp-de-turia-ca","category-canal-salud","category-covid-19-ca","category-los-serranos-ca","category-ventana-ca","category-infraestructuras-ca","category-la-canal-de-navarres-ca","category-la-comarca-ca","category-sin-categorizar-ca","category-la-hoya-ca","category-la-ribera-ca","category-medio-ambiente-la-comarca-ca","category-politica","category-requena-utiel-ca","category-seccion-ca","category-sucesos-la-comarca-ca","tag-coronavirus-ca","tag-covid-19-ca","tag-generalitat-valenciana-ca","tag-movilidad-nocturna-ca","tag-pandemia-ca","tag-restricciones-ca","tag-tsjcv-ca","tag-ximo-puig-ca"],"_links":{"self":[{"href":"https:\/\/tucomarca.whitekongsoftware.com\/ca\/wp-json\/wp\/v2\/posts\/138141","targetHints":{"allow":["GET"]}}],"collection":[{"href":"https:\/\/tucomarca.whitekongsoftware.com\/ca\/wp-json\/wp\/v2\/posts"}],"about":[{"href":"https:\/\/tucomarca.whitekongsoftware.com\/ca\/wp-json\/wp\/v2\/types\/post"}],"author":[{"embeddable":true,"href":"https:\/\/tucomarca.whitekongsoftware.com\/ca\/wp-json\/wp\/v2\/users\/12"}],"replies":[{"embeddable":true,"href":"https:\/\/tucomarca.whitekongsoftware.com\/ca\/wp-json\/wp\/v2\/comments?post=138141"}],"version-history":[{"count":0,"href":"https:\/\/tucomarca.whitekongsoftware.com\/ca\/wp-json\/wp\/v2\/posts\/138141\/revisions"}],"wp:featuredmedia":[{"embeddable":true,"href":"https:\/\/tucomarca.whitekongsoftware.com\/ca\/wp-json\/wp\/v2\/media\/138140"}],"wp:attachment":[{"href":"https:\/\/tucomarca.whitekongsoftware.com\/ca\/wp-json\/wp\/v2\/media?parent=138141"}],"wp:term":[{"taxonomy":"category","embeddable":true,"href":"https:\/\/tucomarca.whitekongsoftware.com\/ca\/wp-json\/wp\/v2\/categories?post=138141"},{"taxonomy":"post_tag","embeddable":true,"href":"https:\/\/tucomarca.whitekongsoftware.com\/ca\/wp-json\/wp\/v2\/tags?post=138141"}],"curies":[{"name":"wp","href":"https:\/\/api.w.org\/{rel}","templated":true}]}}