{"id":138111,"date":"2021-07-22T09:00:00","date_gmt":"2021-07-22T08:00:00","guid":{"rendered":"http:\/\/www.tucomarca.com\/wordpress\/segunda\/?p=138111"},"modified":"2021-07-22T09:02:06","modified_gmt":"2021-07-22T08:02:06","slug":"el-ministeri-de-transicio-ecologica-revela-que-en-2020-lagricultura-la-ramaderia-i-la-silvicultura-van-emetre-382-mt-de-co%e2%82%82-pero-van-absorbir-366-mt","status":"publish","type":"post","link":"https:\/\/tucomarca.whitekongsoftware.com\/ca\/el-ministeri-de-transicio-ecologica-revela-que-en-2020-lagricultura-la-ramaderia-i-la-silvicultura-van-emetre-382-mt-de-co%e2%82%82-pero-van-absorbir-366-mt\/","title":{"rendered":"El Ministeri de Transici\u00f3 Ecol\u00f2gica revela que en 2020 l&#8217;agricultura, la ramaderia i la silvicultura van emetre 38,2 Mt de CO\u2082 per\u00f2 van absorbir 36,6 Mt"},"content":{"rendered":"\n<p class=\"wp-block-paragraph\">L&#8217;agricultura, la ramaderia i la silvicultura \u00e9s l&#8217;\u00fanic sector econ\u00f2mic amb efecte embornal de di\u00f2xid de carboni (CO\u2082) i les absorcions del mateix es van estimar durant 2020 en 36,6 milions de tones de CO\u2082. At\u00e9s que les emissions d&#8217;aquests gasos contaminants en l&#8217;agro espanyol ascendeixen a 38,2 milions de tones, en descomptar els 36,6 capturats, el balan\u00e7 net d&#8217;emissions es redueix a 1,6 milions de tones, la qual cosa representa \u00fanicament el 0,68% de les emissions totals a Espanya (234,9 Mt). Aix\u00ed conclou l&#8217;Associaci\u00f3 Valenciana d&#8217;Agricultors (AVA-Asaja) a partir de la nota informativa sobre l&#8217;Avan\u00e7 d&#8217;Emissions de Gasos d&#8217;Efecte d&#8217;hivernacle corresponent a l&#8217;any 2020 publicat pel Ministeri per a la Transici\u00f3 Ecol\u00f2gica i el Repte Demogr\u00e0fic.<\/p>\n\n\n\n<p class=\"wp-block-paragraph\">El president de AVA-Asaja, Crist\u00f3bal Aguado, assenyala que \u201cel Govern reconeix amb dades estad\u00edstiques oficials que el sector agroforestal espanyol, entre el que contamina i el que descontamina, a penes t\u00e9 una insignificant incid\u00e8ncia en les emissions. El 14% del c\u00f2mput total que li assigna a l&#8217;agricultura i ramaderia es queda en tot just un 0,6% quan es t\u00e9 en compte la seua contribuci\u00f3 en captura de carboni, per no parlar del seu paper fonamental en la lluita contra l&#8217;erosi\u00f3 i la desertitzaci\u00f3, la prevenci\u00f3 de riscos forestals, el foment de la biodiversitat, la fixaci\u00f3 de poblaci\u00f3 en les \u00e0rees rurals o la preservaci\u00f3 paisatg\u00edstica\u201d. Informa, <strong>Luis Ib\u00e1\u00f1ez.<\/strong><\/p>\n","protected":false},"excerpt":{"rendered":"<div class=\"mh-excerpt\">L&#8217;agricultura, la ramaderia i la silvicultura \u00e9s l&#8217;\u00fanic sector econ\u00f2mic amb efecte embornal de di\u00f2xid de carboni (CO\u2082) i les absorcions del mateix es van estimar durant 2020 en 36,6 milions de tones de CO\u2082. <a class=\"mh-excerpt-more\" href=\"https:\/\/tucomarca.whitekongsoftware.com\/ca\/el-ministeri-de-transicio-ecologica-revela-que-en-2020-lagricultura-la-ramaderia-i-la-silvicultura-van-emetre-382-mt-de-co%e2%82%82-pero-van-absorbir-366-mt\/\" title=\"El Ministeri de Transici\u00f3 Ecol\u00f2gica revela que en 2020 l&#8217;agricultura, la ramaderia i la silvicultura van emetre 38,2 Mt de CO\u2082 per\u00f2 van absorbir 36,6 Mt\">[+] <\/a><\/div>\n","protected":false},"author":12,"featured_media":138110,"comment_status":"open","ping_status":"open","sticky":false,"template":"","format":"standard","meta":{"footnotes":""},"categories":[10890,10905,11046,10898,10948,10894,10904,10903,10947,10909,10896],"tags":[11924,15102],"class_list":["post-138111","post","type-post","status-publish","format-standard","has-post-thumbnail","category-ademus","category-agricultura-la-comarca-ca","category-los-serranos-ca","category-ventana-ca","category-infraestructuras-ca","category-la-comarca-ca","category-sin-categorizar-ca","category-medio-ambiente-la-comarca-ca","category-politica","category-requena-utiel-ca","category-seccion-ca","tag-ava-asaja-ca","tag-ministerio-de-transicion-ecologica-ca"],"_links":{"self":[{"href":"https:\/\/tucomarca.whitekongsoftware.com\/ca\/wp-json\/wp\/v2\/posts\/138111","targetHints":{"allow":["GET"]}}],"collection":[{"href":"https:\/\/tucomarca.whitekongsoftware.com\/ca\/wp-json\/wp\/v2\/posts"}],"about":[{"href":"https:\/\/tucomarca.whitekongsoftware.com\/ca\/wp-json\/wp\/v2\/types\/post"}],"author":[{"embeddable":true,"href":"https:\/\/tucomarca.whitekongsoftware.com\/ca\/wp-json\/wp\/v2\/users\/12"}],"replies":[{"embeddable":true,"href":"https:\/\/tucomarca.whitekongsoftware.com\/ca\/wp-json\/wp\/v2\/comments?post=138111"}],"version-history":[{"count":0,"href":"https:\/\/tucomarca.whitekongsoftware.com\/ca\/wp-json\/wp\/v2\/posts\/138111\/revisions"}],"wp:featuredmedia":[{"embeddable":true,"href":"https:\/\/tucomarca.whitekongsoftware.com\/ca\/wp-json\/wp\/v2\/media\/138110"}],"wp:attachment":[{"href":"https:\/\/tucomarca.whitekongsoftware.com\/ca\/wp-json\/wp\/v2\/media?parent=138111"}],"wp:term":[{"taxonomy":"category","embeddable":true,"href":"https:\/\/tucomarca.whitekongsoftware.com\/ca\/wp-json\/wp\/v2\/categories?post=138111"},{"taxonomy":"post_tag","embeddable":true,"href":"https:\/\/tucomarca.whitekongsoftware.com\/ca\/wp-json\/wp\/v2\/tags?post=138111"}],"curies":[{"name":"wp","href":"https:\/\/api.w.org\/{rel}","templated":true}]}}