{"id":137843,"date":"2021-07-17T14:00:00","date_gmt":"2021-07-17T13:00:00","guid":{"rendered":"http:\/\/www.tucomarca.com\/wordpress\/segunda\/?p=137843"},"modified":"2021-07-19T09:27:32","modified_gmt":"2021-07-19T08:27:32","slug":"la-diputacio-presenta-les-etapes-valencianes-de-la-vuelta-a-espana-que-partira-de-burgos-el-14-dagost","status":"publish","type":"post","link":"https:\/\/tucomarca.whitekongsoftware.com\/ca\/la-diputacio-presenta-les-etapes-valencianes-de-la-vuelta-a-espana-que-partira-de-burgos-el-14-dagost\/","title":{"rendered":"La Diputaci\u00f3 presenta les etapes valencianes de la Vuelta a Espa\u00f1a que partir\u00e0 de Burgos el 14 d&#8217;agost"},"content":{"rendered":"\n<h4 class=\"wp-block-heading\"><strong>La ronda ciclista torna a les carreteres valencianes despr\u00e9s de la pand\u00e8mia amb eixides a Requena i Gandia i arribada en l&#8217;Alt de la Muntanya de Cullera. \u00c9s la cinquena vegada que la Volta visita la prov\u00edncia en les \u00faltimes set edicions<\/strong><\/h4>\n\n\n\n<h4 class=\"wp-block-heading\"><strong>El dijous 19 d&#8217;agost es disputar\u00e0 la sisena etapa entre Requena i Cullera, amb un tra\u00e7at pla, i un dia despr\u00e9s la setena etapa unir\u00e0 Gandia i el Balc\u00f3 d&#8217;Alacant amb sis ports de muntanya<\/strong><\/h4>\n\n\n\n<h4 class=\"wp-block-heading\"><strong>El diputat d&#8217;Esports, Andr\u00e9s Campos, i el director de La Vuelta, Javier Guill\u00e9n, coincidixen que Val\u00e8ncia \u00e9s terra de ciclisme i que el seu protagonisme en la carrera tindr\u00e0 continu\u00eftat en el temps<\/strong><\/h4>\n\n\n\n<figure class=\"wp-block-image size-large\"><img loading=\"lazy\" decoding=\"async\" width=\"960\" height=\"369\" src=\"http:\/\/www.tucomarca.com\/wordpress\/segunda\/wp-content\/uploads\/2021\/07\/Etapa6.jpg\" alt=\"\" class=\"wp-image-137846\" srcset=\"https:\/\/tucomarca.whitekongsoftware.com\/wp-content\/uploads\/2021\/07\/Etapa6.jpg 960w, https:\/\/tucomarca.whitekongsoftware.com\/wp-content\/uploads\/2021\/07\/Etapa6-300x115.jpg 300w, https:\/\/tucomarca.whitekongsoftware.com\/wp-content\/uploads\/2021\/07\/Etapa6-768x295.jpg 768w\" sizes=\"auto, (max-width: 960px) 100vw, 960px\" \/><\/figure>\n\n\n\n<p class=\"wp-block-paragraph\">El pati dels Scala de la Diputaci\u00f3 ha acollit este divendres la presentaci\u00f3 de les etapes valencianes de La Vuelta a Espa\u00f1a 2021. La corporaci\u00f3 provincial, a trav\u00e9s de l&#8217;\u00e0rea d&#8217;Esports que dirigix Andr\u00e9s Campos, ha apostat una vegada m\u00e9s pel potencial de la ronda ciclista a l&#8217;hora de mostrar al m\u00f3n els encants de les comarques valencianes i el retorn per a les localitats amb eixides d&#8217;etapa, cas de Requena i Gandia, i arribada, esta vegada en l&#8217;Alt de la Muntanya de Cullera.<\/p>\n\n\n\n<p class=\"wp-block-paragraph\">El president de la Diputaci\u00f3, Toni Gaspar, ha tancat un acte de presentaci\u00f3 en el qual han participat el director de La Vuelta, Javier Guill\u00e9n, el diputat d&#8217;Esports, Andr\u00e9s Campos, i l&#8217;ex ciclista professional i director t\u00e8cnic de la carrera Fernando Escart\u00edn, que ha exposat el perfil de les etapes valencianes. Gaspar ha mostrat la seua confian\u00e7a amb la \u201cexquisida organitzaci\u00f3\u201d de la ronda ciclista i ha demanat als organitzadors que continuen comptant amb Val\u00e8ncia per a \u201ceste projecte que mostra Espa\u00f1a a trav\u00e9s de l&#8217;esport\u201d. El president ha suggerit que l&#8217;Any Sant Francesc de Borja pot ser una gran excusa per a repetir en la pr\u00f2xima edici\u00f3 de la carrera.<\/p>\n\n\n\n<p class=\"wp-block-paragraph\">La sisena etapa de La Vuelta 2021 es disputar\u00e0 el dijous 19 d&#8217;agost entre Requena i Cullera, amb un recorregut de 159 quil\u00f2metres i un tra\u00e7at pla que passar\u00e0, entre altres localitats, per Y\u00e1tova, Tur\u00eds, Picassent, Catarroja, Alc\u00e0sser, Silla, Albal, Alfafar, Benet\u00fasser, Massanassa i Val\u00e8ncia, abans de dirigir-se cap a la marjal de Sueca i la meta situada en l&#8217;Alt de la Muntanya de Cullera, on els helic\u00f2pters captaran l&#8217;espectacular vista a\u00e8ria de La Ribera. En paraules de Fernando Escart\u00edn, \u201cuna de les etapes que m\u00e9s pobles travessa amb un recorregut urb\u00e0 que acosta la carrera al p\u00fablic\u201d.<\/p>\n\n\n\n<p class=\"wp-block-paragraph\">Un dia despr\u00e9s, el divendres 20 d&#8217;agost, la setena etapa arrancar\u00e0 a Gandia, capital de La Safor, amb un recorregut de 152 quil\u00f2metres fins al Balc\u00f3 d&#8217;Alacant. La muntanya ser\u00e0 la gran protagonista d&#8217;una jornada en la qual s&#8217;ascendiran sis ports, dos de tercera, dos de segona i altres dos de primera categoria, entre ells el de La Llacuna de Vilallonga, amb desnivells que arriben al 18% en les cotes m\u00e9s dures. \u201cUna etapa en la qual es preveuen molts moviments, comen\u00e7ant per l&#8217;emboscada que pot suposar La Llacuna\u201d, apunta Escart\u00edn.<\/p>\n\n\n\n<p class=\"wp-block-paragraph\"><strong>Cinquena visita en set anys<\/strong><\/p>\n\n\n\n<p class=\"wp-block-paragraph\">La confian\u00e7a de La Vuelta en la Diputaci\u00f3 com a \u201ccasa dels pobles valencians\u201d i de la corporaci\u00f3 en La Vuelta pel seu rigor organitzatiu i el retorn per a la prov\u00edncia queden reflectides en el recorregut de les set \u00faltimes edicions de la ronda, de les quals cinc amb la d&#8217;enguany han incl\u00f2s en el tra\u00e7at la prov\u00edncia de Val\u00e8ncia. En 2015, Val\u00e9ncia va ser eixida d&#8217;una etapa amb destinaci\u00f3 Castell\u00f3 de la Plana; des de llavors, municipis com Sagunt, Ll\u00edria, El Puig, L&#8217;Eliana, Gandia, Requena i Cullera han sigut seus d&#8217;eixides i arribades de diferents etapes.<\/p>\n\n\n\n<p class=\"wp-block-paragraph\">El diputat d&#8217;Esports, Andr\u00e9s Campos, creu que esta confian\u00e7a m\u00fatua se senta sobre la base de tres estrat\u00e8gies en les quals coincidixen la Diputaci\u00f3 i La Vuelta. D&#8217;una banda, \u201cla vertebraci\u00f3 del territori que ens deixa grans vesprades de ciclisme amb les imatges televisives dels nostres pobles\u201d; per una altra, \u201cel convenciment que els esdeveniments esportius tenen un gran valor afegit en qualsevol planificaci\u00f3 tur\u00edstica\u201d; i finalment, \u201cels valors del sacrifici i la superaci\u00f3 que igual que els ciclistes compartim els que gestionem esta instituci\u00f3\u201d.<\/p>\n\n\n\n<p class=\"wp-block-paragraph\"><strong>L&#8217;ambiciosa \u2018Volta de les catedrals\u2019<\/strong><\/p>\n\n\n\n<p class=\"wp-block-paragraph\">El director de l&#8217;esdeveniment esportiu, Javier Guill\u00e9n, ha donat algunes pinzellades de la coneguda com a Volta de les catedrals, que arrancar\u00e0 el dissabte 14 d&#8217;agost a Burgos, commemorant el huit\u00e9 centenari de la joia del g\u00f2tic amb una crono individual de 8 quil\u00f2metres, i acabar\u00e0 el diumenge 5 de setembre enfront de la catedral de Santiago de Compostel\u00b7la, amb una altra contrarellotge de 33 quil\u00f2metres que eixir\u00e0 de Padr\u00f3n i que decidir\u00e0 la sort d&#8217;una Vuelta \u201cambiciosa i dura que recorrer\u00e0 sol territori nacional i que presenta moltes novetats\u201d, com el tercer final de la ronda a Santiago coincidint amb el Xacobeo.<\/p>\n\n\n\n<p class=\"wp-block-paragraph\">Guill\u00e9n ha destacat la gran varietat de terrenys i seus in\u00e8dites com l&#8217;alt asturi\u00e0 del Gamoniteiru, incloent \u201cdestinacions tur\u00edstiques i altres de gran bellesa que mostraran el potencial del pa\u00eds en un sector al qual hem d&#8217;ajudar despr\u00e9s del dur colp patit amb la pand\u00e8mia\u201d. El director de La Vuelta ha presentat aix\u00ed \u201cuna carrera llarga que mostrar\u00e0 el potencial d&#8217;Espa\u00f1a com a referent tur\u00edstic mundial\u201d. I en eixe marc no podia faltar \u201cla variada geografia valenciana que mescla mar i muntanya amb tra\u00e7ats que s&#8217;adapten perfectament a l&#8217;atractiu esportiu de la carrera\u201d.<\/p>\n\n\n\n<p class=\"wp-block-paragraph\">En este sentit, el responsable de La Vuelta ha destacat les m\u00e9s de tres hores de protagonisme que tindran els pobles i ciutats valencianes en les televisions de 190 pa\u00efsos i \u201cl&#8217;espectacular arribada a la Muntanya de Cullera amb percentatges incre\u00efbles en tot just dos quil\u00f2metres al costat de la mar\u201d. Javier Guill\u00e9n ha incidit en el potencial de l&#8217;esdeveniment com a eix promocional que genera grans audi\u00e8ncies, per\u00f2 tamb\u00e9 en el retorn econ\u00f2mic que deixa la caravana de la Volta i \u201cmolt especialment en esta edici\u00f3, en el retorn emocional despr\u00e9s de dos anys de pand\u00e8mia\u201d.<\/p>\n\n\n\n<p class=\"wp-block-paragraph\"><\/p>\n","protected":false},"excerpt":{"rendered":"<div class=\"mh-excerpt\">La ronda ciclista torna a les carreteres valencianes despr\u00e9s de la pand\u00e8mia amb eixides a Requena i Gandia i arribada en l&#8217;Alt de la Muntanya de Cullera. \u00c9s la cinquena vegada que la Volta visita <a class=\"mh-excerpt-more\" href=\"https:\/\/tucomarca.whitekongsoftware.com\/ca\/la-diputacio-presenta-les-etapes-valencianes-de-la-vuelta-a-espana-que-partira-de-burgos-el-14-dagost\/\" title=\"La Diputaci\u00f3 presenta les etapes valencianes de la Vuelta a Espa\u00f1a que partir\u00e0 de Burgos el 14 d&#8217;agost\">[+] <\/a><\/div>\n","protected":false},"author":12,"featured_media":137842,"comment_status":"open","ping_status":"open","sticky":false,"template":"","format":"standard","meta":{"footnotes":""},"categories":[10911,11013,11003,10898,10980,10948,10894,10904,10912,10902,10947,10908,10909,10896,11047],"tags":[11146,11246,10914,11099,11459,13856,11141],"class_list":["post-137843","post","type-post","status-publish","format-standard","has-post-thumbnail","category-bunol-ca","category-ciclismo-ca","category-sports","category-ventana-ca","category-yatova-ca","category-infraestructuras-ca","category-la-comarca-ca","category-sin-categorizar-ca","category-la-hoya-ca","category-la-ribera-ca","category-politica","category-requena-ca","category-requena-utiel-ca","category-seccion-ca","category-turis-ca","tag-ciclismo-2-ca","tag-diputacio-de-valencia-ca","tag-la-hoya-de-bunol-chiva-ca","tag-requena-ca","tag-utiel-requena-ca","tag-vuelta-a-espana-ca","tag-yatova-ca"],"_links":{"self":[{"href":"https:\/\/tucomarca.whitekongsoftware.com\/ca\/wp-json\/wp\/v2\/posts\/137843","targetHints":{"allow":["GET"]}}],"collection":[{"href":"https:\/\/tucomarca.whitekongsoftware.com\/ca\/wp-json\/wp\/v2\/posts"}],"about":[{"href":"https:\/\/tucomarca.whitekongsoftware.com\/ca\/wp-json\/wp\/v2\/types\/post"}],"author":[{"embeddable":true,"href":"https:\/\/tucomarca.whitekongsoftware.com\/ca\/wp-json\/wp\/v2\/users\/12"}],"replies":[{"embeddable":true,"href":"https:\/\/tucomarca.whitekongsoftware.com\/ca\/wp-json\/wp\/v2\/comments?post=137843"}],"version-history":[{"count":0,"href":"https:\/\/tucomarca.whitekongsoftware.com\/ca\/wp-json\/wp\/v2\/posts\/137843\/revisions"}],"wp:featuredmedia":[{"embeddable":true,"href":"https:\/\/tucomarca.whitekongsoftware.com\/ca\/wp-json\/wp\/v2\/media\/137842"}],"wp:attachment":[{"href":"https:\/\/tucomarca.whitekongsoftware.com\/ca\/wp-json\/wp\/v2\/media?parent=137843"}],"wp:term":[{"taxonomy":"category","embeddable":true,"href":"https:\/\/tucomarca.whitekongsoftware.com\/ca\/wp-json\/wp\/v2\/categories?post=137843"},{"taxonomy":"post_tag","embeddable":true,"href":"https:\/\/tucomarca.whitekongsoftware.com\/ca\/wp-json\/wp\/v2\/tags?post=137843"}],"curies":[{"name":"wp","href":"https:\/\/api.w.org\/{rel}","templated":true}]}}