{"id":137733,"date":"2021-07-19T08:00:00","date_gmt":"2021-07-19T07:00:00","guid":{"rendered":"http:\/\/www.tucomarca.com\/wordpress\/segunda\/?p=137733"},"modified":"2021-07-21T13:34:26","modified_gmt":"2021-07-21T12:34:26","slug":"ccoopv-exigeix-la-readmissio-immediata-de-les-dues-treballadores-acomiadades-del-centre-vinyes-2-dutiel-que-aten-persones-amb-diversitat-funcional","status":"publish","type":"post","link":"https:\/\/tucomarca.whitekongsoftware.com\/ca\/ccoopv-exigeix-la-readmissio-immediata-de-les-dues-treballadores-acomiadades-del-centre-vinyes-2-dutiel-que-aten-persones-amb-diversitat-funcional\/","title":{"rendered":"CCOOPV exigeix la readmissi\u00f3 immediata de les dues treballadores acomiadades del centre Vinyes 2 d&#8217;Utiel que at\u00e9n persones amb diversitat funcional"},"content":{"rendered":"\n<p class=\"wp-block-paragraph\">Des de CCOOPV &#8220;no concebem l&#8217;acomiadament de dues treballadores d&#8217;aquest centre que, en detectar la direcci\u00f3 de l&#8217;empresa que s&#8217;anaven a presentar a les eleccions sindicals, se&#8217;ls haja comunicat l&#8217;extinci\u00f3 del seu contracte&#8221;.<br>&#8220;Aqueixa comunicaci\u00f3 d&#8217;acomiadament \u00e9s per a CCOOPV una actuaci\u00f3 desmesurada que contrav\u00e9 un dret fonamental dels treballadors i treballadores a organitzar-se i que ataca de manera radical la llei de llibertat sindical&#8221;.<br>&#8220;Com vulga que en el patronatge d&#8217;aquesta fundaci\u00f3 est\u00e0 entre altres l&#8217;Ajuntament d&#8217;Utiel i la presid\u00e8ncia de la Fundaci\u00f3 Resid\u00e8ncia i Centres de Serveis Socials La nostra Senyora dels Remeis i SCJ l&#8217;ostenta actualment l&#8217;Alcalde Fernando Benlliure Garc\u00eda, exigim una intervenci\u00f3 racional, dialogada i conjunta per a donar eixida a una soluci\u00f3 que nom\u00e9s passa per la RETIRADA DELS DOS ACOMIADAMENTS i la volta a la normalitat en les relacions, que permeta mantindre l&#8217;adequat servei sense que hi haja una deriva conflictiva en el futur&#8221;.<br>Les treballadores i treballadors d&#8217;aquesta resid\u00e8ncia no entenen &#8220;aquests acomiadaments i menys com a possible repres\u00e0lia al fet que aquestes dues treballadores s&#8217;havien presentat com a candidates a les eleccions sindicals convocades a la fi del passat mes de juny. Un nombr\u00f3s grup d&#8217;elles estan organitzant-se i reivindicant la correcci\u00f3 d&#8217;aqueixa mesura&#8221;.<br>&#8220;Des de CCOOPV demandem una SOLUCI\u00d3 immediata i la readmissi\u00f3 de les treballadores. CCOOPV est\u00e0 disposada a col\u00b7laborar amb la Fundaci\u00f3 i els seus titulars patrons i ger\u00e8ncia per a una eixida negociada d&#8217;aquesta situaci\u00f3 i canalitzar de manera positiva una soluci\u00f3 a aquest conflicte que de no resoldre&#8217;s podria generar tensions innecess\u00e0ries entre empresa i treballadores.\u00a0Demanem, tant a la Fundaci\u00f3 com a l&#8217;Ajuntament una negociaci\u00f3 pactada i manifestem que des d&#8217;aquesta organitzaci\u00f3 sindical volem ser part de la soluci\u00f3 i evitar un enquistamiento futur de conseq\u00fc\u00e8ncies impresivisibles&#8221;.<\/p>\n\n\n\n<p class=\"wp-block-paragraph\"><\/p>\n","protected":false},"excerpt":{"rendered":"<div class=\"mh-excerpt\">Des de CCOOPV &#8220;no concebem l&#8217;acomiadament de dues treballadores d&#8217;aquest centre que, en detectar la direcci\u00f3 de l&#8217;empresa que s&#8217;anaven a presentar a les eleccions sindicals, se&#8217;ls haja comunicat l&#8217;extinci\u00f3 del seu contracte&#8221;.&#8220;Aqueixa comunicaci\u00f3 d&#8217;acomiadament <a class=\"mh-excerpt-more\" href=\"https:\/\/tucomarca.whitekongsoftware.com\/ca\/ccoopv-exigeix-la-readmissio-immediata-de-les-dues-treballadores-acomiadades-del-centre-vinyes-2-dutiel-que-aten-persones-amb-diversitat-funcional\/\" title=\"CCOOPV exigeix la readmissi\u00f3 immediata de les dues treballadores acomiadades del centre Vinyes 2 d&#8217;Utiel que at\u00e9n persones amb diversitat funcional\">[+] <\/a><\/div>\n","protected":false},"author":12,"featured_media":106783,"comment_status":"open","ping_status":"open","sticky":false,"template":"","format":"standard","meta":{"footnotes":""},"categories":[10948,10894,10947,10909,10896,10897,11059],"tags":[15078,12150,11459],"class_list":["post-137733","post","type-post","status-publish","format-standard","has-post-thumbnail","category-infraestructuras-ca","category-la-comarca-ca","category-politica","category-requena-utiel-ca","category-seccion-ca","category-sucesos-la-comarca-ca","category-utiel-ca","tag-ccoopv-ca","tag-comisiones-obreras-de-las-comarcas-del-interior-ca","tag-utiel-requena-ca"],"_links":{"self":[{"href":"https:\/\/tucomarca.whitekongsoftware.com\/ca\/wp-json\/wp\/v2\/posts\/137733","targetHints":{"allow":["GET"]}}],"collection":[{"href":"https:\/\/tucomarca.whitekongsoftware.com\/ca\/wp-json\/wp\/v2\/posts"}],"about":[{"href":"https:\/\/tucomarca.whitekongsoftware.com\/ca\/wp-json\/wp\/v2\/types\/post"}],"author":[{"embeddable":true,"href":"https:\/\/tucomarca.whitekongsoftware.com\/ca\/wp-json\/wp\/v2\/users\/12"}],"replies":[{"embeddable":true,"href":"https:\/\/tucomarca.whitekongsoftware.com\/ca\/wp-json\/wp\/v2\/comments?post=137733"}],"version-history":[{"count":0,"href":"https:\/\/tucomarca.whitekongsoftware.com\/ca\/wp-json\/wp\/v2\/posts\/137733\/revisions"}],"wp:featuredmedia":[{"embeddable":true,"href":"https:\/\/tucomarca.whitekongsoftware.com\/ca\/wp-json\/wp\/v2\/media\/106783"}],"wp:attachment":[{"href":"https:\/\/tucomarca.whitekongsoftware.com\/ca\/wp-json\/wp\/v2\/media?parent=137733"}],"wp:term":[{"taxonomy":"category","embeddable":true,"href":"https:\/\/tucomarca.whitekongsoftware.com\/ca\/wp-json\/wp\/v2\/categories?post=137733"},{"taxonomy":"post_tag","embeddable":true,"href":"https:\/\/tucomarca.whitekongsoftware.com\/ca\/wp-json\/wp\/v2\/tags?post=137733"}],"curies":[{"name":"wp","href":"https:\/\/api.w.org\/{rel}","templated":true}]}}