{"id":137723,"date":"2021-07-15T19:00:00","date_gmt":"2021-07-15T18:00:00","guid":{"rendered":"http:\/\/www.tucomarca.com\/wordpress\/segunda\/?p=137723"},"modified":"2021-07-17T00:28:31","modified_gmt":"2021-07-16T23:28:31","slug":"el-prestigios-torneig-de-frontenis-de-bunyol-obri-les-inscripcions","status":"publish","type":"post","link":"https:\/\/tucomarca.whitekongsoftware.com\/ca\/el-prestigios-torneig-de-frontenis-de-bunyol-obri-les-inscripcions\/","title":{"rendered":"El prestigi\u00f3s torneig de frontenis de Bunyol obri les inscripcions"},"content":{"rendered":"\n<p class=\"wp-block-paragraph\">L&#8217;Ajuntament de Bunyol, amb la col\u00b7laboraci\u00f3 del Club de Frontenis del municipi ha obert les inscripcions a la quarant\u00e9 huitena edici\u00f3 del torneig de frontenis d&#8217;estiu del municipi.<br>Es tracta d&#8217;uns dels tornejos m\u00e9s antics i amb m\u00e9s solera, pr\u00f2xim a complir el mig segle disputant-se. Les inscripcions ja estan obertes, fins al 24 de juliol, i es preveu un m\u00e0xim de 24 parelles, en categoria masculina i mixta.<br>Les inscripcions tenen un cost de 10 euros per persona, i hi haur\u00e0 un trofeu per a les quatre primeres parelles classificades, a m\u00e9s d&#8217;alguns premis en met\u00e0l\u00b7lic.<br>El torn arrancar\u00e0 el 27 de juliol i la gran final es disputar\u00e0 el 19 d&#8217;agost, tot aix\u00f2 en les instal\u00b7lacions del poliesportiu del Planell.<br>Des de la regidoria d&#8217;Esports, el seu responsable, Manuel Sierra ha volgut agrair la predisposici\u00f3 de Toni Cus\u00ed i de la resta d&#8217;integrants del col\u00b7lectiu del frontenis a Bunyol, \u201cper a posar en marxa aquest torneig tan arrelat en la nostra localitat, esperant que es puga mantindre el nivell que es va aconseguir durant l&#8217;edici\u00f3 anterior\u201d, a m\u00e9s, des de la regidoria d&#8217;Esports s&#8217;ha assegurat es compliran les mesures de seguretat de manera estricta, perqu\u00e8 tant jugadors com p\u00fablic puguen gaudir amb tranquil\u00b7litat de totes les partides, durant el desenvolupament del campionat.<br>Per part seua, des de l&#8217;organitzaci\u00f3, Toni Cus\u00ed ha assegurat que \u201cesperem un alt\u00edssim nivell, amb parelles de la m\u00e0xima divisi\u00f3 del frontenis de la Comunitat Valenciana\u201d, la qual cosa fa que s&#8217;atraga p\u00fablic seguidor d&#8217;aquest esport donat l&#8217;alt nivell competitiu.<\/p>\n\n\n\n<p class=\"wp-block-paragraph\"><\/p>\n","protected":false},"excerpt":{"rendered":"<div class=\"mh-excerpt\">L&#8217;Ajuntament de Bunyol, amb la col\u00b7laboraci\u00f3 del Club de Frontenis del municipi ha obert les inscripcions a la quarant\u00e9 huitena edici\u00f3 del torneig de frontenis d&#8217;estiu del municipi.Es tracta d&#8217;uns dels tornejos m\u00e9s antics i <a class=\"mh-excerpt-more\" href=\"https:\/\/tucomarca.whitekongsoftware.com\/ca\/el-prestigios-torneig-de-frontenis-de-bunyol-obri-les-inscripcions\/\" title=\"El prestigi\u00f3s torneig de frontenis de Bunyol obri les inscripcions\">[+] <\/a><\/div>\n","protected":false},"author":12,"featured_media":137722,"comment_status":"open","ping_status":"open","sticky":false,"template":"","format":"standard","meta":{"footnotes":""},"categories":[10911,11003,10912,11009,10896],"tags":[10913,10914,15076],"class_list":["post-137723","post","type-post","status-publish","format-standard","has-post-thumbnail","category-bunol-ca","category-sports","category-la-hoya-ca","category-polideportivo-ca","category-seccion-ca","tag-bunol-ca","tag-la-hoya-de-bunol-chiva-ca","tag-torneo-de-frontenis-ca"],"_links":{"self":[{"href":"https:\/\/tucomarca.whitekongsoftware.com\/ca\/wp-json\/wp\/v2\/posts\/137723","targetHints":{"allow":["GET"]}}],"collection":[{"href":"https:\/\/tucomarca.whitekongsoftware.com\/ca\/wp-json\/wp\/v2\/posts"}],"about":[{"href":"https:\/\/tucomarca.whitekongsoftware.com\/ca\/wp-json\/wp\/v2\/types\/post"}],"author":[{"embeddable":true,"href":"https:\/\/tucomarca.whitekongsoftware.com\/ca\/wp-json\/wp\/v2\/users\/12"}],"replies":[{"embeddable":true,"href":"https:\/\/tucomarca.whitekongsoftware.com\/ca\/wp-json\/wp\/v2\/comments?post=137723"}],"version-history":[{"count":0,"href":"https:\/\/tucomarca.whitekongsoftware.com\/ca\/wp-json\/wp\/v2\/posts\/137723\/revisions"}],"wp:featuredmedia":[{"embeddable":true,"href":"https:\/\/tucomarca.whitekongsoftware.com\/ca\/wp-json\/wp\/v2\/media\/137722"}],"wp:attachment":[{"href":"https:\/\/tucomarca.whitekongsoftware.com\/ca\/wp-json\/wp\/v2\/media?parent=137723"}],"wp:term":[{"taxonomy":"category","embeddable":true,"href":"https:\/\/tucomarca.whitekongsoftware.com\/ca\/wp-json\/wp\/v2\/categories?post=137723"},{"taxonomy":"post_tag","embeddable":true,"href":"https:\/\/tucomarca.whitekongsoftware.com\/ca\/wp-json\/wp\/v2\/tags?post=137723"}],"curies":[{"name":"wp","href":"https:\/\/api.w.org\/{rel}","templated":true}]}}