{"id":137691,"date":"2021-07-15T10:00:00","date_gmt":"2021-07-15T09:00:00","guid":{"rendered":"http:\/\/www.tucomarca.com\/wordpress\/segunda\/?p=137691"},"modified":"2021-07-15T18:34:54","modified_gmt":"2021-07-15T17:34:54","slug":"benaguasil-aconsegueix-un-nou-taller-dus-dobra-de-paleta-i-jardineria","status":"publish","type":"post","link":"https:\/\/tucomarca.whitekongsoftware.com\/ca\/benaguasil-aconsegueix-un-nou-taller-dus-dobra-de-paleta-i-jardineria\/","title":{"rendered":"Benaguasil aconsegueix un nou taller d&#8217;\u00fas d&#8217;obra de paleta i jardineria"},"content":{"rendered":"\n<h4 class=\"wp-block-heading\">Permetr\u00e0 contractar 25 persones desocupades durant un any gr\u00e0cies a una subvenci\u00f3 de 448.716 euros<\/h4>\n\n\n\n<p class=\"wp-block-paragraph\">La regidor PatriciaMerenciano ha anunciat la consecuci\u00f3 d&#8217;un nou Taller d&#8217;Ocupaci\u00f3 per part de l&#8217;Ajuntament, gr\u00e0cies a la concessi\u00f3 d&#8217;una subvenci\u00f3 per part de Labora de 448.716 euros.<\/p>\n\n\n\n<p class=\"wp-block-paragraph\">El taller, que arrancar\u00e0 a la fi d&#8217;any, permetr\u00e0 la contractaci\u00f3 de 25 persones desocupades durant un any: 20 alumnes (10 en obra de paleta i 10 en jardineria) i 5 persones (director, tres docents i un auxiliar administratiu).<\/p>\n\n\n\n<p class=\"wp-block-paragraph\">Durant aqueix temps els alumnes rebran formaci\u00f3 reglada amb sessions te\u00f2riques i pr\u00e0ctiques relacionades amb la jardineria i obra de paleta, actuant el grup d&#8217;obra de paleta en la construcci\u00f3 d&#8217;una graderia en el poliesportiu municipal i el de jardineria en la neteja, poda, ressembrada i abonat dels parcs i jardins p\u00fablics.<\/p>\n\n\n\n<p class=\"wp-block-paragraph\">Segons la regidor \u201cla creaci\u00f3 de llocs de treball \u00e9s una de les prioritats de l&#8217;equip de Govern, per aix\u00f2 el fet que l&#8217;Ajuntament haja aconseguit un altre taller d&#8217;ocupaci\u00f3 suposa una oportunitat d&#8217;ajudar els nostres ve\u00efns desocupats a optar a un lloc de treball\u201d.<\/p>\n\n\n\n<p class=\"wp-block-paragraph\"><\/p>\n","protected":false},"excerpt":{"rendered":"<div class=\"mh-excerpt\">Permetr\u00e0 contractar 25 persones desocupades durant un any gr\u00e0cies a una subvenci\u00f3 de 448.716 euros La regidor PatriciaMerenciano ha anunciat la consecuci\u00f3 d&#8217;un nou Taller d&#8217;Ocupaci\u00f3 per part de l&#8217;Ajuntament, gr\u00e0cies a la concessi\u00f3 d&#8217;una <a class=\"mh-excerpt-more\" href=\"https:\/\/tucomarca.whitekongsoftware.com\/ca\/benaguasil-aconsegueix-un-nou-taller-dus-dobra-de-paleta-i-jardineria\/\" title=\"Benaguasil aconsegueix un nou taller d&#8217;\u00fas d&#8217;obra de paleta i jardineria\">[+] <\/a><\/div>\n","protected":false},"author":12,"featured_media":137690,"comment_status":"open","ping_status":"open","sticky":false,"template":"","format":"standard","meta":{"footnotes":""},"categories":[10952,10892,10948,10894,10947,10896],"tags":[11136,10899,13143],"class_list":["post-137691","post","type-post","status-publish","format-standard","has-post-thumbnail","category-benaguasil-ca","category-camp-de-turia-ca","category-infraestructuras-ca","category-la-comarca-ca","category-politica","category-seccion-ca","tag-benaguasil-ca","tag-camp-de-turia-ca","tag-taller-de-empleo-ca"],"_links":{"self":[{"href":"https:\/\/tucomarca.whitekongsoftware.com\/ca\/wp-json\/wp\/v2\/posts\/137691","targetHints":{"allow":["GET"]}}],"collection":[{"href":"https:\/\/tucomarca.whitekongsoftware.com\/ca\/wp-json\/wp\/v2\/posts"}],"about":[{"href":"https:\/\/tucomarca.whitekongsoftware.com\/ca\/wp-json\/wp\/v2\/types\/post"}],"author":[{"embeddable":true,"href":"https:\/\/tucomarca.whitekongsoftware.com\/ca\/wp-json\/wp\/v2\/users\/12"}],"replies":[{"embeddable":true,"href":"https:\/\/tucomarca.whitekongsoftware.com\/ca\/wp-json\/wp\/v2\/comments?post=137691"}],"version-history":[{"count":0,"href":"https:\/\/tucomarca.whitekongsoftware.com\/ca\/wp-json\/wp\/v2\/posts\/137691\/revisions"}],"wp:featuredmedia":[{"embeddable":true,"href":"https:\/\/tucomarca.whitekongsoftware.com\/ca\/wp-json\/wp\/v2\/media\/137690"}],"wp:attachment":[{"href":"https:\/\/tucomarca.whitekongsoftware.com\/ca\/wp-json\/wp\/v2\/media?parent=137691"}],"wp:term":[{"taxonomy":"category","embeddable":true,"href":"https:\/\/tucomarca.whitekongsoftware.com\/ca\/wp-json\/wp\/v2\/categories?post=137691"},{"taxonomy":"post_tag","embeddable":true,"href":"https:\/\/tucomarca.whitekongsoftware.com\/ca\/wp-json\/wp\/v2\/tags?post=137691"}],"curies":[{"name":"wp","href":"https:\/\/api.w.org\/{rel}","templated":true}]}}