{"id":137670,"date":"2021-07-14T09:45:00","date_gmt":"2021-07-14T08:45:00","guid":{"rendered":"http:\/\/www.tucomarca.com\/wordpress\/segunda\/el-cd-bunol-firma-al-centrocampista-dani-lopez-y-renueva-a-martin-farinos-y-a-cesar\/"},"modified":"2021-07-14T22:20:26","modified_gmt":"2021-07-14T21:20:26","slug":"el-cd-bunol-firma-al-centrocampista-dani-lopez-y-renueva-a-martin-farinos-y-a-cesar","status":"publish","type":"post","link":"https:\/\/tucomarca.whitekongsoftware.com\/ca\/el-cd-bunol-firma-al-centrocampista-dani-lopez-y-renueva-a-martin-farinos-y-a-cesar\/","title":{"rendered":"El CD Bunyol signa al migcampista Dani L\u00f3pez i renova a Mart\u00edn Farin\u00f3s i a C\u00e9sar"},"content":{"rendered":"\n<p class=\"wp-block-paragraph\">El CD Bunyol es fa amb els serveis del polivalent Dani L\u00f3pez. Es tracta d&#8217;un jugador amb enorme qualitat i classe, que compta amb experi\u00e8ncia en Tercera Divisi\u00f3, categoria en la qual va militar amb el Recanvis Col\u00f3n, equip amb el qual va aconseguir l&#8217;ascens durant la temporada 2018\/19. Posteriorment, Dani ha militat en equips de Preferent com el SC Requena, CD Soneja i Almussafes CF.<\/p>\n\n\n\n<p class=\"wp-block-paragraph\">Tambi\u00e9n renueva una temporada m\u00e1s a Mart\u00edn Farin\u00f3s, que tras la recuperaci\u00f3n de una grave lesi\u00f3n y contando con la plena confianza del nuevo cuerpo t\u00e9cnico, estar\u00e1 en la plantilla de jugadores que formar\u00e1n el primer equipo durante la pr\u00f3xima temporada. El jugador, proveniente del San Marcelino, d\u00f3nde adem\u00e1s de militar en el primer equipo, se form\u00f3 en sus categor\u00edas inferiores, ha estado trabajando recuper\u00e1ndose de una grave lesi\u00f3n y mostrando una gran implicaci\u00f3n y sacrificio.<\/p>\n\n\n\n<p class=\"wp-block-paragraph\">C\u00e9sar Cervera Cajas permanecer\u00e1 una temporada m\u00e1s en este club. Se trata de un lateral derecho que tiene facilidad para sumarse al ataque. Tras jugar en el Juvenil del CD Bu\u00f1ol, termin\u00f3 su etapa formativa en el Juvenil de Divisi\u00f3n de Honor del Hurac\u00e1n. C\u00e9sar fue una pieza importante del primer equipo en el \u00faltimo a\u00f1o en Tercera Divisi\u00f3n. Tras pasar una temporada en Quart, C\u00e9sar regres\u00f3 al CD Bu\u00f1ol, siendo \u00e9sta su tercera temporada consecutiva en el primer equipo. <\/p>\n","protected":false},"excerpt":{"rendered":"<div class=\"mh-excerpt\">El CD Bunyol es fa amb els serveis del polivalent Dani L\u00f3pez. Es tracta d&#8217;un jugador amb enorme qualitat i classe, que compta amb experi\u00e8ncia en Tercera Divisi\u00f3, categoria en la qual va militar amb <a class=\"mh-excerpt-more\" href=\"https:\/\/tucomarca.whitekongsoftware.com\/ca\/el-cd-bunol-firma-al-centrocampista-dani-lopez-y-renueva-a-martin-farinos-y-a-cesar\/\" title=\"El CD Bunyol signa al migcampista Dani L\u00f3pez i renova a Mart\u00edn Farin\u00f3s i a C\u00e9sar\">[+] <\/a><\/div>\n","protected":false},"author":12,"featured_media":137653,"comment_status":"open","ping_status":"open","sticky":false,"template":"","format":"standard","meta":{"footnotes":""},"categories":[10911,11015,11003,10894,10912,10896],"tags":[11126,12430,10914],"class_list":["post-137670","post","type-post","status-publish","format-standard","has-post-thumbnail","category-bunol-ca","category-canal-futbol","category-sports","category-la-comarca-ca","category-la-hoya-ca","category-seccion-ca","tag-cd-bunol-ca","tag-cd-bunol-fichajes-ca","tag-la-hoya-de-bunol-chiva-ca"],"_links":{"self":[{"href":"https:\/\/tucomarca.whitekongsoftware.com\/ca\/wp-json\/wp\/v2\/posts\/137670","targetHints":{"allow":["GET"]}}],"collection":[{"href":"https:\/\/tucomarca.whitekongsoftware.com\/ca\/wp-json\/wp\/v2\/posts"}],"about":[{"href":"https:\/\/tucomarca.whitekongsoftware.com\/ca\/wp-json\/wp\/v2\/types\/post"}],"author":[{"embeddable":true,"href":"https:\/\/tucomarca.whitekongsoftware.com\/ca\/wp-json\/wp\/v2\/users\/12"}],"replies":[{"embeddable":true,"href":"https:\/\/tucomarca.whitekongsoftware.com\/ca\/wp-json\/wp\/v2\/comments?post=137670"}],"version-history":[{"count":0,"href":"https:\/\/tucomarca.whitekongsoftware.com\/ca\/wp-json\/wp\/v2\/posts\/137670\/revisions"}],"wp:featuredmedia":[{"embeddable":true,"href":"https:\/\/tucomarca.whitekongsoftware.com\/ca\/wp-json\/wp\/v2\/media\/137653"}],"wp:attachment":[{"href":"https:\/\/tucomarca.whitekongsoftware.com\/ca\/wp-json\/wp\/v2\/media?parent=137670"}],"wp:term":[{"taxonomy":"category","embeddable":true,"href":"https:\/\/tucomarca.whitekongsoftware.com\/ca\/wp-json\/wp\/v2\/categories?post=137670"},{"taxonomy":"post_tag","embeddable":true,"href":"https:\/\/tucomarca.whitekongsoftware.com\/ca\/wp-json\/wp\/v2\/tags?post=137670"}],"curies":[{"name":"wp","href":"https:\/\/api.w.org\/{rel}","templated":true}]}}