{"id":137661,"date":"2021-07-14T19:10:00","date_gmt":"2021-07-14T18:10:00","guid":{"rendered":"http:\/\/www.tucomarca.com\/wordpress\/segunda\/?p=137661"},"modified":"2021-07-14T22:16:21","modified_gmt":"2021-07-14T21:16:21","slug":"perez-garijo-ret-homenatge-a-8-persones-de-la-comarca-del-valle-de-cofrentes-ayora-victimes-de-lholocaust","status":"publish","type":"post","link":"https:\/\/tucomarca.whitekongsoftware.com\/ca\/perez-garijo-ret-homenatge-a-8-persones-de-la-comarca-del-valle-de-cofrentes-ayora-victimes-de-lholocaust\/","title":{"rendered":"P\u00e9rez Garijo ret homenatge a 8 persones de la comarca del Vall d&#8217;Aiora-Cofrents v\u00edctimes de l&#8217;Holocaust"},"content":{"rendered":"\n<p class=\"wp-block-paragraph\"><strong>P\u00e9rez Garijo: &#8220;Hui superem els 170 taulells lliurats als ajuntaments amb els noms i cognoms dels valencians i valencianes que van patir aquell horror&#8221;\u00a0<br>La consellera de Qualitat Democr\u00e0tica ha entregat els &#8220;Taulells de la Mem\u00f2ria&#8221; a familiars i representants dels diferents municipis de la comarca<\/strong>\u00a0<br><br><br>La Conselleria de Participaci\u00f3, Transpar\u00e8ncia, Cooperaci\u00f3 i Qualitat Democr\u00e0tica continua amb el projecte &#8216;Construint Mem\u00f2ria&#8217;, amb l&#8217;homenatge a 8 persones de la comarca del Valle de Cofrentes-Ayora, v\u00edctimes de l&#8217;Holocaust per defensar la llibertat i els valors democr\u00e0tics. Un acte en el qual han participat la consellera Rosa P\u00e9rez Garijo i l&#8217;alcalde de Cortes de Pall\u00e1s, David Herrera.\u00a0<br><br>La cerim\u00f2nia tamb\u00e9 ha comptat amb la pres\u00e8ncia del director general de Qualitat Democr\u00e0tica, I\u00f1aki P\u00e9rez Rico, a m\u00e9s de representants de familiars de les v\u00edctimes dels camps de concentraci\u00f3 nazis, entitats memorialistes, i alcaldes i alcaldesses de les diferents corporacions municipals de la comarca.\u00a0<br><br>Durant l&#8217;acte, la consellera P\u00e9rez Garijo ha entregat a representants dels ajuntaments de les localitats de proced\u00e8ncia dels 8 homenatjats els &#8216;Taulells de la Mem\u00f2ria&#8217;, corresponents al projecte &#8216;Construint Mem\u00f2ria&#8217; perqu\u00e8 es col\u00b7loquen en un lloc visible d&#8217;aquests municipis.\u00a0<br><br>P\u00e9rez Garijo ha assenyalat que amb l&#8217;acte de hui &#8220;superem els 170 taulells lliurats als ajuntaments amb els noms i cognoms dels valencians i valencianes que van patir aquell horror; i ho fem 76 anys despr\u00e9s de l&#8217;alliberament d&#8217;uns camps d&#8217;on la majoria no va poder eixir mai&#8221;.\u00a0<br><br>La consellera de Qualitat Democr\u00e0tica ha afirmat que &#8220;76 anys s\u00f3n tota una vida, i \u00e9s tota una vida la que hem hagut d&#8217;esperar perqu\u00e8 reben aquest reconeixement, un homenatge en el qual cap de les v\u00edctimes ha pogut estar&#8221;.\u00a0<br><br>Durant la seua intervenci\u00f3, P\u00e9rez Garijo ha recordat a l&#8217;\u00faltim supervivent que va morir fa dos anys i mig, un mes abans de complir els 100 anys, Francisco Aura, a m\u00e9s de pronunciar el nom de totes les v\u00edctimes homenatjades de la comarca del Valle d&#8217;Ayora-Cofrentes, &#8220;de les quals nom\u00e9s dues d&#8217;elles van poder gaudir de nou de la llibertat i sis van morir en aquell infern&#8221;, ha ressaltat.\u00a0<br><br>La consellera de Qualitat Democr\u00e0tica ha afirmat que &#8220;com deia la pancarta que penjava al mur del camp el dia de l&#8217;alliberament de Mauthausen, eren antifeixistes i molts van pagar amb la seua vida el comprom\u00eds assumit anys abans de no permetre que la tirania, l&#8217;explotaci\u00f3 i el terror es feren els amos del m\u00f3n&#8221;.\u00a0<br><br>En aquest sentit, P\u00e9rez Garijo ha subratllat que &#8220;no podem oblidar mai que van lluitar per la llibertat que hui gaudim&#8221;, al que ha afegit que &#8220;tenim un deute amb ells, el deute del reconeixement al seu sacrifici; per aix\u00f2, amb l&#8217;homenatge de hui fem just\u00edcia a la seua mem\u00f2ria i fem nostres unes biografies que s\u00f3n aut\u00e8ntiques lli\u00e7ons de vida&#8221;.\u00a0<br><br>Hui s&#8217;ha retut homenatge a Lorenzo Laparra L\u00f3pez, d&#8217;Ayora; Crist\u00f3bal Garc\u00eda Verd\u00fa, de Cofrentes; i Manuel de Blas S\u00e1nchez, Pedro Castiblanques Grau, Vicente Fuster Navarro, Antonio Monteagudo P\u00e9rez, Alberto P\u00e9rez P\u00e9rez i Joaqu\u00edn Valiente Villena, de Cortes de Pall\u00e1s.<\/p>\n","protected":false},"excerpt":{"rendered":"<div class=\"mh-excerpt\">P\u00e9rez Garijo: &#8220;Hui superem els 170 taulells lliurats als ajuntaments amb els noms i cognoms dels valencians i valencianes que van patir aquell horror&#8221;\u00a0La consellera de Qualitat Democr\u00e0tica ha entregat els &#8220;Taulells de la Mem\u00f2ria&#8221; <a class=\"mh-excerpt-more\" href=\"https:\/\/tucomarca.whitekongsoftware.com\/ca\/perez-garijo-ret-homenatge-a-8-persones-de-la-comarca-del-valle-de-cofrentes-ayora-victimes-de-lholocaust\/\" title=\"P\u00e9rez Garijo ret homenatge a 8 persones de la comarca del Vall d&#8217;Aiora-Cofrents v\u00edctimes de l&#8217;Holocaust\">[+] <\/a><\/div>\n","protected":false},"author":1,"featured_media":137664,"comment_status":"open","ping_status":"open","sticky":false,"template":"","format":"standard","meta":{"footnotes":""},"categories":[10954,10951,10955,10953,10898,10948,10894,10904,10947,10896],"tags":[11216,11230],"class_list":["post-137661","post","type-post","status-publish","format-standard","has-post-thumbnail","category-ayora-ca","category-ayora-cofrentes-ca","category-cofrentes-ca","category-cortes-de-pallas-ca","category-ventana-ca","category-infraestructuras-ca","category-la-comarca-ca","category-sin-categorizar-ca","category-politica","category-seccion-ca","tag-ayora-cofrentes-ca","tag-cortes-de-pallas-ca"],"_links":{"self":[{"href":"https:\/\/tucomarca.whitekongsoftware.com\/ca\/wp-json\/wp\/v2\/posts\/137661","targetHints":{"allow":["GET"]}}],"collection":[{"href":"https:\/\/tucomarca.whitekongsoftware.com\/ca\/wp-json\/wp\/v2\/posts"}],"about":[{"href":"https:\/\/tucomarca.whitekongsoftware.com\/ca\/wp-json\/wp\/v2\/types\/post"}],"author":[{"embeddable":true,"href":"https:\/\/tucomarca.whitekongsoftware.com\/ca\/wp-json\/wp\/v2\/users\/1"}],"replies":[{"embeddable":true,"href":"https:\/\/tucomarca.whitekongsoftware.com\/ca\/wp-json\/wp\/v2\/comments?post=137661"}],"version-history":[{"count":0,"href":"https:\/\/tucomarca.whitekongsoftware.com\/ca\/wp-json\/wp\/v2\/posts\/137661\/revisions"}],"wp:featuredmedia":[{"embeddable":true,"href":"https:\/\/tucomarca.whitekongsoftware.com\/ca\/wp-json\/wp\/v2\/media\/137664"}],"wp:attachment":[{"href":"https:\/\/tucomarca.whitekongsoftware.com\/ca\/wp-json\/wp\/v2\/media?parent=137661"}],"wp:term":[{"taxonomy":"category","embeddable":true,"href":"https:\/\/tucomarca.whitekongsoftware.com\/ca\/wp-json\/wp\/v2\/categories?post=137661"},{"taxonomy":"post_tag","embeddable":true,"href":"https:\/\/tucomarca.whitekongsoftware.com\/ca\/wp-json\/wp\/v2\/tags?post=137661"}],"curies":[{"name":"wp","href":"https:\/\/api.w.org\/{rel}","templated":true}]}}