{"id":137296,"date":"2021-07-08T20:03:00","date_gmt":"2021-07-08T19:03:00","guid":{"rendered":"http:\/\/www.tucomarca.com\/wordpress\/segunda\/?p=137296"},"modified":"2021-07-09T20:16:51","modified_gmt":"2021-07-09T19:16:51","slug":"benaguasil-incorpora-a-la-ruta-dels-murals-una-nova-obra-dart-urba","status":"publish","type":"post","link":"https:\/\/tucomarca.whitekongsoftware.com\/ca\/benaguasil-incorpora-a-la-ruta-dels-murals-una-nova-obra-dart-urba\/","title":{"rendered":"Benaguasil incorpora a la Ruta dels Murals una nova obra d&#8217;art urb\u00e0"},"content":{"rendered":"\n<p class=\"wp-block-paragraph\">L&#8217;Ajuntament de Benaguasil ha ampliat la Ruta dels Murals amb l&#8217;obra art\u00edstica \u201cEscolta el teu cor\u201d, realitzada per l&#8217;artista Xelon en una de les fa\u00e7anes que d\u00f3na al carrer Carraia, 24.<br>Amb aquesta nova pintura s\u00f3n ja 14 les obres que conformen la ruta de Murals Art\u00edstics de Benaguasil, impulsada per la regidoria de Turisme amb l&#8217;objectiu de convertir el municipi en un museu a l&#8217;aire lliure amb llen\u00e7os de gran format, i convertir-se en un atractiu tur\u00edstic. En aquest sentit la regidor de l&#8217;\u00e0rea, Ana Aleixandre, ha volgut agrair a Xelon i a la resta d&#8217;artistes la seua implicaci\u00f3 per \u201cacostar l&#8217;art als carrers de Benaguasil i donar vida a les parets amb aquests llen\u00e7os plens d&#8217;energia i colorit\u201d.<br>Segons Xelon \u201cEscolta el teu cor\u201d reflecteix \u201cquan el teu cor et diu de tot menys el que vols sentir, quan el teu cor \u00e9s m\u00e9s fort que la ra\u00f3, quan quitacions els caragols de seguretat, trenques els precintes i fas cas om\u00eds de les alarmes, obris el teu pit i escoltes aqueix motor imparable que fa que el l\u00edquid hidr\u00e0ulic flu\u00efsca pels teus maneguets, cal ser valent per a anar a pit descobert, per a atrevir-se a l&#8217;amor, baixar les defenses i deixar-se portar per aqueix &#8220;run-run&#8221; del cor, que et fa fer bogeries pels altres i oblidar-te dels teus l\u00edmits i superar les teues pors\u201d.<\/p>\n\n\n\n<p class=\"wp-block-paragraph\">L&#8217;autor tamb\u00e9 ha explicat que en aquesta pe\u00e7a ha apostat per \u201cjugar a mesclar diversos estils pict\u00f2rics, entre els dibuixos de robots amb m\u00e9s detall i els escenaris i cotxes m\u00e9s de taca pura com els faig quan pinte en gouache, el mateix, igual per\u00f2 adaptat a uns 17&#215;14 metres aproximadament\u201d.&nbsp;<\/p>\n\n\n\n<p class=\"wp-block-paragraph\">Aquest museu a l&#8217;aire lliure posseeix altres obres tan singulars com \u201cCaos\u201d, \u201cBestioles\u201d, o \u201cOnirica\u201c, totes elles realitzades per l&#8217;artista @hemece en el centre multiufuncional BClub. D&#8217;igual manera poden contemplar-se tamb\u00e9 en aquest centre els murals \u201cLow Down Space\u201d de @lowdowngroove, \u201cAliment dels D\u00e9us\u201d de @cixmugre_dmt, \u201cMonsters\u201d de @Marcos_cabrera i \u201cMilhouse Broked\u201d de @Dhanibarragan. Finalment en el conjunt d&#8217;artistes que han plasmat les seues creacions trobem entre altres a @doctor_sogrez amb el mural \u201cXiquet Pescador\u201d del carrer Mariano Benlliure, a @ceepil amb l&#8217;obra \u201cSymbiosis\u201d situada al carrer Palau i a Asier amb \u201cPaint the power\u201d.<\/p>\n","protected":false},"excerpt":{"rendered":"<div class=\"mh-excerpt\">L&#8217;Ajuntament de Benaguasil ha ampliat la Ruta dels Murals amb l&#8217;obra art\u00edstica \u201cEscolta el teu cor\u201d, realitzada per l&#8217;artista Xelon en una de les fa\u00e7anes que d\u00f3na al carrer Carraia, 24.Amb aquesta nova pintura s\u00f3n <a class=\"mh-excerpt-more\" href=\"https:\/\/tucomarca.whitekongsoftware.com\/ca\/benaguasil-incorpora-a-la-ruta-dels-murals-una-nova-obra-dart-urba\/\" title=\"Benaguasil incorpora a la Ruta dels Murals una nova obra d&#8217;art urb\u00e0\">[+] <\/a><\/div>\n","protected":false},"author":12,"featured_media":137294,"comment_status":"open","ping_status":"open","sticky":false,"template":"","format":"standard","meta":{"footnotes":""},"categories":[10952,10892,10894,10904,11007,10896],"tags":[11136,10899],"class_list":["post-137296","post","type-post","status-publish","format-standard","has-post-thumbnail","category-benaguasil-ca","category-camp-de-turia-ca","category-la-comarca-ca","category-sin-categorizar-ca","category-ocio-y-cultura-ca","category-seccion-ca","tag-benaguasil-ca","tag-camp-de-turia-ca"],"_links":{"self":[{"href":"https:\/\/tucomarca.whitekongsoftware.com\/ca\/wp-json\/wp\/v2\/posts\/137296","targetHints":{"allow":["GET"]}}],"collection":[{"href":"https:\/\/tucomarca.whitekongsoftware.com\/ca\/wp-json\/wp\/v2\/posts"}],"about":[{"href":"https:\/\/tucomarca.whitekongsoftware.com\/ca\/wp-json\/wp\/v2\/types\/post"}],"author":[{"embeddable":true,"href":"https:\/\/tucomarca.whitekongsoftware.com\/ca\/wp-json\/wp\/v2\/users\/12"}],"replies":[{"embeddable":true,"href":"https:\/\/tucomarca.whitekongsoftware.com\/ca\/wp-json\/wp\/v2\/comments?post=137296"}],"version-history":[{"count":0,"href":"https:\/\/tucomarca.whitekongsoftware.com\/ca\/wp-json\/wp\/v2\/posts\/137296\/revisions"}],"wp:featuredmedia":[{"embeddable":true,"href":"https:\/\/tucomarca.whitekongsoftware.com\/ca\/wp-json\/wp\/v2\/media\/137294"}],"wp:attachment":[{"href":"https:\/\/tucomarca.whitekongsoftware.com\/ca\/wp-json\/wp\/v2\/media?parent=137296"}],"wp:term":[{"taxonomy":"category","embeddable":true,"href":"https:\/\/tucomarca.whitekongsoftware.com\/ca\/wp-json\/wp\/v2\/categories?post=137296"},{"taxonomy":"post_tag","embeddable":true,"href":"https:\/\/tucomarca.whitekongsoftware.com\/ca\/wp-json\/wp\/v2\/tags?post=137296"}],"curies":[{"name":"wp","href":"https:\/\/api.w.org\/{rel}","templated":true}]}}