{"id":137255,"date":"2021-07-09T19:00:00","date_gmt":"2021-07-09T18:00:00","guid":{"rendered":"http:\/\/www.tucomarca.com\/wordpress\/segunda\/?p=137255"},"modified":"2021-07-09T19:19:20","modified_gmt":"2021-07-09T18:19:20","slug":"sanitat-registra-1-980-casos-nous-de-coronavirus-en-la-comunitat-valenciana","status":"publish","type":"post","link":"https:\/\/tucomarca.whitekongsoftware.com\/ca\/sanitat-registra-1-980-casos-nous-de-coronavirus-en-la-comunitat-valenciana\/","title":{"rendered":"Sanitat registra 1.980 casos nous de coronavirus en la Comunitat Valenciana"},"content":{"rendered":"\n<h4 class=\"wp-block-heading\">Nous casos per prov\u00edncies: 222 a Castell\u00f3, 380 a Alacant i 1.378 a Val\u00e8ncia<\/h4>\n\n\n\n<h4 class=\"wp-block-heading\">Els hospitals valencians tenen, actualment, 291 persones ingressades i, d&#8217;elles, 31 en UCI<\/h4>\n\n\n\n<p class=\"wp-block-paragraph\">Un total de 2.799.014 persones han rebut ja una dosi de la vacuna contra el coronavirus en la Comunitat Valenciana. A m\u00e9s, en aquests moments, compten amb la pauta completa d&#8217;immunitzaci\u00f3 (dues dosis per a Pfizer, Moderna i AstraZeneca; i la monodosis de Janssen) 2.220.247 persones. Per prov\u00edncies: 263.607 a Castell\u00f3, 797.681 a Alacant i 1.158.959 a Val\u00e8ncia.<\/p>\n\n\n\n<p class=\"wp-block-paragraph\">A m\u00e9s, s&#8217;han notificat 1.980 casos nous de coronavirus confirmats per prova PCR o a trav\u00e9s de test d&#8217;ant\u00edgens des de l&#8217;\u00faltima actualitzaci\u00f3, que situen la xifra total de positius en 415.256 persones. Per prov\u00edncies, 222 a Castell\u00f3 (42.764 en total); 380 a Alacant (151.788 en total); i 1.378 a Val\u00e8ncia (220.702 en total). El total de casos no assignats es mant\u00e9 en 2.<\/p>\n\n\n\n<p class=\"wp-block-paragraph\">Des de l&#8217;\u00faltima actualitzaci\u00f3 no s&#8217;ha pogut actualitzar la xifra d&#8217;altes a causa d&#8217;un problema inform\u00e0tic. D&#8217;aquesta manera, es mant\u00e9 el nombre de persones que han superat la malaltia des que va comen\u00e7ar la pand\u00e8mia en la Comunitat Valenciana en 404.044 persones. Per prov\u00edncies, les altes es distribueixen aix\u00ed: 42.180 a Castell\u00f3, 150.337 a Alacant i 211.470 a Val\u00e8ncia. El total d&#8217;altes no assignades es mant\u00e9 en 57.<\/p>\n\n\n\n<p class=\"wp-block-paragraph\">Els hospitals valencians tenen, actualment, 291 persones ingressades: 14 a la prov\u00edncia de Castell\u00f3, cap d&#8217;ells en UCI; 35 a la prov\u00edncia d&#8217;Alacant, 3 d&#8217;ells en l&#8217;UCI; i 242 a la prov\u00edncia de Val\u00e8ncia, 28 d&#8217;ells en UCI.<\/p>\n\n\n\n<p class=\"wp-block-paragraph\">D&#8217;altra banda, s&#8217;ha registrat una defunci\u00f3 en els \u00faltims set dies, per la qual cosa el total de decessos des de l&#8217;inici de la pand\u00e8mia ascendeix a 7.463: 808 a la prov\u00edncia de Castell\u00f3, 2.849 en la d&#8217;Alacant i 3.806 en la de Val\u00e8ncia.<\/p>\n\n\n\n<p class=\"wp-block-paragraph\">Dels brots registrats, cinc t\u00e9 10 o m\u00e9s casos associats:<\/p>\n\n\n\n<ul class=\"wp-block-list\"><li>X\u00e0bia: 11 casos. Origen social<\/li><li>Cheste: 11 casos. Origen laboral<\/li><li>Torreblanca: 19 casos. Origen social<\/li><li>Castell\u00f3 de la Plana: 13 casos. Origen social<\/li><li>Altea: 12 casos. Origen laboral<\/li><\/ul>\n\n\n\n<p class=\"wp-block-paragraph\"><\/p>\n","protected":false},"excerpt":{"rendered":"<div class=\"mh-excerpt\">Nous casos per prov\u00edncies: 222 a Castell\u00f3, 380 a Alacant i 1.378 a Val\u00e8ncia Els hospitals valencians tenen, actualment, 291 persones ingressades i, d&#8217;elles, 31 en UCI Un total de 2.799.014 persones han rebut ja <a class=\"mh-excerpt-more\" href=\"https:\/\/tucomarca.whitekongsoftware.com\/ca\/sanitat-registra-1-980-casos-nous-de-coronavirus-en-la-comunitat-valenciana\/\" title=\"Sanitat registra 1.980 casos nous de coronavirus en la Comunitat Valenciana\">[+] <\/a><\/div>\n","protected":false},"author":12,"featured_media":129628,"comment_status":"open","ping_status":"open","sticky":false,"template":"","format":"standard","meta":{"footnotes":""},"categories":[11010,10898,10894,10904,10912,10947,10896,10897,10974],"tags":[11071,12165,11939,11940,13477,13963],"class_list":["post-137255","post","type-post","status-publish","format-standard","has-post-thumbnail","category-canal-salud","category-ventana-ca","category-la-comarca-ca","category-sin-categorizar-ca","category-la-hoya-ca","category-politica","category-seccion-ca","category-sucesos-la-comarca-ca","category-cheste-ca","tag-cheste","tag-conselleria-de-sanitat-ca","tag-coronavirus-ca","tag-covid-19-ca","tag-datos-de-contagios-ca","tag-vacunacion-ca"],"_links":{"self":[{"href":"https:\/\/tucomarca.whitekongsoftware.com\/ca\/wp-json\/wp\/v2\/posts\/137255","targetHints":{"allow":["GET"]}}],"collection":[{"href":"https:\/\/tucomarca.whitekongsoftware.com\/ca\/wp-json\/wp\/v2\/posts"}],"about":[{"href":"https:\/\/tucomarca.whitekongsoftware.com\/ca\/wp-json\/wp\/v2\/types\/post"}],"author":[{"embeddable":true,"href":"https:\/\/tucomarca.whitekongsoftware.com\/ca\/wp-json\/wp\/v2\/users\/12"}],"replies":[{"embeddable":true,"href":"https:\/\/tucomarca.whitekongsoftware.com\/ca\/wp-json\/wp\/v2\/comments?post=137255"}],"version-history":[{"count":0,"href":"https:\/\/tucomarca.whitekongsoftware.com\/ca\/wp-json\/wp\/v2\/posts\/137255\/revisions"}],"wp:featuredmedia":[{"embeddable":true,"href":"https:\/\/tucomarca.whitekongsoftware.com\/ca\/wp-json\/wp\/v2\/media\/129628"}],"wp:attachment":[{"href":"https:\/\/tucomarca.whitekongsoftware.com\/ca\/wp-json\/wp\/v2\/media?parent=137255"}],"wp:term":[{"taxonomy":"category","embeddable":true,"href":"https:\/\/tucomarca.whitekongsoftware.com\/ca\/wp-json\/wp\/v2\/categories?post=137255"},{"taxonomy":"post_tag","embeddable":true,"href":"https:\/\/tucomarca.whitekongsoftware.com\/ca\/wp-json\/wp\/v2\/tags?post=137255"}],"curies":[{"name":"wp","href":"https:\/\/api.w.org\/{rel}","templated":true}]}}