{"id":137207,"date":"2021-07-10T10:01:00","date_gmt":"2021-07-10T09:01:00","guid":{"rendered":"http:\/\/www.tucomarca.com\/wordpress\/segunda\/?p=137207"},"modified":"2021-07-10T12:03:44","modified_gmt":"2021-07-10T11:03:44","slug":"lies-ricardo-marin-de-xest-assegura-la-presencialitat-per-al-proxim-curs","status":"publish","type":"post","link":"https:\/\/tucomarca.whitekongsoftware.com\/ca\/lies-ricardo-marin-de-xest-assegura-la-presencialitat-per-al-proxim-curs\/","title":{"rendered":"L&#8217;IES Ricardo Mar\u00edn de Xest assegura la presencialitat per al pr\u00f2xim curs"},"content":{"rendered":"\n<p class=\"wp-block-paragraph\">Dimarts passat, 6 de juliol, va tindre lloc una reuni\u00f3 ordin\u00e0ria del consell escolar municipal en la qual, entre altres temes, es va informar que est\u00e0 assegurada la presencialitat en l&#8217;IES Ricardo Mar\u00edn per al pr\u00f2xim curs, desdoblegant grups i en horari de matins. Aix\u00ed ho va comunicar la directora del centre, Pilar Rodr\u00edguez, qui va agrair la intervenci\u00f3 de l&#8217;inspector, Juan Carlos Casta\u00f1o, aix\u00ed com la col\u00b7laboraci\u00f3 de la regidoria d&#8217;Educaci\u00f3, en la realitzaci\u00f3 de totes les gestions necess\u00e0ries per a aconseguir-lo.<\/p>\n\n\n\n<p class=\"wp-block-paragraph\">A m\u00e9s, com \u00e9s habitual en finalitzar cada curs escolar, en la reuni\u00f3 es va realitzar una valoraci\u00f3 de totes les activitats realitzades per l&#8217;Ajuntament al costat dels centres educatius. \u201cEl consell va valorar positivament totes les activitats i va determinar que, de cara al pr\u00f2xim curs, es realitzaran les que no han pogut dur-se a terme a causa de la pand\u00e8mia, com el carnestoltes, el mercat ambulant solidari o la celebraci\u00f3 del Dia del Llibre i de les jornades intergeneracionals, sempre que la situaci\u00f3 sanit\u00e0ria ho permeta; at\u00e9s que la voluntat dels centres \u00e9s poder realitzar-les totes\u201d, ha apuntat la regidora d&#8217;Educaci\u00f3, M\u00aa \u00c1ngeles Llorente.&nbsp;<\/p>\n\n\n\n<p class=\"wp-block-paragraph\">Entre les activitats que s\u00ed han pogut executar-se figuren les obres de teatre en valenci\u00e0 i angl\u00e9s per a escolars, les jornades d&#8217;animaci\u00f3 a la lectura o els tallers i xarrades de la Unitat de Prevenci\u00f3 Comunit\u00e0ria de Conductes Addictives (*UPCCA). Altres propostes oferides per l&#8217;Ajuntament, com el projecte El Gran Joc dels Escacs o els programes d&#8217;orientaci\u00f3 a l&#8217;estudi i d&#8217;educaci\u00f3 afectiu-sexual, en col\u00b7laboraci\u00f3 amb la Fundaci\u00f3 cajacheste, tamb\u00e9 van ser sol\u00b7licitades i desenvolupades per alguns dels centres. A m\u00e9s, l&#8217;IES Ricardo Mar\u00edn va participar un any m\u00e9s en el projecte d&#8217;innovaci\u00f3 educativa La Fira A\u00e8ria, promogut per l&#8217;empresa El Caleidoscopio, i el CEIP Francisco Giner dels Rius ha implementat un projecte de podcast sobre mem\u00f2ria hist\u00f2rica, tots dos finan\u00e7ats per la regidoria d&#8217;Educaci\u00f3.&nbsp;<\/p>\n\n\n\n<p class=\"wp-block-paragraph\">D&#8217;altra banda, el consell tamb\u00e9 va aprovar els dies festius escolars del pr\u00f2xim curs, a proposta dels centres educatius, fixant-los el 18 d&#8217;octubre i el 7 de desembre de 2021, i el 18 de mar\u00e7 de 2022.<\/p>\n\n\n\n<p class=\"wp-block-paragraph\">Finalment, totes les persones que integren el consell escolar municipal van retre homenatge a Esther Mart\u00ednez Zahonero, la directora del CEIP Francisco Giner dels Rius, que deixa el seu c\u00e0rrec en la direcci\u00f3 despr\u00e9s de 14 anys de dedicaci\u00f3. La regidora va expressar unes paraules d&#8217;agra\u00efment en nom de tot el consell, posant en valor la const\u00e0ncia i el bon fer de Mart\u00ednez, aix\u00ed com la seua activa col\u00b7laboraci\u00f3 en el consell escolar municipal. \u201cDirigir un centre no \u00e9s tasca f\u00e0cil, requereix de molt de temps i dedicaci\u00f3 i abasta gran diversitat de funcions pedag\u00f2giques, administratives i socials que poques persones estan disposades a assumir. Esther ha dirigit el *CEIP Francisco Giner dels Rius amb determinaci\u00f3 i encert i pot estar molt orgullosa del seu treball\u201d, manifestava Llorente.<\/p>\n","protected":false},"excerpt":{"rendered":"<div class=\"mh-excerpt\">Dimarts passat, 6 de juliol, va tindre lloc una reuni\u00f3 ordin\u00e0ria del consell escolar municipal en la qual, entre altres temes, es va informar que est\u00e0 assegurada la presencialitat en l&#8217;IES Ricardo Mar\u00edn per al <a class=\"mh-excerpt-more\" href=\"https:\/\/tucomarca.whitekongsoftware.com\/ca\/lies-ricardo-marin-de-xest-assegura-la-presencialitat-per-al-proxim-curs\/\" title=\"L&#8217;IES Ricardo Mar\u00edn de Xest assegura la presencialitat per al pr\u00f2xim curs\">[+] <\/a><\/div>\n","protected":false},"author":12,"featured_media":137206,"comment_status":"open","ping_status":"open","sticky":false,"template":"","format":"standard","meta":{"footnotes":""},"categories":[10948,10894,10912,10947,10896,10974],"tags":[11071,11579,10914],"class_list":["post-137207","post","type-post","status-publish","format-standard","has-post-thumbnail","category-infraestructuras-ca","category-la-comarca-ca","category-la-hoya-ca","category-politica","category-seccion-ca","category-cheste-ca","tag-cheste","tag-ies-ricardo-marin-ca","tag-la-hoya-de-bunol-chiva-ca"],"_links":{"self":[{"href":"https:\/\/tucomarca.whitekongsoftware.com\/ca\/wp-json\/wp\/v2\/posts\/137207","targetHints":{"allow":["GET"]}}],"collection":[{"href":"https:\/\/tucomarca.whitekongsoftware.com\/ca\/wp-json\/wp\/v2\/posts"}],"about":[{"href":"https:\/\/tucomarca.whitekongsoftware.com\/ca\/wp-json\/wp\/v2\/types\/post"}],"author":[{"embeddable":true,"href":"https:\/\/tucomarca.whitekongsoftware.com\/ca\/wp-json\/wp\/v2\/users\/12"}],"replies":[{"embeddable":true,"href":"https:\/\/tucomarca.whitekongsoftware.com\/ca\/wp-json\/wp\/v2\/comments?post=137207"}],"version-history":[{"count":0,"href":"https:\/\/tucomarca.whitekongsoftware.com\/ca\/wp-json\/wp\/v2\/posts\/137207\/revisions"}],"wp:featuredmedia":[{"embeddable":true,"href":"https:\/\/tucomarca.whitekongsoftware.com\/ca\/wp-json\/wp\/v2\/media\/137206"}],"wp:attachment":[{"href":"https:\/\/tucomarca.whitekongsoftware.com\/ca\/wp-json\/wp\/v2\/media?parent=137207"}],"wp:term":[{"taxonomy":"category","embeddable":true,"href":"https:\/\/tucomarca.whitekongsoftware.com\/ca\/wp-json\/wp\/v2\/categories?post=137207"},{"taxonomy":"post_tag","embeddable":true,"href":"https:\/\/tucomarca.whitekongsoftware.com\/ca\/wp-json\/wp\/v2\/tags?post=137207"}],"curies":[{"name":"wp","href":"https:\/\/api.w.org\/{rel}","templated":true}]}}