{"id":137127,"date":"2021-07-09T07:00:00","date_gmt":"2021-07-09T06:00:00","guid":{"rendered":"http:\/\/www.tucomarca.com\/wordpress\/segunda\/?p=137127"},"modified":"2021-07-09T09:10:39","modified_gmt":"2021-07-09T08:10:39","slug":"el-club-de-gimnastica-ritmica-bunyol-turis-vall-dels-alcalans-tanca-una-temporada-individual-2021-plena-dexits","status":"publish","type":"post","link":"https:\/\/tucomarca.whitekongsoftware.com\/ca\/el-club-de-gimnastica-ritmica-bunyol-turis-vall-dels-alcalans-tanca-una-temporada-individual-2021-plena-dexits\/","title":{"rendered":"El club de gimn\u00e0stica r\u00edtmica Bunyol\/Tur\u00eds-Vall dels Alcalans tanca una temporada individual 2021 plena d&#8217;\u00e8xits"},"content":{"rendered":"\n<p class=\"wp-block-paragraph\">\u201cDavant una temporada d&#8217;individual que no ha sigut f\u00e0cil, tala per a algunes i llarga per a unes altres, ja que la pand\u00e8mia ens ha fet adaptar-nos a competicions sense la calor del p\u00fablic, no hem perdut ni la motivaci\u00f3, ni la il\u00b7lusi\u00f3\u201d han comentat les t\u00e8cnics del club.<\/p>\n\n\n\n<p class=\"wp-block-paragraph\">L&#8217;\u00faltima setmana de juny, les nostres 4 gimnastes classificades per al Nacional Base i dues dels seus t\u00e8cnics, van viatjar fins a Valladolid acompanyades de pares i companyes del club, per a participar en un campionat que semblava que anava a ser fred i en un pavell\u00f3 desemparat. Per\u00f2 res a veure, les nostres xiques a m\u00e9s d&#8217;estar abrigallades en tot moment pels seus t\u00e8cnics, pares i companyes, van tindre la sort d&#8217;entrenar en el Centre d&#8217;alt rendiment de Valladolid gr\u00e0cies al Club de r\u00edtmica Olid que va cedir part del seu horari d&#8217;entrenes d&#8217;aqueixa setmana.<\/p>\n\n\n\n<p class=\"wp-block-paragraph\">\u201cAmb tot aix\u00f2 podem dir que estem contents amb els resultats, ja que 3 d&#8217;elles participaven per primera vegada en un nacional:<br>En la categoria juvenil Andrea Vega es va classificar la 35 de 138 gimnastes. Orgullosa del treball despr\u00e9s de superar una lesi\u00f3 q la va deixar fora l&#8217;any passat de participar en el nacional\u201d.<\/p>\n\n\n\n<p class=\"wp-block-paragraph\">\u201c\u00c1ngela Miguel va finalitzar entre les 40 primeres gimnastes juvenils 04\/05 de 195 en el seu primer nacional base, despr\u00e9s de passar un dia de molts nervis i noves sensacions, per\u00f2 finalitzant la temporada creixent molt a nivell personal.<\/p>\n\n\n\n<p class=\"wp-block-paragraph\">Paola Iranzo, Alev\u00ed 2010, es classifica la 12 de m\u00e9s de 105 gimnastes de tota Espanya. Gran temporada de la nostra xicoteta Paola, que esperem que li servisca per a enfrontar-se a nous objectius i nous reptes.&nbsp;<\/p>\n\n\n\n<p class=\"wp-block-paragraph\">Alba Gim\u00e9nez, Alev\u00ed 2010, acaba la competici\u00f3 classificant-se la numere 32 de tota Espanya de m\u00e9s de 105 gimnastes.<br>El seu primer individual amb aparell i el seu primer individual en nivell nacional i ha brillat com una vertadera estrela\u201d.<\/p>\n\n\n\n<p class=\"wp-block-paragraph\">Per\u00f2 la temporada individual ha finalitzat aquest cap de setmana passat amb el Trofeu Federaci\u00f3, celebrat al Campello, Alacant, on es realitzava la fase provincial i auton\u00f2mica dels nivells b\u00e0sic, mitj\u00e0 i avan\u00e7at, individual i equips.<\/p>\n\n\n\n<p class=\"wp-block-paragraph\">El dissabte van competir les individuals de b\u00e0sic i mitj\u00e0, que es van classificar de la seg\u00fcent manera:<br>-Rita Folch. Alev\u00ed B\u00e0sic, classificada 4\u00b0 provincial i 8\u00b0 auton\u00f2mica<br>-Naia Garc\u00eda. Infantil B\u00e0sic, classificada 8\u00b0 i 12\u00b0 auton\u00f2mica<br>-Anna Isabel. Alev\u00ed Mitj\u00e0, classificada 11\u00b0 i 25 auton\u00f2mica<br>-Estela Cozzi. Cadet Mitj\u00e0, classificada 10\u00b0 i la 17 auton\u00f2mica<\/p>\n\n\n\n<p class=\"wp-block-paragraph\">\u201cEls nervis no sempre ajuden a realitzar un bon exercici, per\u00f2 estem orgulloses del seu esfor\u00e7 i de la seua participaci\u00f3 en nivells amb m\u00e9s de 40 gimnastes de tota la comunitat\u201d, continuen les t\u00e8cnics.<\/p>\n\n\n\n<p class=\"wp-block-paragraph\">El diumenge va ser el torn dels equips de mitj\u00e0 i avan\u00e7at i els seus resultats van ser els seg\u00fcents:<\/p>\n\n\n\n<ul class=\"wp-block-list\"><li>Mara Perell\u00f3 i Carla Saez equipe Infantil medie CAMPIONES PROVINCIALS i 5\u00b0 AUTON\u00d2MIQUES<\/li><\/ul>\n\n\n\n<p class=\"wp-block-paragraph\">-Karla Clemente i Nerea Aldaz equip infantil Mig SUBCAMPIONES PROVINCIALS i 7\u00b0 AUTON\u00d2MIQUES<\/p>\n\n\n\n<p class=\"wp-block-paragraph\">-Lucia Santos i Arantxa Aldaz equip juvenil Mig SUBCAMPIONES PROVINCIALS I 6\u00b0 AUTON\u00d2MIQUES<\/p>\n\n\n\n<p class=\"wp-block-paragraph\">-Kiara Lladre de Guevara i Eva Oliva equipe s\u00e8nior avan\u00e7at CAMPIONES PROVINCIALS I CAMPIONES AUTON\u00d2MIQUES<\/p>\n\n\n\n<p class=\"wp-block-paragraph\">\u201cMalgrat la calor i la humitat les nostres xiques van saber temperar els nervis i eixir a mostrar la gran faena que han fet en aquesta llarga i estranya temporada sense haver pogut competir abans de la seua cita m\u00e9s important.<\/p>\n\n\n\n<p class=\"wp-block-paragraph\">Molta faena i esfor\u00e7 de les nostres xiques i t\u00e8cnics, que s&#8217;ha vist reflectit en els estupends resultats que tanquen una temporada plena d&#8217;\u00e8xits.&nbsp;<\/p>\n\n\n\n<p class=\"wp-block-paragraph\">Ara per la temporada de conjunts, amb moltes ganes i molta il\u00b7lusi\u00f3, ja que \u00e9s la primera vegada que presentem 5 conjunts a nivell nacional base i un a absolut, sense oblidar-nos de les nostres xiques de interclubs i Fede que han comen\u00e7at amb nosaltres fa molt poquet i tenen les mateixes ganes de lluitar.<\/p>\n\n\n\n<p class=\"wp-block-paragraph\">Seguim amb la nostra passi\u00f3 encara que \u00e9s un esport titllat de minoritari, no ens rendim, sempre cal avan\u00e7ar, mai estancar-se i aix\u00f2 pretenem una temporada m\u00e9s\u201d finalitzen les t\u00e8cnics del club.<\/p>\n\n\n\n<figure class=\"wp-block-gallery columns-2 wp-block-gallery-1 is-layout-flex wp-block-gallery-is-layout-flex\"><ul class=\"blocks-gallery-grid\"><li class=\"blocks-gallery-item\"><figure><img loading=\"lazy\" decoding=\"async\" width=\"960\" height=\"742\" src=\"http:\/\/www.tucomarca.com\/wordpress\/segunda\/wp-content\/uploads\/2021\/07\/Gimnasia08.jpg\" alt=\"\" data-id=\"137119\" data-full-url=\"http:\/\/www.tucomarca.com\/wordpress\/segunda\/wp-content\/uploads\/2021\/07\/Gimnasia08.jpg\" data-link=\"http:\/\/www.tucomarca.com\/wordpress\/segunda\/?attachment_id=137119\" class=\"wp-image-137119\" srcset=\"https:\/\/tucomarca.whitekongsoftware.com\/wp-content\/uploads\/2021\/07\/Gimnasia08.jpg 960w, https:\/\/tucomarca.whitekongsoftware.com\/wp-content\/uploads\/2021\/07\/Gimnasia08-300x232.jpg 300w, https:\/\/tucomarca.whitekongsoftware.com\/wp-content\/uploads\/2021\/07\/Gimnasia08-768x594.jpg 768w\" sizes=\"auto, (max-width: 960px) 100vw, 960px\" \/><\/figure><\/li><li class=\"blocks-gallery-item\"><figure><img loading=\"lazy\" decoding=\"async\" width=\"742\" height=\"960\" src=\"http:\/\/www.tucomarca.com\/wordpress\/segunda\/wp-content\/uploads\/2021\/07\/Gimnasia02.jpg\" alt=\"\" data-id=\"137107\" data-full-url=\"http:\/\/www.tucomarca.com\/wordpress\/segunda\/wp-content\/uploads\/2021\/07\/Gimnasia02.jpg\" data-link=\"http:\/\/www.tucomarca.com\/wordpress\/segunda\/?attachment_id=137107\" class=\"wp-image-137107\" srcset=\"https:\/\/tucomarca.whitekongsoftware.com\/wp-content\/uploads\/2021\/07\/Gimnasia02.jpg 742w, https:\/\/tucomarca.whitekongsoftware.com\/wp-content\/uploads\/2021\/07\/Gimnasia02-232x300.jpg 232w\" sizes=\"auto, (max-width: 742px) 100vw, 742px\" \/><\/figure><\/li><li class=\"blocks-gallery-item\"><figure><img loading=\"lazy\" decoding=\"async\" width=\"960\" height=\"742\" src=\"http:\/\/www.tucomarca.com\/wordpress\/segunda\/wp-content\/uploads\/2021\/07\/Gimnasia09.jpg\" alt=\"\" data-id=\"137121\" data-full-url=\"http:\/\/www.tucomarca.com\/wordpress\/segunda\/wp-content\/uploads\/2021\/07\/Gimnasia09.jpg\" data-link=\"http:\/\/www.tucomarca.com\/wordpress\/segunda\/?attachment_id=137121\" class=\"wp-image-137121\" srcset=\"https:\/\/tucomarca.whitekongsoftware.com\/wp-content\/uploads\/2021\/07\/Gimnasia09.jpg 960w, https:\/\/tucomarca.whitekongsoftware.com\/wp-content\/uploads\/2021\/07\/Gimnasia09-300x232.jpg 300w, https:\/\/tucomarca.whitekongsoftware.com\/wp-content\/uploads\/2021\/07\/Gimnasia09-768x594.jpg 768w\" sizes=\"auto, (max-width: 960px) 100vw, 960px\" \/><\/figure><\/li><li class=\"blocks-gallery-item\"><figure><img loading=\"lazy\" decoding=\"async\" width=\"769\" height=\"1024\" src=\"http:\/\/www.tucomarca.com\/wordpress\/segunda\/wp-content\/uploads\/2021\/07\/Gimnasia03-769x1024.jpg\" alt=\"\" data-id=\"137109\" data-full-url=\"http:\/\/www.tucomarca.com\/wordpress\/segunda\/wp-content\/uploads\/2021\/07\/Gimnasia03.jpg\" data-link=\"http:\/\/www.tucomarca.com\/wordpress\/segunda\/?attachment_id=137109\" class=\"wp-image-137109\" srcset=\"https:\/\/tucomarca.whitekongsoftware.com\/wp-content\/uploads\/2021\/07\/Gimnasia03-769x1024.jpg 769w, https:\/\/tucomarca.whitekongsoftware.com\/wp-content\/uploads\/2021\/07\/Gimnasia03-225x300.jpg 225w, https:\/\/tucomarca.whitekongsoftware.com\/wp-content\/uploads\/2021\/07\/Gimnasia03-768x1023.jpg 768w, https:\/\/tucomarca.whitekongsoftware.com\/wp-content\/uploads\/2021\/07\/Gimnasia03.jpg 787w\" sizes=\"auto, (max-width: 769px) 100vw, 769px\" \/><\/figure><\/li><li class=\"blocks-gallery-item\"><figure><img loading=\"lazy\" decoding=\"async\" width=\"960\" height=\"720\" src=\"http:\/\/www.tucomarca.com\/wordpress\/segunda\/wp-content\/uploads\/2021\/07\/Gimnasia04.jpg\" alt=\"\" data-id=\"137111\" data-full-url=\"http:\/\/www.tucomarca.com\/wordpress\/segunda\/wp-content\/uploads\/2021\/07\/Gimnasia04.jpg\" data-link=\"http:\/\/www.tucomarca.com\/wordpress\/segunda\/?attachment_id=137111\" class=\"wp-image-137111\" srcset=\"https:\/\/tucomarca.whitekongsoftware.com\/wp-content\/uploads\/2021\/07\/Gimnasia04.jpg 960w, https:\/\/tucomarca.whitekongsoftware.com\/wp-content\/uploads\/2021\/07\/Gimnasia04-300x225.jpg 300w, https:\/\/tucomarca.whitekongsoftware.com\/wp-content\/uploads\/2021\/07\/Gimnasia04-768x576.jpg 768w, https:\/\/tucomarca.whitekongsoftware.com\/wp-content\/uploads\/2021\/07\/Gimnasia04-678x509.jpg 678w, https:\/\/tucomarca.whitekongsoftware.com\/wp-content\/uploads\/2021\/07\/Gimnasia04-326x245.jpg 326w, https:\/\/tucomarca.whitekongsoftware.com\/wp-content\/uploads\/2021\/07\/Gimnasia04-80x60.jpg 80w\" sizes=\"auto, (max-width: 960px) 100vw, 960px\" \/><\/figure><\/li><li class=\"blocks-gallery-item\"><figure><img loading=\"lazy\" decoding=\"async\" width=\"1024\" height=\"769\" src=\"http:\/\/www.tucomarca.com\/wordpress\/segunda\/wp-content\/uploads\/2021\/07\/Gimnasia05-1024x769.jpg\" alt=\"\" data-id=\"137113\" data-full-url=\"http:\/\/www.tucomarca.com\/wordpress\/segunda\/wp-content\/uploads\/2021\/07\/Gimnasia05-scaled.jpg\" data-link=\"http:\/\/www.tucomarca.com\/wordpress\/segunda\/?attachment_id=137113\" class=\"wp-image-137113\" srcset=\"https:\/\/tucomarca.whitekongsoftware.com\/wp-content\/uploads\/2021\/07\/Gimnasia05-1024x769.jpg 1024w, https:\/\/tucomarca.whitekongsoftware.com\/wp-content\/uploads\/2021\/07\/Gimnasia05-300x225.jpg 300w, https:\/\/tucomarca.whitekongsoftware.com\/wp-content\/uploads\/2021\/07\/Gimnasia05-768x577.jpg 768w, https:\/\/tucomarca.whitekongsoftware.com\/wp-content\/uploads\/2021\/07\/Gimnasia05-1536x1153.jpg 1536w, https:\/\/tucomarca.whitekongsoftware.com\/wp-content\/uploads\/2021\/07\/Gimnasia05-2048x1538.jpg 2048w, https:\/\/tucomarca.whitekongsoftware.com\/wp-content\/uploads\/2021\/07\/Gimnasia05-678x509.jpg 678w, https:\/\/tucomarca.whitekongsoftware.com\/wp-content\/uploads\/2021\/07\/Gimnasia05-326x245.jpg 326w, https:\/\/tucomarca.whitekongsoftware.com\/wp-content\/uploads\/2021\/07\/Gimnasia05-80x60.jpg 80w\" sizes=\"auto, (max-width: 1024px) 100vw, 1024px\" \/><\/figure><\/li><li class=\"blocks-gallery-item\"><figure><img loading=\"lazy\" decoding=\"async\" width=\"1024\" height=\"461\" src=\"http:\/\/www.tucomarca.com\/wordpress\/segunda\/wp-content\/uploads\/2021\/07\/Gimnasia06-1024x461.jpg\" alt=\"\" data-id=\"137115\" data-full-url=\"http:\/\/www.tucomarca.com\/wordpress\/segunda\/wp-content\/uploads\/2021\/07\/Gimnasia06-scaled.jpg\" data-link=\"http:\/\/www.tucomarca.com\/wordpress\/segunda\/?attachment_id=137115\" class=\"wp-image-137115\" srcset=\"https:\/\/tucomarca.whitekongsoftware.com\/wp-content\/uploads\/2021\/07\/Gimnasia06-1024x461.jpg 1024w, https:\/\/tucomarca.whitekongsoftware.com\/wp-content\/uploads\/2021\/07\/Gimnasia06-300x135.jpg 300w, https:\/\/tucomarca.whitekongsoftware.com\/wp-content\/uploads\/2021\/07\/Gimnasia06-768x345.jpg 768w, https:\/\/tucomarca.whitekongsoftware.com\/wp-content\/uploads\/2021\/07\/Gimnasia06-1536x691.jpg 1536w, https:\/\/tucomarca.whitekongsoftware.com\/wp-content\/uploads\/2021\/07\/Gimnasia06-2048x921.jpg 2048w\" sizes=\"auto, (max-width: 1024px) 100vw, 1024px\" \/><\/figure><\/li><li class=\"blocks-gallery-item\"><figure><img loading=\"lazy\" decoding=\"async\" width=\"1024\" height=\"768\" src=\"http:\/\/www.tucomarca.com\/wordpress\/segunda\/wp-content\/uploads\/2021\/07\/Gimnasia21-1024x768.jpg\" alt=\"\" data-id=\"137123\" data-full-url=\"http:\/\/www.tucomarca.com\/wordpress\/segunda\/wp-content\/uploads\/2021\/07\/Gimnasia21-scaled.jpg\" data-link=\"http:\/\/www.tucomarca.com\/wordpress\/segunda\/?attachment_id=137123\" class=\"wp-image-137123\" srcset=\"https:\/\/tucomarca.whitekongsoftware.com\/wp-content\/uploads\/2021\/07\/Gimnasia21-1024x768.jpg 1024w, https:\/\/tucomarca.whitekongsoftware.com\/wp-content\/uploads\/2021\/07\/Gimnasia21-300x225.jpg 300w, https:\/\/tucomarca.whitekongsoftware.com\/wp-content\/uploads\/2021\/07\/Gimnasia21-768x576.jpg 768w, https:\/\/tucomarca.whitekongsoftware.com\/wp-content\/uploads\/2021\/07\/Gimnasia21-1536x1152.jpg 1536w, https:\/\/tucomarca.whitekongsoftware.com\/wp-content\/uploads\/2021\/07\/Gimnasia21-2048x1536.jpg 2048w, https:\/\/tucomarca.whitekongsoftware.com\/wp-content\/uploads\/2021\/07\/Gimnasia21-678x509.jpg 678w, https:\/\/tucomarca.whitekongsoftware.com\/wp-content\/uploads\/2021\/07\/Gimnasia21-326x245.jpg 326w, https:\/\/tucomarca.whitekongsoftware.com\/wp-content\/uploads\/2021\/07\/Gimnasia21-80x60.jpg 80w\" sizes=\"auto, (max-width: 1024px) 100vw, 1024px\" \/><\/figure><\/li><\/ul><\/figure>\n","protected":false},"excerpt":{"rendered":"<div class=\"mh-excerpt\">\u201cDavant una temporada d&#8217;individual que no ha sigut f\u00e0cil, tala per a algunes i llarga per a unes altres, ja que la pand\u00e8mia ens ha fet adaptar-nos a competicions sense la calor del p\u00fablic, no <a class=\"mh-excerpt-more\" href=\"https:\/\/tucomarca.whitekongsoftware.com\/ca\/el-club-de-gimnastica-ritmica-bunyol-turis-vall-dels-alcalans-tanca-una-temporada-individual-2021-plena-dexits\/\" title=\"El club de gimn\u00e0stica r\u00edtmica Bunyol\/Tur\u00eds-Vall dels Alcalans tanca una temporada individual 2021 plena d&#8217;\u00e8xits\">[+] <\/a><\/div>\n","protected":false},"author":12,"featured_media":137118,"comment_status":"open","ping_status":"open","sticky":false,"template":"","format":"standard","meta":{"footnotes":""},"categories":[10911,11003,10894,10912,10902,11009,10896,11047],"tags":[10913,15038,11476,10914,11093],"class_list":["post-137127","post","type-post","status-publish","format-standard","has-post-thumbnail","category-bunol-ca","category-sports","category-la-comarca-ca","category-la-hoya-ca","category-la-ribera-ca","category-polideportivo-ca","category-seccion-ca","category-turis-ca","tag-bunol-ca","tag-bunol-turis-vall-dels-alcalans-ca","tag-club-gimnasia-ritmica-bunol-turis-ca","tag-la-hoya-de-bunol-chiva-ca","tag-turis-ca"],"_links":{"self":[{"href":"https:\/\/tucomarca.whitekongsoftware.com\/ca\/wp-json\/wp\/v2\/posts\/137127","targetHints":{"allow":["GET"]}}],"collection":[{"href":"https:\/\/tucomarca.whitekongsoftware.com\/ca\/wp-json\/wp\/v2\/posts"}],"about":[{"href":"https:\/\/tucomarca.whitekongsoftware.com\/ca\/wp-json\/wp\/v2\/types\/post"}],"author":[{"embeddable":true,"href":"https:\/\/tucomarca.whitekongsoftware.com\/ca\/wp-json\/wp\/v2\/users\/12"}],"replies":[{"embeddable":true,"href":"https:\/\/tucomarca.whitekongsoftware.com\/ca\/wp-json\/wp\/v2\/comments?post=137127"}],"version-history":[{"count":0,"href":"https:\/\/tucomarca.whitekongsoftware.com\/ca\/wp-json\/wp\/v2\/posts\/137127\/revisions"}],"wp:featuredmedia":[{"embeddable":true,"href":"https:\/\/tucomarca.whitekongsoftware.com\/ca\/wp-json\/wp\/v2\/media\/137118"}],"wp:attachment":[{"href":"https:\/\/tucomarca.whitekongsoftware.com\/ca\/wp-json\/wp\/v2\/media?parent=137127"}],"wp:term":[{"taxonomy":"category","embeddable":true,"href":"https:\/\/tucomarca.whitekongsoftware.com\/ca\/wp-json\/wp\/v2\/categories?post=137127"},{"taxonomy":"post_tag","embeddable":true,"href":"https:\/\/tucomarca.whitekongsoftware.com\/ca\/wp-json\/wp\/v2\/tags?post=137127"}],"curies":[{"name":"wp","href":"https:\/\/api.w.org\/{rel}","templated":true}]}}