{"id":136967,"date":"2021-07-06T20:17:00","date_gmt":"2021-07-06T19:17:00","guid":{"rendered":"http:\/\/www.tucomarca.com\/wordpress\/segunda\/?p=136967"},"modified":"2021-07-07T17:32:03","modified_gmt":"2021-07-07T16:32:03","slug":"la-fiscalia-arxiva-la-causa-contra-stephane-soriano","status":"publish","type":"post","link":"https:\/\/tucomarca.whitekongsoftware.com\/ca\/la-fiscalia-arxiva-la-causa-contra-stephane-soriano\/","title":{"rendered":"La fiscalia arxiva la causa contra Stephane Soriano"},"content":{"rendered":"\n<h4 class=\"wp-block-heading\">El regidor de Benaguasil ha volgut recordar-se dels seus pares, de la seua fam\u00edlia i dels seus amics despr\u00e9s de l&#8217;arxiu del Ministeri Fiscal.<\/h4>\n\n\n\n<p class=\"wp-block-paragraph\">El Partit Socialista ha reconegut l&#8217;arxivament de la causa contra Stephane Soriano despr\u00e9s de la den\u00fancia presentada el mes de febrer passat.<\/p>\n\n\n\n<p class=\"wp-block-paragraph\"><strong>Atac personal i pol\u00edtic<\/strong><\/p>\n\n\n\n<p class=\"wp-block-paragraph\">La fiscalia ha arxivat la causa contra Stephane Soriano despr\u00e9s de la den\u00fancia presentada pel PSOE de Benaguasil i de les acusacions p\u00fabliques que van ser abocades per tota l&#8217;oposici\u00f3 sobre possibles delictes de malversaci\u00f3, tr\u00e0fic d&#8217;influ\u00e8ncies i negociacions prohibides.<\/p>\n\n\n\n<p class=\"wp-block-paragraph\">Despr\u00e9s de con\u00e9ixer la decisi\u00f3 del Ministeri Fiscal des del Partit Popular de Benaguasil volem condemnar amb total rotunditat l&#8217;actitud duta a terme pel conjunt de grups de l&#8217;oposici\u00f3 quan sabent perfectament que no havia existit cap mala actuaci\u00f3 van decidir dur a terme una campanya d&#8217;assetjament personal i pol\u00edtic contra Stephane Soriano per a intentar fer-ho dimitir dels seus c\u00e0rrecs convocant fins i tot un ple extraordinari per a sol\u00b7licitar la seua dimissi\u00f3.<\/p>\n\n\n\n<p class=\"wp-block-paragraph\">Per la seua part Stephane Soriano ha volgut deixar clar que \u201ctinc la consci\u00e8ncia tranquil\u00b7la d&#8217;haver intentat sempre actuar per a millorar Benaguasil ja siga en aquesta o en qualsevol altra q\u00fcesti\u00f3. El mal \u00e9s irreparable no sols per a mi sin\u00f3 per a la meua fam\u00edlia i vull recordar-me hui d&#8217;ells, dels meus pares i dels meus amics. Vull agrair tamb\u00e9 les mostres d&#8217;afecte rebudes al llargs d&#8217;aquests durs mesos\u201d.<\/p>\n\n\n\n<p class=\"wp-block-paragraph\">Dem\u00e0 a les dotze del migdia est\u00e0 prevista una roda de premsa del regidor de Benaguasil per a dirigir-se als mitjans de comunicaci\u00f3 i a la poblaci\u00f3 en general.<\/p>\n","protected":false},"excerpt":{"rendered":"<div class=\"mh-excerpt\">El regidor de Benaguasil ha volgut recordar-se dels seus pares, de la seua fam\u00edlia i dels seus amics despr\u00e9s de l&#8217;arxiu del Ministeri Fiscal. El Partit Socialista ha reconegut l&#8217;arxivament de la causa contra Stephane <a class=\"mh-excerpt-more\" href=\"https:\/\/tucomarca.whitekongsoftware.com\/ca\/la-fiscalia-arxiva-la-causa-contra-stephane-soriano\/\" title=\"La fiscalia arxiva la causa contra Stephane Soriano\">[+] <\/a><\/div>\n","protected":false},"author":1,"featured_media":136963,"comment_status":"open","ping_status":"open","sticky":false,"template":"","format":"standard","meta":{"footnotes":""},"categories":[10952,10892,10894,10947,10896,10897],"tags":[15030,11136,10899,13969],"class_list":["post-136967","post","type-post","status-publish","format-standard","has-post-thumbnail","category-benaguasil-ca","category-camp-de-turia-ca","category-la-comarca-ca","category-politica","category-seccion-ca","category-sucesos-la-comarca-ca","tag-archivo-de-la-causa-ca","tag-benaguasil-ca","tag-camp-de-turia-ca","tag-stephane-soriano-ca"],"_links":{"self":[{"href":"https:\/\/tucomarca.whitekongsoftware.com\/ca\/wp-json\/wp\/v2\/posts\/136967","targetHints":{"allow":["GET"]}}],"collection":[{"href":"https:\/\/tucomarca.whitekongsoftware.com\/ca\/wp-json\/wp\/v2\/posts"}],"about":[{"href":"https:\/\/tucomarca.whitekongsoftware.com\/ca\/wp-json\/wp\/v2\/types\/post"}],"author":[{"embeddable":true,"href":"https:\/\/tucomarca.whitekongsoftware.com\/ca\/wp-json\/wp\/v2\/users\/1"}],"replies":[{"embeddable":true,"href":"https:\/\/tucomarca.whitekongsoftware.com\/ca\/wp-json\/wp\/v2\/comments?post=136967"}],"version-history":[{"count":0,"href":"https:\/\/tucomarca.whitekongsoftware.com\/ca\/wp-json\/wp\/v2\/posts\/136967\/revisions"}],"wp:featuredmedia":[{"embeddable":true,"href":"https:\/\/tucomarca.whitekongsoftware.com\/ca\/wp-json\/wp\/v2\/media\/136963"}],"wp:attachment":[{"href":"https:\/\/tucomarca.whitekongsoftware.com\/ca\/wp-json\/wp\/v2\/media?parent=136967"}],"wp:term":[{"taxonomy":"category","embeddable":true,"href":"https:\/\/tucomarca.whitekongsoftware.com\/ca\/wp-json\/wp\/v2\/categories?post=136967"},{"taxonomy":"post_tag","embeddable":true,"href":"https:\/\/tucomarca.whitekongsoftware.com\/ca\/wp-json\/wp\/v2\/tags?post=136967"}],"curies":[{"name":"wp","href":"https:\/\/api.w.org\/{rel}","templated":true}]}}