{"id":136939,"date":"2021-07-06T12:00:00","date_gmt":"2021-07-06T11:00:00","guid":{"rendered":"http:\/\/www.tucomarca.com\/wordpress\/segunda\/?p=136939"},"modified":"2021-07-07T09:26:28","modified_gmt":"2021-07-07T08:26:28","slug":"riba-roja-de-turia-adjudica-per-34-milions-deuros-la-neteja-viaria","status":"publish","type":"post","link":"https:\/\/tucomarca.whitekongsoftware.com\/ca\/riba-roja-de-turia-adjudica-per-34-milions-deuros-la-neteja-viaria\/","title":{"rendered":"Riba-roja de T\u00faria adjudica per 3\u20194 milions d&#8217;euros la neteja vi\u00e0ria"},"content":{"rendered":"\n<h4 class=\"wp-block-heading\">El ple aprova un termini de 5 anys sense possibilitat de pr\u00f2rroga a &#8220;l&#8217;empresa que treballar\u00e0 festius, donar\u00e0 sous dignes als seus empleats i utilitzar\u00e0 productes sostenibles&#8221;.<\/h4>\n\n\n\n<p class=\"wp-block-paragraph\">El ple de l&#8217;Ajuntament de Riba-roja de T\u00faria ha adjudicat per 3\u20194 milions d&#8217;euros el servei de neteja vi\u00e0ria a l&#8217;empresa Societat Agricultors de la Vega (SAV) per un per\u00edode m\u00e0xim de 5 anys i sense possibilitat de pr\u00f2rroga. La quantitat econ\u00f2mica de l&#8217;adjudicaci\u00f3 final suposa una rebaixa de fins a 521.872 euros respecte de la xifra inicial de licitaci\u00f3 del servei, dins dels par\u00e0metres raonables revisats pels t\u00e8cnics.&nbsp;<\/p>\n\n\n\n<p class=\"wp-block-paragraph\">La xifra final suposa la m\u00e9s econ\u00f2mica i avantatjosa per a les arques municipals respecte de les altres quatre empreses que concorrien en el concurs p\u00fablic a trav\u00e9s d&#8217;un procediment obert. L&#8217;adjudicaci\u00f3 ha sigut aprovada per l&#8217;equip de govern del PSPV amb els preceptius informes favorables dels t\u00e8cnics mentre que els restants partits de l&#8217;oposici\u00f3 han optat per l&#8217;abstenci\u00f3: el Partit Popular, Ciutadans, Comprom\u00eds, Podemos Riba-roja Pot, Esquerra Unida i Vox.&nbsp;<\/p>\n\n\n\n<p class=\"wp-block-paragraph\">El proc\u00e9s d&#8217;adjudicaci\u00f3 ha sigut possible despr\u00e9s d&#8217;una sent\u00e8ncia favorable del Tribunal Central Administratiu que va rebutjar el recurs d&#8217;una de les empreses que optaven al servei i, per tant, atorgava la ra\u00f3 al govern municipal de Riba-roja de T\u00faria. La decisi\u00f3 va permetre al\u00e7ar la suspensi\u00f3 cautelar dictada per les inst\u00e0ncies judicials i continuar amb el proc\u00e9s administratiu.&nbsp;<\/p>\n\n\n\n<p class=\"wp-block-paragraph\">L&#8217;empresa que ha resultat guanyadora en el concurs es compromet a complir els criteris continguts en el contracte de l&#8217;Ajuntament de Riba-roja de T\u00faria respecte de les cl\u00e0usules socials i mediambientals, amb una contribuci\u00f3 estricta sobre els Objectius de Desenvolupament Sostenible (ODS) com l&#8217;\u00fas eficient dels recursos h\u00eddrics, les modalitats de consum i producci\u00f3 sostenibles, a m\u00e9s d&#8217;altres millores com aconseguir un treball decent per als empleats i una regulaci\u00f3 harmonitzada.&nbsp;<br>El tribunal de valoraci\u00f3 ha tingut en compte, a l&#8217;hora de concedir la puntuaci\u00f3 a cadascuna de les empreses concurrents, aquells conceptes relacionats amb la distribuci\u00f3 del treball a realitzar, la seua adaptaci\u00f3 a la realitat social i territorial de Riba-roja de T\u00faria, les neteges intensives en determinats horaris com el mercat setmanal, les neteges especials amb motiu d&#8217;actes multitudinaris o extraordinaris, aix\u00ed com els mitjans t\u00e8cnics i humans a emprar.&nbsp;<\/p>\n\n\n\n<p class=\"wp-block-paragraph\">La neteja dels parcs \u00e9s un dels punts importants en el plec de condicions, tant en la seua organitzaci\u00f3 i planificaci\u00f3, aix\u00ed com la zonificaci\u00f3, les rutes i les freq\u00fc\u00e8ncies a realitzar, a m\u00e9s dels seus mitjans humans i t\u00e8cnics. La neteja de les pintades i els grafits seran tamb\u00e9 objecte d&#8217;una labor exhaustiva per part de l&#8217;empresa vencedora en el concurs, a m\u00e9s del control tecnol\u00f2gic del treball i el seu seguiment en el dia a dia.&nbsp;<\/p>\n\n\n\n<p class=\"wp-block-paragraph\">L&#8217;empresa es compromet a utilitzar una nau industrial prop del nucli urb\u00e0 amb una superf\u00edcie m\u00ednima de 450 metres quadrats per al desenvolupament efectiu del seu treball. Les r\u00e0tios de superf\u00edcie a netejar i nombre de treballadores per a dur-les a terme ser\u00e0 objecte d&#8217;una atenci\u00f3 especial amb l&#8217;objectiu d&#8217;assegurar una correcta efic\u00e0cia dels empleats de la neteja vi\u00e0ria.&nbsp;<\/p>\n\n\n\n<p class=\"wp-block-paragraph\">El nou contracte suposar\u00e0 nombroses millores a partir d&#8217;ara com un servei de neteja vi\u00e0ria permanent de dilluns a diumenge en totes les urbanitzacions i en el nucli urb\u00e0, amb una estructura moderna i \u00e0gil per a atendre tota la demanda zonificada en tres \u00e0rees. Per a aix\u00f2, compraran maquin\u00e0ria adequada i efectuaran la neteja en dies festius, aix\u00ed com instal\u00b7laci\u00f3 de lavabos qu\u00edmics en les festes patronals i la contractaci\u00f3 de persones majors de 45 anys.&nbsp;<\/p>\n\n\n\n<p class=\"wp-block-paragraph\">L&#8217;alcalde de Riba-roja de T\u00faria, Robert Raga, ha destacat que aquesta adjudicaci\u00f3 \u201csuposar\u00e0 un punt d&#8217;inflexi\u00f3 per al nostre municipi ja que comptarem amb una empresa que dur\u00e0 a terme el seu treball de manera regular i adaptada a les necessitats reals tant del nucli urb\u00e0 com de les urbanitzacions sense cap mena de privilegi i amb un horari laboral i uns salaris dignes i decents\u201d.<\/p>\n\n\n\n<p class=\"wp-block-paragraph\"><\/p>\n","protected":false},"excerpt":{"rendered":"<div class=\"mh-excerpt\">El ple aprova un termini de 5 anys sense possibilitat de pr\u00f2rroga a &#8220;l&#8217;empresa que treballar\u00e0 festius, donar\u00e0 sous dignes als seus empleats i utilitzar\u00e0 productes sostenibles&#8221;. El ple de l&#8217;Ajuntament de Riba-roja de T\u00faria <a class=\"mh-excerpt-more\" href=\"https:\/\/tucomarca.whitekongsoftware.com\/ca\/riba-roja-de-turia-adjudica-per-34-milions-deuros-la-neteja-viaria\/\" title=\"Riba-roja de T\u00faria adjudica per 3\u20194 milions d&#8217;euros la neteja vi\u00e0ria\">[+] <\/a><\/div>\n","protected":false},"author":12,"featured_media":135587,"comment_status":"open","ping_status":"open","sticky":false,"template":"","format":"standard","meta":{"footnotes":""},"categories":[10892,10948,10894,10947,10906,10896],"tags":[10899,14873,15024],"class_list":["post-136939","post","type-post","status-publish","format-standard","has-post-thumbnail","category-camp-de-turia-ca","category-infraestructuras-ca","category-la-comarca-ca","category-politica","category-riba-roja-ca","category-seccion-ca","tag-camp-de-turia-ca","tag-limpieza-viaria-ca","tag-riba-roja-de-turia-ca"],"_links":{"self":[{"href":"https:\/\/tucomarca.whitekongsoftware.com\/ca\/wp-json\/wp\/v2\/posts\/136939","targetHints":{"allow":["GET"]}}],"collection":[{"href":"https:\/\/tucomarca.whitekongsoftware.com\/ca\/wp-json\/wp\/v2\/posts"}],"about":[{"href":"https:\/\/tucomarca.whitekongsoftware.com\/ca\/wp-json\/wp\/v2\/types\/post"}],"author":[{"embeddable":true,"href":"https:\/\/tucomarca.whitekongsoftware.com\/ca\/wp-json\/wp\/v2\/users\/12"}],"replies":[{"embeddable":true,"href":"https:\/\/tucomarca.whitekongsoftware.com\/ca\/wp-json\/wp\/v2\/comments?post=136939"}],"version-history":[{"count":0,"href":"https:\/\/tucomarca.whitekongsoftware.com\/ca\/wp-json\/wp\/v2\/posts\/136939\/revisions"}],"wp:featuredmedia":[{"embeddable":true,"href":"https:\/\/tucomarca.whitekongsoftware.com\/ca\/wp-json\/wp\/v2\/media\/135587"}],"wp:attachment":[{"href":"https:\/\/tucomarca.whitekongsoftware.com\/ca\/wp-json\/wp\/v2\/media?parent=136939"}],"wp:term":[{"taxonomy":"category","embeddable":true,"href":"https:\/\/tucomarca.whitekongsoftware.com\/ca\/wp-json\/wp\/v2\/categories?post=136939"},{"taxonomy":"post_tag","embeddable":true,"href":"https:\/\/tucomarca.whitekongsoftware.com\/ca\/wp-json\/wp\/v2\/tags?post=136939"}],"curies":[{"name":"wp","href":"https:\/\/api.w.org\/{rel}","templated":true}]}}