{"id":136935,"date":"2021-07-06T19:00:00","date_gmt":"2021-07-06T18:00:00","guid":{"rendered":"http:\/\/www.tucomarca.com\/wordpress\/segunda\/?p=136935"},"modified":"2021-07-07T09:28:35","modified_gmt":"2021-07-07T08:28:35","slug":"xest-celebra-les-seues-festes-de-juliol-a-partir-del-proxim-dia-11","status":"publish","type":"post","link":"https:\/\/tucomarca.whitekongsoftware.com\/ca\/xest-celebra-les-seues-festes-de-juliol-a-partir-del-proxim-dia-11\/","title":{"rendered":"Xest celebra les seues Festes de Juliol a partir del pr\u00f2xim dia 11"},"content":{"rendered":"\n<p class=\"wp-block-paragraph\">La regidoria de Festes ja t\u00e9 tot llest per a la celebraci\u00f3 de les pr\u00f2ximes Festes de Juliol, amb un programa replet d&#8217;espectacles experimentals, en el marc del Festival d&#8217;Art en Llocs Singulars, Cheste Inusual, i de m\u00fasica en directe.<\/p>\n\n\n\n<p class=\"wp-block-paragraph\">\u201cL&#8217;any passat ens vam veure obligats a ajornar les nostres festes, per\u00f2 aquest juliol ser\u00e0 diferent, ja que gr\u00e0cies a la relaxaci\u00f3 de les mesures podem celebrar un calendari festiu variat i per a tots els p\u00fablics, encara que tots els actes comptaran amb protocols de seguretat\u201d, apunta el regidor de Festes, Ra\u00fal Mota. \u201cLes Festes de Juliol han donat un gir de 360 graus amb un nou car\u00e0cter\u2002cultural, per\u00f2 sense oblidar l&#8217;ess\u00e8ncia i la tradici\u00f3 del nostre poble\u201d.<\/p>\n\n\n\n<p class=\"wp-block-paragraph\"><strong>Inauguraci\u00f3<\/strong><\/p>\n\n\n\n<p class=\"wp-block-paragraph\">El programa arrancar\u00e0 diumenge que ve, 11 de juliol, amb una traca al carrer Chiva a les 19 hores, seguida de tres actuacions de Cheste Inusual: dansa-cabaret en l&#8217;aparador del bar Ateneu, a c\u00e0rrec de la companyia Sporting Club Russafa; l&#8217;espectacle Indala de dansa urbana en la pla\u00e7a Le\u00f3n, a c\u00e0rrec de David Viento Danse Theatre; i el concert als m\u00fasics chestanos Urko, Jahwind, Baodud i Xokito, que comen\u00e7ar\u00e0 just despr\u00e9s en la mateixa pla\u00e7a.<\/p>\n\n\n\n<p class=\"wp-block-paragraph\"><strong>Segon cap de setmana<\/strong><\/p>\n\n\n\n<p class=\"wp-block-paragraph\">El cap de setmana seg\u00fcent tamb\u00e9 ve carregat d&#8217;activitats. El divendres 16 de juliol els chestanos Bibrass D\u2019Or faran un concert al carrer P\u00e9rez Gald\u00f3s a partir de les 20 hores. El dissabte a les 12 hores hi haur\u00e0 un espectacle de titelles per a p\u00fablic familiar en la Lomiquia, The Sow Moscoon, de la companyia valenciana Galitoo. A la vesprada, tornar\u00e0 Cheste Inusual amb noves propostes teatrals en les entr\u00e1s de cases particulars del carrer Chiva i a la Casa Valterra. De 19 a 20 hores es faran dues passes de tres peces diferents: Les Aragoneses, a c\u00e0rrec d&#8217;Ardits teatre; Jo no puc Oblidar-la, d&#8217;\u00c1ngela Berm\u00fadez, i Les Banyistes Sincronitzades, oferida per la companyia Consuelo Blanco Piscinas. La nit del dissabte acabar\u00e0 amb un concert de Gisela en la pla\u00e7a Segona Rep\u00fablica, a partir de les 23.00, i el diumenge comptar\u00e0 amb la repetici\u00f3 del teatre en cases del dia anterior, amb els mateixos dos passes de cada obra entre les 19 i les 20 hores.<br>Fi de festes<\/p>\n\n\n\n<p class=\"wp-block-paragraph\">El programa de Festes de Juliol acabar\u00e0 amb un altre cap de setmana ple d&#8217;actuacions. El divendres, 23 de juliol, comen\u00e7ar\u00e0 amb una nova actuaci\u00f3 de Cheste Inusual, la preestrena d&#8217;una obra experimental del Col\u00b7lectiu Fracassades, a les 19.30 en el Teatre Liceu. Tot seguit, tindr\u00e0 lloc una nova edici\u00f3 de la Lluna de Juliol, una proposta que portar\u00e0 concerts en ac\u00fastic i monologuistes a diferents punts de la poblaci\u00f3 a partir de les 20.30. El dissabte, la pla\u00e7a Segona Rep\u00fablica acollir\u00e0 un tribut a Mecano a partir de les 23 hores i, finalment, com a colof\u00f3 a les festes i tancament de Cheste Inusual, el diumenge 25 la companyia Ferrer &amp; Weiddman oferir\u00e0 un espectacle en paret vertical en la fa\u00e7ana de la biblioteca sota el t\u00edtol Res, a partir de les 22 hores.<\/p>\n\n\n\n<p class=\"wp-block-paragraph\"><\/p>\n","protected":false},"excerpt":{"rendered":"<div class=\"mh-excerpt\">La regidoria de Festes ja t\u00e9 tot llest per a la celebraci\u00f3 de les pr\u00f2ximes Festes de Juliol, amb un programa replet d&#8217;espectacles experimentals, en el marc del Festival d&#8217;Art en Llocs Singulars, Cheste Inusual, <a class=\"mh-excerpt-more\" href=\"https:\/\/tucomarca.whitekongsoftware.com\/ca\/xest-celebra-les-seues-festes-de-juliol-a-partir-del-proxim-dia-11\/\" title=\"Xest celebra les seues Festes de Juliol a partir del pr\u00f2xim dia 11\">[+] <\/a><\/div>\n","protected":false},"author":12,"featured_media":136933,"comment_status":"open","ping_status":"open","sticky":false,"template":"","format":"standard","meta":{"footnotes":""},"categories":[11019,10894,10912,11008,10896,10974],"tags":[11071,15022,10914],"class_list":["post-136935","post","type-post","status-publish","format-standard","has-post-thumbnail","category-agenda-ca","category-la-comarca-ca","category-la-hoya-ca","category-pueblos-en-fiestas-ca","category-seccion-ca","category-cheste-ca","tag-cheste","tag-fiestas-de-julio-ca","tag-la-hoya-de-bunol-chiva-ca"],"_links":{"self":[{"href":"https:\/\/tucomarca.whitekongsoftware.com\/ca\/wp-json\/wp\/v2\/posts\/136935","targetHints":{"allow":["GET"]}}],"collection":[{"href":"https:\/\/tucomarca.whitekongsoftware.com\/ca\/wp-json\/wp\/v2\/posts"}],"about":[{"href":"https:\/\/tucomarca.whitekongsoftware.com\/ca\/wp-json\/wp\/v2\/types\/post"}],"author":[{"embeddable":true,"href":"https:\/\/tucomarca.whitekongsoftware.com\/ca\/wp-json\/wp\/v2\/users\/12"}],"replies":[{"embeddable":true,"href":"https:\/\/tucomarca.whitekongsoftware.com\/ca\/wp-json\/wp\/v2\/comments?post=136935"}],"version-history":[{"count":0,"href":"https:\/\/tucomarca.whitekongsoftware.com\/ca\/wp-json\/wp\/v2\/posts\/136935\/revisions"}],"wp:featuredmedia":[{"embeddable":true,"href":"https:\/\/tucomarca.whitekongsoftware.com\/ca\/wp-json\/wp\/v2\/media\/136933"}],"wp:attachment":[{"href":"https:\/\/tucomarca.whitekongsoftware.com\/ca\/wp-json\/wp\/v2\/media?parent=136935"}],"wp:term":[{"taxonomy":"category","embeddable":true,"href":"https:\/\/tucomarca.whitekongsoftware.com\/ca\/wp-json\/wp\/v2\/categories?post=136935"},{"taxonomy":"post_tag","embeddable":true,"href":"https:\/\/tucomarca.whitekongsoftware.com\/ca\/wp-json\/wp\/v2\/tags?post=136935"}],"curies":[{"name":"wp","href":"https:\/\/api.w.org\/{rel}","templated":true}]}}