{"id":136921,"date":"2021-07-06T11:30:00","date_gmt":"2021-07-06T10:30:00","guid":{"rendered":"http:\/\/www.tucomarca.com\/wordpress\/segunda\/?p=136921"},"modified":"2021-07-07T09:24:10","modified_gmt":"2021-07-07T08:24:10","slug":"dues-actuacions-en-la-recta-final-del-cicle-de-serenates-de-xest","status":"publish","type":"post","link":"https:\/\/tucomarca.whitekongsoftware.com\/ca\/dues-actuacions-en-la-recta-final-del-cicle-de-serenates-de-xest\/","title":{"rendered":"Dues actuacions en la recta final del cicle de serenates de Xest"},"content":{"rendered":"\n<p class=\"wp-block-paragraph\">De nou el cicle de Serenates va posar banda sonora a les nits d&#8217;estiu a Cheste. El passat cap de setmana la pla\u00e7a Doctor Cajal va acollir un un concert coral a c\u00e0rrec de les agrupacions vocals de l&#8217;Associaci\u00f3 Musical La Lira, la coral Cant\u00e1bile i el cor de l&#8217;escola; i un intercanvi de bandes juvenils, que va comptar amb la participaci\u00f3 de les associacions musicals Barri del Crist i La Lira de Cheste.<\/p>\n\n\n\n<p class=\"wp-block-paragraph\"><strong>Concert coral<\/strong><\/p>\n\n\n\n<p class=\"wp-block-paragraph\">El divendres, 2 de juliol, la vesprada es va obrir amb un concert coral que va emocionar i va fer ballar al p\u00fablic des dels seus seients. Abans de donar principi, des de la coral Cant\u00e1bile es va recordar que actualment estan assajant en la Pineda, a l&#8217;aire lliure, de 19 a 21 hores tots els dimarts: \u201cAnimem a tota persona que tinga ganes de cantar i de riure al fet que vinga, les nostres portes sempre estan obertes\u201d, apuntaven. A m\u00e9s, des de la coral van tindre agra\u00efments per a l&#8217;Ajuntament, la fundaci\u00f3 cajacheste, l&#8217;Associaci\u00f3 Musical La Lira, la Coral Vicent Ribes de Tur\u00eds, per als coralistas Nacho Rodrigo i Pepe Garc\u00eda, i per a la directora Marta M\u00e1rmol.<\/p>\n\n\n\n<p class=\"wp-block-paragraph\">La vesprada va comen\u00e7ar amb l&#8217;actuaci\u00f3 d&#8217;una representaci\u00f3 de la coral Federaci\u00f3 d&#8217;Associacions Musicals de Quart de Poblet, dirigida per Marta M\u00e1rmol, que va delectar al p\u00fablic amb m\u00fasica de variats estils: renaixentista, amb Tant que Vivray, de Claudin Sermisy i Madrigal, del compositor catal\u00e0 Crist\u00f2fol TaltaBull; oper\u00edstica amb Bacarola, dels Contes de Hoffman i Morir tremendament a trav\u00e9s de la nit, pe\u00e7a de la Flauta M\u00e0gica; i finalment, jazz, amb I got rhythm, de George Gershwin.<\/p>\n\n\n\n<p class=\"wp-block-paragraph\">La segona part va ser a c\u00e0rrec del cor infantil, dirigit tamb\u00e9 per Marta M\u00e1rmol, que va emocionar al p\u00fablic amb la seua divertida interpretaci\u00f3 dels temes Cante amb el teu, de J.R. Gil T\u00e0rrega, i La Caravana, can\u00e7\u00f3 popular; ambdues coreografiadas.&nbsp;<\/p>\n\n\n\n<p class=\"wp-block-paragraph\">La coral Cant\u00e1bile va posar el fermall d&#8217;or a la vesprada amb un animat repertori que va fer ballar al p\u00fablic amb temes com Ob-la-di Ob-la-d\u00f3na, de The Beatles; A qui li importa, d&#8217;Alaska o Bohemian Rhapsody, de Queen, entre altres; i van tancar el concert amb Tant de bo que ploga caf\u00e9, de Juan Luis Guerra, que van interpretar al costat del cor de l&#8217;escola.<\/p>\n\n\n\n<p class=\"wp-block-paragraph\"><strong>Intercanvi de bandes juvenils<\/strong><\/p>\n\n\n\n<p class=\"wp-block-paragraph\">El dissabte, 3 de juliol, la pla\u00e7a Doctor Cajal s&#8217;omplia de nou de m\u00fasica amb l&#8217;actuaci\u00f3 de les banda juvenils de l&#8217;Associaci\u00f3 Musical Barri del Crist i de l&#8217;Associaci\u00f3 Musical La Lira. La primera agrupaci\u00f3, dirigida per Francisco Jos\u00e9 Garc\u00eda Ruano, va obrir el programa amb la interpretaci\u00f3 del pasdoble Saoret, de Daniel Ferrero; Greek folk song suite, de Franco Cesarini i Fate of the Gods, de Steven Reineke. La regidora de Cultura, M\u00aa \u00c1ngeles Llorente i el president de l&#8217;AM La Lira de Cheste van entregar una placa commemorativa a l&#8217;Associaci\u00f3 Musical Barri del Crist, com a agra\u00efment per la seua participaci\u00f3 en el cicle de Serenates 2021.<\/p>\n\n\n\n<p class=\"wp-block-paragraph\">El programa es completava amb l&#8217;actuaci\u00f3 de la Banda Juvenil La Lira, que va executar el seu \u00faltim concert sota la batuta de Ra\u00fal Dom\u00e9nech Rubio i va interpretar Amparito Roca, de Jaime Teixidor; The Great Locomotive Chase, de Robert W. Smith; Guantanamera, de Jos\u00e9 Fern\u00e1ndez D\u00edaz; Don\u2019t worry, be happy, de Bobby McFerrin i Sent com va, de Tito Puente.<\/p>\n\n\n\n<p class=\"wp-block-paragraph\">En finalitzar la serenata l&#8217;Associaci\u00f3 Musical La Lira va mostrar el seu agra\u00efment al jove director, reconeixent la seua dedicaci\u00f3 i el seu comprom\u00eds amb la societat musical. A m\u00e9s, es van destacar els guardons rebuts per la Banda Juvenil chestana durant l&#8217;\u00faltim any, sota la direcci\u00f3 de Dom\u00e9nech, en diferents concursos europeus i internacionals.<\/p>\n\n\n\n<p class=\"wp-block-paragraph\"><\/p>\n","protected":false},"excerpt":{"rendered":"<div class=\"mh-excerpt\">De nou el cicle de Serenates va posar banda sonora a les nits d&#8217;estiu a Cheste. El passat cap de setmana la pla\u00e7a Doctor Cajal va acollir un un concert coral a c\u00e0rrec de les <a class=\"mh-excerpt-more\" href=\"https:\/\/tucomarca.whitekongsoftware.com\/ca\/dues-actuacions-en-la-recta-final-del-cicle-de-serenates-de-xest\/\" title=\"Dues actuacions en la recta final del cicle de serenates de Xest\">[+] <\/a><\/div>\n","protected":false},"author":12,"featured_media":136919,"comment_status":"open","ping_status":"open","sticky":false,"template":"","format":"standard","meta":{"footnotes":""},"categories":[11005,10894,10912,11007,10896,10974],"tags":[14935,11071,12765,10914,14977],"class_list":["post-136921","post","type-post","status-publish","format-standard","has-post-thumbnail","category-canal-musica","category-la-comarca-ca","category-la-hoya-ca","category-ocio-y-cultura-ca","category-seccion-ca","category-cheste-ca","tag-am-la-lira-ca","tag-cheste","tag-coral-vicent-ribes-turis-ca","tag-la-hoya-de-bunol-chiva-ca","tag-serenatas-de-verano-ca"],"_links":{"self":[{"href":"https:\/\/tucomarca.whitekongsoftware.com\/ca\/wp-json\/wp\/v2\/posts\/136921","targetHints":{"allow":["GET"]}}],"collection":[{"href":"https:\/\/tucomarca.whitekongsoftware.com\/ca\/wp-json\/wp\/v2\/posts"}],"about":[{"href":"https:\/\/tucomarca.whitekongsoftware.com\/ca\/wp-json\/wp\/v2\/types\/post"}],"author":[{"embeddable":true,"href":"https:\/\/tucomarca.whitekongsoftware.com\/ca\/wp-json\/wp\/v2\/users\/12"}],"replies":[{"embeddable":true,"href":"https:\/\/tucomarca.whitekongsoftware.com\/ca\/wp-json\/wp\/v2\/comments?post=136921"}],"version-history":[{"count":0,"href":"https:\/\/tucomarca.whitekongsoftware.com\/ca\/wp-json\/wp\/v2\/posts\/136921\/revisions"}],"wp:featuredmedia":[{"embeddable":true,"href":"https:\/\/tucomarca.whitekongsoftware.com\/ca\/wp-json\/wp\/v2\/media\/136919"}],"wp:attachment":[{"href":"https:\/\/tucomarca.whitekongsoftware.com\/ca\/wp-json\/wp\/v2\/media?parent=136921"}],"wp:term":[{"taxonomy":"category","embeddable":true,"href":"https:\/\/tucomarca.whitekongsoftware.com\/ca\/wp-json\/wp\/v2\/categories?post=136921"},{"taxonomy":"post_tag","embeddable":true,"href":"https:\/\/tucomarca.whitekongsoftware.com\/ca\/wp-json\/wp\/v2\/tags?post=136921"}],"curies":[{"name":"wp","href":"https:\/\/api.w.org\/{rel}","templated":true}]}}