{"id":136867,"date":"2021-07-05T19:53:00","date_gmt":"2021-07-05T18:53:00","guid":{"rendered":"http:\/\/www.tucomarca.com\/wordpress\/segunda\/?p=136867"},"modified":"2021-07-05T21:01:01","modified_gmt":"2021-07-05T20:01:01","slug":"el-botanic-de-valencia-acull-la-presentacio-del-festival-xest-inusual","status":"publish","type":"post","link":"https:\/\/tucomarca.whitekongsoftware.com\/ca\/el-botanic-de-valencia-acull-la-presentacio-del-festival-xest-inusual\/","title":{"rendered":"El Bot\u00e0nic de Val\u00e8ncia acull la presentaci\u00f3 del festival Xest Inusual"},"content":{"rendered":"\n<p class=\"wp-block-paragraph\">Divendres passat, 2 de juliol, el Umbracle del Jard\u00ed Bot\u00e0nic de Val\u00e8ncia va albergar la presentaci\u00f3 del festival d&#8217;art en llocs singulars Xest Inusual, que se celebrar\u00e0 dins del programa de Festes de Juliol de la localitat chestana.\u00a0<\/p>\n\n\n\n<p class=\"wp-block-paragraph\">\u201cAquesta iniciativa naix de la idea de posicionar a Xest dins del m\u00f3n de les arts esc\u00e8niques i d&#8217;acostar al p\u00fablic un tipus d&#8217;actuacions que no solen tindre cabuda en una sala de teatre convencional\u201d, explicava el regidor de Festes, Ra\u00fal Mota. \u201cCheste Inusual va celebrar la seua primera edici\u00f3 en 2020 i va comptar amb una aflu\u00e8ncia de p\u00fablic de prop de 1.500 persones. La nostra idea \u00e9s afermar el festival, oferint creacions art\u00edstiques de qualitat i creixent cada any quant a propostes, espais i disciplines; de fet enguany, com a novetat, no sols hi haur\u00e0 teatre, sin\u00f3 que tamb\u00e9 hem incl\u00f2s en la programaci\u00f3 actuacions de dansa i m\u00fasica\u201d.<\/p>\n\n\n\n<p class=\"wp-block-paragraph\">Una altra de les novetats \u00e9s la col\u00b7laboraci\u00f3 entre l&#8217;Ajuntament i el Teatre Olympia de Val\u00e8ncia, que en aquesta segona edici\u00f3 s&#8217;encarrega de la comunicaci\u00f3 del festival. \u201cEstem molt agra\u00efts que un gran teatre de Val\u00e8ncia, com \u00e9s l&#8217;Olympia, s&#8217;interesse pel nostre festival i ens ajude a donar-lo a con\u00e9ixer i posicionar-lo dins de l&#8217;agenda cultural valenciana\u201d, destacava Mota. \u201cIgualment, \u00e9s molt important comptar amb l&#8217;experi\u00e8ncia de Manolo Puchades, director art\u00edstic del Cheste Inusual, que ja va estar al capdavant del projecte en la primera edici\u00f3\u201d.<\/p>\n\n\n\n<p class=\"wp-block-paragraph\">Per part seua, Puchades va subratllar la intenci\u00f3 de l&#8217;organitzaci\u00f3 de comptar amb una programaci\u00f3 potent i variada. \u201cCheste Inusual \u00e9s un festival modest per\u00f2 amb grans pretensions, ja que tenim la il\u00b7lusi\u00f3 de posicionar a Cheste com a referent tant a nivell de Comunitat Valenciana com nacional. Continuarem amb l&#8217;esperit amb el qual va n\u00e0ixer el festival, que \u00e9s traure disciplines art\u00edstiques, com a teatre, dansa, circ o performance, dels seus espais de representaci\u00f3 habituals i portar-los a espais inusuals, ja siguen p\u00f2rtics, aparadors, cases, balcons, places o carrers; amb l&#8217;objectiu d&#8217;oferir als espectadors un format diferent, no tan convencional, de les arts esc\u00e8niques\u201d.<\/p>\n\n\n\n<p class=\"wp-block-paragraph\">Tal com va explicar el director art\u00edstic, la segona edici\u00f3 de Cheste Inusual prioritza la participaci\u00f3 de companyies valencianes, per\u00f2 tamb\u00e9 comptar\u00e0 amb artistes de Madrid, Catalunya i M\u00farcia. \u201cHi haur\u00e0 9 espectacles que aglutinaran diferents disciplines. Comencem l&#8217;11 de juliol amb dues peces de dansa contempor\u00e0nia; una d&#8217;elles es far\u00e0 dins d&#8217;un aparador i, la segona pe\u00e7a, que combina dansa, teatre f\u00edsic i circ, es far\u00e0 a peu de carrer; encara que estava programada en un terrat, finalment hem canviat l&#8217;espai per raons de seguretat\u201d.<\/p>\n\n\n\n<p class=\"wp-block-paragraph\">A m\u00e9s, el festival inclou un concert de m\u00fasica urbana i jazz a c\u00e0rrec de tres joves creadors de Cheste, que posaran el fermall final a la jornada de l&#8217;11 de juliol amb una actuaci\u00f3 en la pla\u00e7a del Mercat.&nbsp;<\/p>\n\n\n\n<p class=\"wp-block-paragraph\">Seguint el deixant de l&#8217;edici\u00f3 anterior, els dies 17 i 18 s&#8217;interpretaran tres peces de teatre breu en les \u201centr\u00e1s\u201d de les cases senyorials de Cheste. \u201cLes entr\u00e1s s\u00f3n aqueixos espais grans on antigament es guardaven els carros i per on passava el bestiar cap a les quadres, s\u00f3n l&#8217;eix central d&#8217;aqueixes cases senyorials chestanas que tenen una arquitectura incre\u00efble i desconeguda fins i tot per a molts ve\u00efns i ve\u00efnes del poble. Per aix\u00f2, una cosa interessant \u00e9s que el p\u00fablic \u00e9s rebut per la pr\u00f2pia fam\u00edlia que habita la casa, de manera que els espectadors poden con\u00e9ixer de primera m\u00e0 la hist\u00f2ria de la casa\u201d, explicava Puchades. \u201cEl mateix dia 17 de juliol la companyia Galitoon oferir\u00e0 un espectacle de circ al Parc de la Lomiquia\u201d.&nbsp;<\/p>\n\n\n\n<p class=\"wp-block-paragraph\">El programa tamb\u00e9 contempla la preestrena d&#8217;una coproducci\u00f3 del col\u00b7lectiu Fracassades i Teatre dels Brolladors, Taxid\u00e8rmia; una pe\u00e7a amb un format performatiu que es far\u00e0 en l&#8217;escenari del teatre Liceu, amb aforament de teatre \u00edntim. El festival finalitzar\u00e0 amb una proposta de teatre aeri, titulada Res, que tindr\u00e0 lloc en la fa\u00e7ana de la biblioteca municipal, el diumenge 25 de juliol a les 22 hores.<\/p>\n\n\n\n<p class=\"wp-block-paragraph\"><\/p>\n","protected":false},"excerpt":{"rendered":"<div class=\"mh-excerpt\">Divendres passat, 2 de juliol, el Umbracle del Jard\u00ed Bot\u00e0nic de Val\u00e8ncia va albergar la presentaci\u00f3 del festival d&#8217;art en llocs singulars Xest Inusual, que se celebrar\u00e0 dins del programa de Festes de Juliol de <a class=\"mh-excerpt-more\" href=\"https:\/\/tucomarca.whitekongsoftware.com\/ca\/el-botanic-de-valencia-acull-la-presentacio-del-festival-xest-inusual\/\" title=\"El Bot\u00e0nic de Val\u00e8ncia acull la presentaci\u00f3 del festival Xest Inusual\">[+] <\/a><\/div>\n","protected":false},"author":12,"featured_media":136862,"comment_status":"open","ping_status":"open","sticky":false,"template":"","format":"standard","meta":{"footnotes":""},"categories":[10894,10912,11007,10896,10974],"tags":[11071,15015,10914],"class_list":["post-136867","post","type-post","status-publish","format-standard","has-post-thumbnail","category-la-comarca-ca","category-la-hoya-ca","category-ocio-y-cultura-ca","category-seccion-ca","category-cheste-ca","tag-cheste","tag-festiva-cheste-inusual-ca","tag-la-hoya-de-bunol-chiva-ca"],"_links":{"self":[{"href":"https:\/\/tucomarca.whitekongsoftware.com\/ca\/wp-json\/wp\/v2\/posts\/136867","targetHints":{"allow":["GET"]}}],"collection":[{"href":"https:\/\/tucomarca.whitekongsoftware.com\/ca\/wp-json\/wp\/v2\/posts"}],"about":[{"href":"https:\/\/tucomarca.whitekongsoftware.com\/ca\/wp-json\/wp\/v2\/types\/post"}],"author":[{"embeddable":true,"href":"https:\/\/tucomarca.whitekongsoftware.com\/ca\/wp-json\/wp\/v2\/users\/12"}],"replies":[{"embeddable":true,"href":"https:\/\/tucomarca.whitekongsoftware.com\/ca\/wp-json\/wp\/v2\/comments?post=136867"}],"version-history":[{"count":0,"href":"https:\/\/tucomarca.whitekongsoftware.com\/ca\/wp-json\/wp\/v2\/posts\/136867\/revisions"}],"wp:featuredmedia":[{"embeddable":true,"href":"https:\/\/tucomarca.whitekongsoftware.com\/ca\/wp-json\/wp\/v2\/media\/136862"}],"wp:attachment":[{"href":"https:\/\/tucomarca.whitekongsoftware.com\/ca\/wp-json\/wp\/v2\/media?parent=136867"}],"wp:term":[{"taxonomy":"category","embeddable":true,"href":"https:\/\/tucomarca.whitekongsoftware.com\/ca\/wp-json\/wp\/v2\/categories?post=136867"},{"taxonomy":"post_tag","embeddable":true,"href":"https:\/\/tucomarca.whitekongsoftware.com\/ca\/wp-json\/wp\/v2\/tags?post=136867"}],"curies":[{"name":"wp","href":"https:\/\/api.w.org\/{rel}","templated":true}]}}