{"id":136840,"date":"2021-07-04T11:31:00","date_gmt":"2021-07-04T10:31:00","guid":{"rendered":"http:\/\/www.tucomarca.com\/wordpress\/segunda\/?p=136840"},"modified":"2021-07-05T20:58:40","modified_gmt":"2021-07-05T19:58:40","slug":"els-viticultors-protestaran-per-la-falta-dinteres-del-ministeri-dagricultura-per-resoldre-la-crisi-de-preus-del-vi","status":"publish","type":"post","link":"https:\/\/tucomarca.whitekongsoftware.com\/ca\/els-viticultors-protestaran-per-la-falta-dinteres-del-ministeri-dagricultura-per-resoldre-la-crisi-de-preus-del-vi\/","title":{"rendered":"Els viticultors protestaran per la falta d&#8217;inter\u00e9s del Ministeri d&#8217;Agricultura per resoldre la crisi de preus del vi"},"content":{"rendered":"\n<p class=\"wp-block-paragraph\">La Uni\u00f3 d&#8217;Unions d&#8217;Agricultors, organitzaci\u00f3 agr\u00e0ria en la qual est\u00e0 integrada la Va unir de Llauradors, dur\u00e0 a terme una protesta a Madrid enfront del Ministeri d&#8217;Agricultura, el 14 de juliol. Segons va comentar Luis Javier Navarro, sotssecretari de la Uni\u00f3 de Llauradors, el motiu de la protesta \u00e9s &#8220;la falta d&#8217;inter\u00e9s per part del Ministeri de prendre mesures extraordin\u00e0ries per a eliminar els excedents de producci\u00f3 que s&#8217;han generat en el sector del vi&#8221;.<br>El dirigent agrari va explicar que des de la Uni\u00f3 d&#8217;Unions &#8220;venim demanant la verema en verd per a la pr\u00f2xima campanya i una destil\u00b7laci\u00f3 de vins per a convertir en alcohol una part important dels excedents de producci\u00f3 v\u00ednica que s&#8217;han generat principalment per la COVID-19&#8221;.<br>Cal recordar que l&#8217;exc\u00e9s d&#8217;oferta ha provocat l&#8217;enfonsament de les cotitzacions dels vins.<\/p>\n","protected":false},"excerpt":{"rendered":"<div class=\"mh-excerpt\">La Uni\u00f3 d&#8217;Unions d&#8217;Agricultors, organitzaci\u00f3 agr\u00e0ria en la qual est\u00e0 integrada la Va unir de Llauradors, dur\u00e0 a terme una protesta a Madrid enfront del Ministeri d&#8217;Agricultura, el 14 de juliol. Segons va comentar Luis <a class=\"mh-excerpt-more\" href=\"https:\/\/tucomarca.whitekongsoftware.com\/ca\/els-viticultors-protestaran-per-la-falta-dinteres-del-ministeri-dagricultura-per-resoldre-la-crisi-de-preus-del-vi\/\" title=\"Els viticultors protestaran per la falta d&#8217;inter\u00e9s del Ministeri d&#8217;Agricultura per resoldre la crisi de preus del vi\">[+] <\/a><\/div>\n","protected":false},"author":12,"featured_media":136838,"comment_status":"open","ping_status":"open","sticky":false,"template":"","format":"standard","meta":{"footnotes":""},"categories":[10890,10905,10951,10892,12202,11046,10948,10963,10894,10904,10902,10903,10947,10909,10896],"tags":[11309,12411,13470],"class_list":["post-136840","post","type-post","status-publish","format-standard","has-post-thumbnail","category-ademus","category-agricultura-la-comarca-ca","category-ayora-cofrentes-ca","category-camp-de-turia-ca","category-covid-19-ca","category-los-serranos-ca","category-infraestructuras-ca","category-la-canal-de-navarres-ca","category-la-comarca-ca","category-sin-categorizar-ca","category-la-ribera-ca","category-medio-ambiente-la-comarca-ca","category-politica","category-requena-utiel-ca","category-seccion-ca","tag-agricultura-ca","tag-el-ministerio-de-agricultura-ca","tag-union-de-uniones-ca"],"_links":{"self":[{"href":"https:\/\/tucomarca.whitekongsoftware.com\/ca\/wp-json\/wp\/v2\/posts\/136840","targetHints":{"allow":["GET"]}}],"collection":[{"href":"https:\/\/tucomarca.whitekongsoftware.com\/ca\/wp-json\/wp\/v2\/posts"}],"about":[{"href":"https:\/\/tucomarca.whitekongsoftware.com\/ca\/wp-json\/wp\/v2\/types\/post"}],"author":[{"embeddable":true,"href":"https:\/\/tucomarca.whitekongsoftware.com\/ca\/wp-json\/wp\/v2\/users\/12"}],"replies":[{"embeddable":true,"href":"https:\/\/tucomarca.whitekongsoftware.com\/ca\/wp-json\/wp\/v2\/comments?post=136840"}],"version-history":[{"count":0,"href":"https:\/\/tucomarca.whitekongsoftware.com\/ca\/wp-json\/wp\/v2\/posts\/136840\/revisions"}],"wp:featuredmedia":[{"embeddable":true,"href":"https:\/\/tucomarca.whitekongsoftware.com\/ca\/wp-json\/wp\/v2\/media\/136838"}],"wp:attachment":[{"href":"https:\/\/tucomarca.whitekongsoftware.com\/ca\/wp-json\/wp\/v2\/media?parent=136840"}],"wp:term":[{"taxonomy":"category","embeddable":true,"href":"https:\/\/tucomarca.whitekongsoftware.com\/ca\/wp-json\/wp\/v2\/categories?post=136840"},{"taxonomy":"post_tag","embeddable":true,"href":"https:\/\/tucomarca.whitekongsoftware.com\/ca\/wp-json\/wp\/v2\/tags?post=136840"}],"curies":[{"name":"wp","href":"https:\/\/api.w.org\/{rel}","templated":true}]}}