{"id":136700,"date":"2021-07-02T11:00:00","date_gmt":"2021-07-02T10:00:00","guid":{"rendered":"http:\/\/www.tucomarca.com\/wordpress\/segunda\/?p=136700"},"modified":"2021-07-02T22:25:20","modified_gmt":"2021-07-02T21:25:20","slug":"lajuntament-dalboraig-exigeix-que-el-centre-de-salut-es-mantinga-obert-aquest-estiu","status":"publish","type":"post","link":"https:\/\/tucomarca.whitekongsoftware.com\/ca\/lajuntament-dalboraig-exigeix-que-el-centre-de-salut-es-mantinga-obert-aquest-estiu\/","title":{"rendered":"L&#8217;Ajuntament d&#8217;Alboraig exigeix que el Centre de Salut es mantinga obert aquest estiu"},"content":{"rendered":"\n<h4 class=\"wp-block-heading\">L&#8217;Ajuntament ha sigut informat que el Centre Auxiliar de Salut d&#8217;Alborache estar\u00e0 tancat durant les vacances del facultatiu.<\/h4>\n\n\n\n<p class=\"wp-block-paragraph\">L&#8217;Ajuntament d&#8217;Alboraig exigeix a la direcci\u00f3 del Departament de Salut de Manises que el Centre Auxiliar de Salut estiga obert durant tot el per\u00edode estival, per a garantir l&#8217;atenci\u00f3 sanit\u00e0ria en el municipi, despr\u00e9s d&#8217;haver rebut la comunicaci\u00f3 que tanca per vacances del facultatiu.<br>L&#8217;Ajuntament denuncia que aquesta situaci\u00f3 \u00e9s el resultat d&#8217;una mala gesti\u00f3 de personal no sols en els centres de salut, sin\u00f3 tamb\u00e9 en tots els serveis de l&#8217;\u00e0rea, que es troba en estat permanent de serveis m\u00ednims, sense cobrir baixes ni vacances i incomplint els r\u00e0tios per pacient, per la qual cosa exigeix a la Ger\u00e8ncia que es dote al centre local, i tamb\u00e9 a l&#8217;Hospital de Manises, del personal sanitari necessari per a atendre les necessitats de la poblaci\u00f3.<br>Amb la seua actuaci\u00f3, el Departament de Salut de Manises posa en perill la situaci\u00f3 sanit\u00e0ria de la ciutadania, especialment en els mesos de major aflu\u00e8ncia d&#8217;estiuejants i familiars. Des del govern local es responsabilitza a la gesti\u00f3 privada de les conseq\u00fc\u00e8ncies tan negatives que patirien els ve\u00efns i ve\u00efnes d&#8217;Alborache pel tancament, sense tindre acc\u00e9s a l&#8217;atenci\u00f3 sanit\u00e0ria de qualitat que mereixen.<\/p>\n\n\n\n<p class=\"wp-block-paragraph\"><\/p>\n","protected":false},"excerpt":{"rendered":"<div class=\"mh-excerpt\">L&#8217;Ajuntament ha sigut informat que el Centre Auxiliar de Salut d&#8217;Alborache estar\u00e0 tancat durant les vacances del facultatiu. L&#8217;Ajuntament d&#8217;Alboraig exigeix a la direcci\u00f3 del Departament de Salut de Manises que el Centre Auxiliar de <a class=\"mh-excerpt-more\" href=\"https:\/\/tucomarca.whitekongsoftware.com\/ca\/lajuntament-dalboraig-exigeix-que-el-centre-de-salut-es-mantinga-obert-aquest-estiu\/\" title=\"L&#8217;Ajuntament d&#8217;Alboraig exigeix que el Centre de Salut es mantinga obert aquest estiu\">[+] <\/a><\/div>\n","protected":false},"author":12,"featured_media":111057,"comment_status":"open","ping_status":"open","sticky":false,"template":"","format":"standard","meta":{"footnotes":""},"categories":[10973,11010,10948,10894,10912,10947,10896],"tags":[11224,15003,12439,10914],"class_list":["post-136700","post","type-post","status-publish","format-standard","has-post-thumbnail","category-alborache-ca","category-canal-salud","category-infraestructuras-ca","category-la-comarca-ca","category-la-hoya-ca","category-politica","category-seccion-ca","tag-alborache-ca","tag-centro-auxiliar-de-salud-ca","tag-centro-de-salud-ca","tag-la-hoya-de-bunol-chiva-ca"],"_links":{"self":[{"href":"https:\/\/tucomarca.whitekongsoftware.com\/ca\/wp-json\/wp\/v2\/posts\/136700","targetHints":{"allow":["GET"]}}],"collection":[{"href":"https:\/\/tucomarca.whitekongsoftware.com\/ca\/wp-json\/wp\/v2\/posts"}],"about":[{"href":"https:\/\/tucomarca.whitekongsoftware.com\/ca\/wp-json\/wp\/v2\/types\/post"}],"author":[{"embeddable":true,"href":"https:\/\/tucomarca.whitekongsoftware.com\/ca\/wp-json\/wp\/v2\/users\/12"}],"replies":[{"embeddable":true,"href":"https:\/\/tucomarca.whitekongsoftware.com\/ca\/wp-json\/wp\/v2\/comments?post=136700"}],"version-history":[{"count":0,"href":"https:\/\/tucomarca.whitekongsoftware.com\/ca\/wp-json\/wp\/v2\/posts\/136700\/revisions"}],"wp:featuredmedia":[{"embeddable":true,"href":"https:\/\/tucomarca.whitekongsoftware.com\/ca\/wp-json\/wp\/v2\/media\/111057"}],"wp:attachment":[{"href":"https:\/\/tucomarca.whitekongsoftware.com\/ca\/wp-json\/wp\/v2\/media?parent=136700"}],"wp:term":[{"taxonomy":"category","embeddable":true,"href":"https:\/\/tucomarca.whitekongsoftware.com\/ca\/wp-json\/wp\/v2\/categories?post=136700"},{"taxonomy":"post_tag","embeddable":true,"href":"https:\/\/tucomarca.whitekongsoftware.com\/ca\/wp-json\/wp\/v2\/tags?post=136700"}],"curies":[{"name":"wp","href":"https:\/\/api.w.org\/{rel}","templated":true}]}}