{"id":136560,"date":"2021-07-01T12:17:00","date_gmt":"2021-07-01T11:17:00","guid":{"rendered":"http:\/\/www.tucomarca.com\/wordpress\/segunda\/?p=136560"},"modified":"2021-07-01T19:58:45","modified_gmt":"2021-07-01T18:58:45","slug":"el-festival-de-cinema-infantil-i-juvenil-pantalla-alborache-convida-a-xiquets-xiquetes-i-joves-a-formar-part-del-jurat-infantil","status":"publish","type":"post","link":"https:\/\/tucomarca.whitekongsoftware.com\/ca\/el-festival-de-cinema-infantil-i-juvenil-pantalla-alborache-convida-a-xiquets-xiquetes-i-joves-a-formar-part-del-jurat-infantil\/","title":{"rendered":"El Festival de Cinema Infantil i Juvenil Pantalla Alborache convida a xiquets, xiquetes i joves a formar part del jurat infantil"},"content":{"rendered":"\n<h4 class=\"wp-block-heading\">Un correu electr\u00f2nic amb nom, cognoms i edat permetr\u00e0 als assistents rebre un kit de regal i formar part del jurat infantil<\/h4>\n\n\n\n<p class=\"wp-block-paragraph\">Alborache, 30 de maig de 2021.- Queden nom\u00e9s 10 dies perqu\u00e8 comence la primera edici\u00f3 del Festival Internacional de Cinema Infantil i Juvenil Pantalla Alborache, que se celebrar\u00e0 del 10 al 17 de juliol de 2021. Aquest festival ser\u00e0 a l&#8217;aire lliure i l&#8217;entrada \u00e9s gratu\u00efta, fins a completar l&#8217;aforament.<br>Els xiquets, xiquetes i joves assistents seran protagonistes per un doble motiu: la programaci\u00f3 est\u00e0 seleccionada pensant en els seus interessos i, a m\u00e9s, podran formar part del jurat infantil. Les seues votacions se sumaran a les del jurat d&#8217;experts internacionals en cinema infantil i juvenil, i tindran un pes important en la decisi\u00f3 final.<br>Per a formar part del jurat infantil s&#8217;ha d&#8217;inscriure als menors de 18 anys, enviant nom, cognoms i edat al correu electr\u00f2nic pantallaalborache@alborache.es. En finalitzar cada projecci\u00f3 valoraran la pel\u00b7l\u00edcula i els resultats s&#8217;afegiran a les votacions del jurat professional. A m\u00e9s, els xiquets, xiquetes i joves que s&#8217;inscriguen rebran un kit de regal amb algunes sorpreses.<br>L&#8217;Ajuntament d&#8217;Alborache planteja una convocat\u00f2ria l\u00fadica i cultural pensant espec\u00edficament en la inf\u00e0ncia i joventut de la comarca. A m\u00e9s de la gran qualitat de les pel\u00b7l\u00edcules programades, abans de les projeccions hi haur\u00e0 animaci\u00f3 musical tamb\u00e9 protagonitzada per xiquets i xiquetes, gr\u00e0cies a la participaci\u00f3 de l&#8217;escola de m\u00fasica Voluta, la Big band de l&#8217;escola Gen\u00e7ana o la banda de la SIM La Primitiva d&#8217;Alborache.<br>En la programaci\u00f3 destaquen algunes de les pel\u00b7l\u00edcules per a tots els p\u00fablics de l&#8217;any passat, com Les Xiquetes, guanyadora de 5 premis Goya, El meu germ\u00e0 persegueix dinoasurios, Binti o Cor de Mezquite. Diversitat, discapacitat, racisme\u2026 Pantalla Alborache t\u00e9 com a objectiu aprofitar l&#8217;art cinematogr\u00e0fic per a educar en valors i crear una consci\u00e8ncia cr\u00edtica que els xicotets espectadors de hui, perqu\u00e8 siguen grans persones dem\u00e0.<br>Programaci\u00f3 detallada i informaci\u00f3 sobre les pel\u00b7l\u00edcules en www.alborache.es.<br>V\u00eddeo de presentaci\u00f3 de Pantalla Alborache en aquest enlla\u00e7.<\/p>\n\n\n\n<p class=\"wp-block-paragraph\"><\/p>\n","protected":false},"excerpt":{"rendered":"<div class=\"mh-excerpt\">Un correu electr\u00f2nic amb nom, cognoms i edat permetr\u00e0 als assistents rebre un kit de regal i formar part del jurat infantil Alborache, 30 de maig de 2021.- Queden nom\u00e9s 10 dies perqu\u00e8 comence la <a class=\"mh-excerpt-more\" href=\"https:\/\/tucomarca.whitekongsoftware.com\/ca\/el-festival-de-cinema-infantil-i-juvenil-pantalla-alborache-convida-a-xiquets-xiquetes-i-joves-a-formar-part-del-jurat-infantil\/\" title=\"El Festival de Cinema Infantil i Juvenil Pantalla Alborache convida a xiquets, xiquetes i joves a formar part del jurat infantil\">[+] <\/a><\/div>\n","protected":false},"author":12,"featured_media":135834,"comment_status":"open","ping_status":"open","sticky":false,"template":"","format":"standard","meta":{"footnotes":""},"categories":[10973,10894,10912,11007,10896],"tags":[11308,14605,14995,10914,14996],"class_list":["post-136560","post","type-post","status-publish","format-standard","has-post-thumbnail","category-alborache-ca","category-la-comarca-ca","category-la-hoya-ca","category-ocio-y-cultura-ca","category-seccion-ca","tag-ayuntamiento-de-alborache-ca","tag-festival-de-cine-infantil-y-juvenil-ca","tag-jurado-infantil-ca","tag-la-hoya-de-bunol-chiva-ca","tag-pantalla-alborache-ca"],"_links":{"self":[{"href":"https:\/\/tucomarca.whitekongsoftware.com\/ca\/wp-json\/wp\/v2\/posts\/136560","targetHints":{"allow":["GET"]}}],"collection":[{"href":"https:\/\/tucomarca.whitekongsoftware.com\/ca\/wp-json\/wp\/v2\/posts"}],"about":[{"href":"https:\/\/tucomarca.whitekongsoftware.com\/ca\/wp-json\/wp\/v2\/types\/post"}],"author":[{"embeddable":true,"href":"https:\/\/tucomarca.whitekongsoftware.com\/ca\/wp-json\/wp\/v2\/users\/12"}],"replies":[{"embeddable":true,"href":"https:\/\/tucomarca.whitekongsoftware.com\/ca\/wp-json\/wp\/v2\/comments?post=136560"}],"version-history":[{"count":0,"href":"https:\/\/tucomarca.whitekongsoftware.com\/ca\/wp-json\/wp\/v2\/posts\/136560\/revisions"}],"wp:featuredmedia":[{"embeddable":true,"href":"https:\/\/tucomarca.whitekongsoftware.com\/ca\/wp-json\/wp\/v2\/media\/135834"}],"wp:attachment":[{"href":"https:\/\/tucomarca.whitekongsoftware.com\/ca\/wp-json\/wp\/v2\/media?parent=136560"}],"wp:term":[{"taxonomy":"category","embeddable":true,"href":"https:\/\/tucomarca.whitekongsoftware.com\/ca\/wp-json\/wp\/v2\/categories?post=136560"},{"taxonomy":"post_tag","embeddable":true,"href":"https:\/\/tucomarca.whitekongsoftware.com\/ca\/wp-json\/wp\/v2\/tags?post=136560"}],"curies":[{"name":"wp","href":"https:\/\/api.w.org\/{rel}","templated":true}]}}