{"id":136516,"date":"2021-06-30T09:03:00","date_gmt":"2021-06-30T08:03:00","guid":{"rendered":"http:\/\/www.tucomarca.com\/wordpress\/segunda\/?p=136516"},"modified":"2021-06-30T15:02:50","modified_gmt":"2021-06-30T14:02:50","slug":"les-regidories-de-parcs-i-jardins-i-medi-ambient-de-xest-fan-una-crida-a-la-poblacio-per-a-respectar-els-espais-verds-municipals","status":"publish","type":"post","link":"https:\/\/tucomarca.whitekongsoftware.com\/ca\/les-regidories-de-parcs-i-jardins-i-medi-ambient-de-xest-fan-una-crida-a-la-poblacio-per-a-respectar-els-espais-verds-municipals\/","title":{"rendered":"Les regidories de Parcs i Jardins i Medi Ambient de Xest fan una crida a la poblaci\u00f3 per a respectar els espais verds municipals"},"content":{"rendered":"\n<p class=\"wp-block-paragraph\">Despr\u00e9s de diverses setmanes en les quals s&#8217;han detectat actes vand\u00e0lics en diferents zones verdes de Cheste, des de les \u00e0rees de Parcs i Jardins i Medi Ambient, a c\u00e0rrec de David Pujals, es fa una crida a la poblaci\u00f3 per a respectar mobiliari, infraestructures, plantes i animals d&#8217;aquests espais.<\/p>\n\n\n\n<p class=\"wp-block-paragraph\">\u201cS&#8217;han produ\u00eft actes inc\u00edvics en l&#8217;estany i la tolla per a amfibis del Parc de la Lomiquia que esperem que no es repetisquen\u201d, ha declarat el regidor. \u201cDemane a la poblaci\u00f3 el comprom\u00eds de respectar els espais verds i col\u00b7laboraci\u00f3 per a denunciar davant les autoritats municipals qualsevol comportament irregular que es produ\u00efsca en les zones verdes del nostre poble\u201d.<\/p>\n\n\n\n<p class=\"wp-block-paragraph\">El regidor ha posat l&#8217;accent que est\u00e0 prohibit el bany al Parc de la Lomiquia i ha recordat als usuaris i usu\u00e0ries la prohibici\u00f3 de creuar els tancats o de modificar qualsevol element de la infraestructura dels estanys. \u201cD&#8217;altra banda, vull recordar que una de les esp\u00e8cies a la qual aquests ecosistemes aqu\u00e0tics d\u00f3na recer \u00e9s la granota comuna, una esp\u00e8cie protegida que est\u00e0 regulada en el Cat\u00e0leg Valenci\u00e0 d&#8217;Esp\u00e8cies de Fauna Amena\u00e7ades; per aix\u00f2, queda prohibit donar mort, danyar, molestar o inquietar intencionadament a aquests animals silvestres, incloent la seua captura i la recol\u00b7lecci\u00f3 dels seus ous o cries\u201d.<\/p>\n","protected":false},"excerpt":{"rendered":"<div class=\"mh-excerpt\">Despr\u00e9s de diverses setmanes en les quals s&#8217;han detectat actes vand\u00e0lics en diferents zones verdes de Cheste, des de les \u00e0rees de Parcs i Jardins i Medi Ambient, a c\u00e0rrec de David Pujals, es fa <a class=\"mh-excerpt-more\" href=\"https:\/\/tucomarca.whitekongsoftware.com\/ca\/les-regidories-de-parcs-i-jardins-i-medi-ambient-de-xest-fan-una-crida-a-la-poblacio-per-a-respectar-els-espais-verds-municipals\/\" title=\"Les regidories de Parcs i Jardins i Medi Ambient de Xest fan una crida a la poblaci\u00f3 per a respectar els espais verds municipals\">[+] <\/a><\/div>\n","protected":false},"author":12,"featured_media":136517,"comment_status":"open","ping_status":"open","sticky":false,"template":"","format":"standard","meta":{"footnotes":""},"categories":[10894,10912,10903,10896,10974],"tags":[11071,10914],"class_list":["post-136516","post","type-post","status-publish","format-standard","has-post-thumbnail","category-la-comarca-ca","category-la-hoya-ca","category-medio-ambiente-la-comarca-ca","category-seccion-ca","category-cheste-ca","tag-cheste","tag-la-hoya-de-bunol-chiva-ca"],"_links":{"self":[{"href":"https:\/\/tucomarca.whitekongsoftware.com\/ca\/wp-json\/wp\/v2\/posts\/136516","targetHints":{"allow":["GET"]}}],"collection":[{"href":"https:\/\/tucomarca.whitekongsoftware.com\/ca\/wp-json\/wp\/v2\/posts"}],"about":[{"href":"https:\/\/tucomarca.whitekongsoftware.com\/ca\/wp-json\/wp\/v2\/types\/post"}],"author":[{"embeddable":true,"href":"https:\/\/tucomarca.whitekongsoftware.com\/ca\/wp-json\/wp\/v2\/users\/12"}],"replies":[{"embeddable":true,"href":"https:\/\/tucomarca.whitekongsoftware.com\/ca\/wp-json\/wp\/v2\/comments?post=136516"}],"version-history":[{"count":0,"href":"https:\/\/tucomarca.whitekongsoftware.com\/ca\/wp-json\/wp\/v2\/posts\/136516\/revisions"}],"wp:featuredmedia":[{"embeddable":true,"href":"https:\/\/tucomarca.whitekongsoftware.com\/ca\/wp-json\/wp\/v2\/media\/136517"}],"wp:attachment":[{"href":"https:\/\/tucomarca.whitekongsoftware.com\/ca\/wp-json\/wp\/v2\/media?parent=136516"}],"wp:term":[{"taxonomy":"category","embeddable":true,"href":"https:\/\/tucomarca.whitekongsoftware.com\/ca\/wp-json\/wp\/v2\/categories?post=136516"},{"taxonomy":"post_tag","embeddable":true,"href":"https:\/\/tucomarca.whitekongsoftware.com\/ca\/wp-json\/wp\/v2\/tags?post=136516"}],"curies":[{"name":"wp","href":"https:\/\/api.w.org\/{rel}","templated":true}]}}