{"id":136496,"date":"2021-06-30T11:07:00","date_gmt":"2021-06-30T10:07:00","guid":{"rendered":"http:\/\/www.tucomarca.com\/wordpress\/segunda\/?p=136496"},"modified":"2021-06-30T15:13:39","modified_gmt":"2021-06-30T14:13:39","slug":"el-prya-sollicita-ladequacio-del-pati-interior-de-ledifici-dacces-a-les-coves-de-la-vila","status":"publish","type":"post","link":"https:\/\/tucomarca.whitekongsoftware.com\/ca\/el-prya-sollicita-ladequacio-del-pati-interior-de-ledifici-dacces-a-les-coves-de-la-vila\/","title":{"rendered":"El PRyA sol\u00b7licita l&#8217;adequaci\u00f3 del pati interior de l&#8217;edifici d&#8217;acc\u00e9s a les coves de la Vila"},"content":{"rendered":"\n<p class=\"wp-block-paragraph\">Des del Partit de Requena i Llogarets manifesten que van tornar a sol\u00b7licitar en el passat ple del consistori requenense &#8220;labors de reparaci\u00f3 i adequaci\u00f3 al pati interior de l&#8217;edifici d&#8217;acc\u00e9s les coves del barri medieval de la Vila&#8221;. &#8220;Aquest edifici i m\u00e9s concretament el seu pati interior, es troba en una situaci\u00f3 lamentable per brut\u00edcia, males herbes, murs caiguts i altres desperfectes que ens fa sentir vergonya nom\u00e9s amb veure-ho&#8221; manifesten representants del PR i A. &#8220;A m\u00e9s de tot aix\u00f2 -afigen- a la terrassa posterior superior de l&#8217;edifici d&#8217;entrada a les Cuevas de la Vila podem observar les finestres en molt mal estat, algunes d&#8217;elles trencades, amb la fusta deteriorada i obertes, amb el que estar\u00e0 entrant des d&#8217;aigua de pluja a animals, contribuint aix\u00ed a la seua deterioraci\u00f3&#8221;. Informa,<strong> Luis Ib\u00e1\u00f1ez.<\/strong><\/p>\n","protected":false},"excerpt":{"rendered":"<div class=\"mh-excerpt\">Des del Partit de Requena i Llogarets manifesten que van tornar a sol\u00b7licitar en el passat ple del consistori requenense &#8220;labors de reparaci\u00f3 i adequaci\u00f3 al pati interior de l&#8217;edifici d&#8217;acc\u00e9s les coves del barri <a class=\"mh-excerpt-more\" href=\"https:\/\/tucomarca.whitekongsoftware.com\/ca\/el-prya-sollicita-ladequacio-del-pati-interior-de-ledifici-dacces-a-les-coves-de-la-vila\/\" title=\"El PRyA sol\u00b7licita l&#8217;adequaci\u00f3 del pati interior de l&#8217;edifici d&#8217;acc\u00e9s a les coves de la Vila\">[+] <\/a><\/div>\n","protected":false},"author":12,"featured_media":136494,"comment_status":"open","ping_status":"open","sticky":false,"template":"","format":"standard","meta":{"footnotes":""},"categories":[10948,10894,10947,10908,10909,10896],"tags":[11099,10910],"class_list":["post-136496","post","type-post","status-publish","format-standard","has-post-thumbnail","category-infraestructuras-ca","category-la-comarca-ca","category-politica","category-requena-ca","category-requena-utiel-ca","category-seccion-ca","tag-requena-ca","tag-requena-utiel-ca"],"_links":{"self":[{"href":"https:\/\/tucomarca.whitekongsoftware.com\/ca\/wp-json\/wp\/v2\/posts\/136496","targetHints":{"allow":["GET"]}}],"collection":[{"href":"https:\/\/tucomarca.whitekongsoftware.com\/ca\/wp-json\/wp\/v2\/posts"}],"about":[{"href":"https:\/\/tucomarca.whitekongsoftware.com\/ca\/wp-json\/wp\/v2\/types\/post"}],"author":[{"embeddable":true,"href":"https:\/\/tucomarca.whitekongsoftware.com\/ca\/wp-json\/wp\/v2\/users\/12"}],"replies":[{"embeddable":true,"href":"https:\/\/tucomarca.whitekongsoftware.com\/ca\/wp-json\/wp\/v2\/comments?post=136496"}],"version-history":[{"count":0,"href":"https:\/\/tucomarca.whitekongsoftware.com\/ca\/wp-json\/wp\/v2\/posts\/136496\/revisions"}],"wp:featuredmedia":[{"embeddable":true,"href":"https:\/\/tucomarca.whitekongsoftware.com\/ca\/wp-json\/wp\/v2\/media\/136494"}],"wp:attachment":[{"href":"https:\/\/tucomarca.whitekongsoftware.com\/ca\/wp-json\/wp\/v2\/media?parent=136496"}],"wp:term":[{"taxonomy":"category","embeddable":true,"href":"https:\/\/tucomarca.whitekongsoftware.com\/ca\/wp-json\/wp\/v2\/categories?post=136496"},{"taxonomy":"post_tag","embeddable":true,"href":"https:\/\/tucomarca.whitekongsoftware.com\/ca\/wp-json\/wp\/v2\/tags?post=136496"}],"curies":[{"name":"wp","href":"https:\/\/api.w.org\/{rel}","templated":true}]}}