{"id":136239,"date":"2021-06-25T07:58:00","date_gmt":"2021-06-25T06:58:00","guid":{"rendered":"http:\/\/www.tucomarca.com\/wordpress\/segunda\/?p=136239"},"modified":"2021-06-25T09:10:55","modified_gmt":"2021-06-25T08:10:55","slug":"la-pobla-de-vallbona-convoca-els-premis-de-composicio-musical-per-a-banda-i-de-lletra-i-musica-per-a-grups-o-solistes","status":"publish","type":"post","link":"https:\/\/tucomarca.whitekongsoftware.com\/ca\/la-pobla-de-vallbona-convoca-els-premis-de-composicio-musical-per-a-banda-i-de-lletra-i-musica-per-a-grups-o-solistes\/","title":{"rendered":"La Pobla de Vallbona convoca els premis de composici\u00f3 musical per a banda i de lletra i m\u00fasica per a grups o solistes"},"content":{"rendered":"\n<h4 class=\"wp-block-heading\">El premi \u201cSons\u201d \u00e9s el primer concurs de lletres i can\u00e7ons en valenci\u00e0 per a solistes o grups de totes les edats i estils, t\u00e9 una dotaci\u00f3 de 1.000 \u20ac, a m\u00e9s de la gravaci\u00f3 en un estudi professional.<\/h4>\n\n\n\n<h4 class=\"wp-block-heading\">En la primera edici\u00f3 del Concurs de Composici\u00f3 per a Banda Simf\u00f2nica ARTURO BALAGUER \u00abel de canya\u00bb, poden participar m\u00fasics i compositors majors d&#8217;edat. El premi \u00e9s \u00fanic i indivisible amb una dotaci\u00f3 econ\u00f2mica de 5.000 \u20ac bruts i, a m\u00e9s, l\u2019autor o autors de les tres obres finalistes seran guardonats amb un trofeu esculpit per un prestigi\u00f3s artista local.<\/h4>\n\n\n\n<p class=\"wp-block-paragraph\">L\u2019Ajuntament de la Pobla de Vallbona ha convocat dos concursos musicals, el primer concurs de lletres i can\u00e7ons en valenci\u00e0 \u2018Sons\u2019 i la primera edici\u00f3 del Concurs de Composici\u00f3 per a Banda Simf\u00f2nica Arturo Balaguer \u201cel de canya\u201d.<\/p>\n\n\n\n<p class=\"wp-block-paragraph\">El Premi \u201cSons\u201d premiar\u00e0 la millor creaci\u00f3 de lletres de can\u00e7ons escrites en valenci\u00e0 i l\u2019adaptaci\u00f3 a una m\u00fasica original creada espec\u00edficament per a la lletra. Poden participar en el concurs totes aquelles persones o grups de m\u00fasica de totes les edats, amb lletres de can\u00e7ons de qualsevol g\u00e8nere i de qualsevol tem\u00e0tica.&nbsp;<\/p>\n\n\n\n<p class=\"wp-block-paragraph\">El termini de recepci\u00f3 de les obres est\u00e0 obert fins al 30 de setembre de 2021. El premi ser\u00e0 \u00fanic, amb una dotaci\u00f3 econ\u00f2mica de 1.000 \u20ac a la millor lletra i melodia en valenci\u00e0, a m\u00e9s de la gravaci\u00f3 en un estudi professional de la can\u00e7\u00f3 guanyadora que ser\u00e0 triada segons els criteris establerts en les bases com ara la originalitat del t\u00edtol, l\u2019inter\u00e9s de la tem\u00e0tica i la creativitat de la lletra que ha de quadrar sincronitzadament amb la melodia. Tamb\u00e9 es valorar\u00e0 la partitura b\u00e0sica amb l\u2019estructura d\u2019acords, la presentaci\u00f3 i cal\u00b7ligrafia en la lletra i la correcci\u00f3 ling\u00fc\u00edstica.<\/p>\n\n\n\n<p class=\"wp-block-paragraph\">El concurs de composici\u00f3 per a banda simf\u00f2nica Arturo Balaguer \u00abel de canya\u00bb pret\u00e9n fomentar i difondre la cultura musical i promocionar la m\u00fasica de banda. Poden participar totes les persones que siguen m\u00fasics o compositors. Les composicions, del g\u00e8nere simf\u00f2nic i sense text literari, han de ser originals i in\u00e8dites i no s&#8217;han d&#8217;haver presentat en altres concursos.&nbsp;<\/p>\n\n\n\n<p class=\"wp-block-paragraph\">El termini de presentaci\u00f3 de les obres est\u00e0 obert fins el 31 d\u2019agost de 2021. El premi \u00e9s \u00fanic i indivisible amb una dotaci\u00f3 econ\u00f2mica de 5.000 \u20ac bruts i, a m\u00e9s, l\u2019autor o autors de les tres obres finalistes seran guardonades amb un trofeu esculpit per un prestigi\u00f3s artista local.<\/p>\n\n\n\n<p class=\"wp-block-paragraph\">Per a seleccionar l\u2019obra guanyadora es tindran en compte la originalitat del t\u00edtol, l\u2019inter\u00e9s de la tem\u00e0tica i la creativitat del contingut de l\u2019obra musical. El grau d\u2019elaboraci\u00f3 est\u00e8tica, els recursos musicals, la qualitat compositiva dels arranjaments, les din\u00e0miques i t\u00e8cniques de composici\u00f3 espec\u00edfiques, aix\u00ed com la qualitat d\u2019edici\u00f3 de la partitura del director i de les particel\u00b7les tamb\u00e9 seran tingudes en compte.<\/p>\n\n\n\n<p class=\"wp-block-paragraph\"><\/p>\n","protected":false},"excerpt":{"rendered":"<div class=\"mh-excerpt\">El premi \u201cSons\u201d \u00e9s el primer concurs de lletres i can\u00e7ons en valenci\u00e0 per a solistes o grups de totes les edats i estils, t\u00e9 una dotaci\u00f3 de 1.000 \u20ac, a m\u00e9s de la gravaci\u00f3 <a class=\"mh-excerpt-more\" href=\"https:\/\/tucomarca.whitekongsoftware.com\/ca\/la-pobla-de-vallbona-convoca-els-premis-de-composicio-musical-per-a-banda-i-de-lletra-i-musica-per-a-grups-o-solistes\/\" title=\"La Pobla de Vallbona convoca els premis de composici\u00f3 musical per a banda i de lletra i m\u00fasica per a grups o solistes\">[+] <\/a><\/div>\n","protected":false},"author":12,"featured_media":136238,"comment_status":"open","ping_status":"open","sticky":false,"template":"","format":"standard","meta":{"footnotes":""},"categories":[10892,11005,10894,10915,11007,10896],"tags":[10899,14961,10916,14962],"class_list":["post-136239","post","type-post","status-publish","format-standard","has-post-thumbnail","category-camp-de-turia-ca","category-canal-musica","category-la-comarca-ca","category-la-pobla-ca","category-ocio-y-cultura-ca","category-seccion-ca","tag-camp-de-turia-ca","tag-concurso-de-composicion-para-banda-sinfonica-arturo-balaguer-ca","tag-la-pobla-de-vallbona-ca","tag-sons-ca"],"_links":{"self":[{"href":"https:\/\/tucomarca.whitekongsoftware.com\/ca\/wp-json\/wp\/v2\/posts\/136239","targetHints":{"allow":["GET"]}}],"collection":[{"href":"https:\/\/tucomarca.whitekongsoftware.com\/ca\/wp-json\/wp\/v2\/posts"}],"about":[{"href":"https:\/\/tucomarca.whitekongsoftware.com\/ca\/wp-json\/wp\/v2\/types\/post"}],"author":[{"embeddable":true,"href":"https:\/\/tucomarca.whitekongsoftware.com\/ca\/wp-json\/wp\/v2\/users\/12"}],"replies":[{"embeddable":true,"href":"https:\/\/tucomarca.whitekongsoftware.com\/ca\/wp-json\/wp\/v2\/comments?post=136239"}],"version-history":[{"count":0,"href":"https:\/\/tucomarca.whitekongsoftware.com\/ca\/wp-json\/wp\/v2\/posts\/136239\/revisions"}],"wp:featuredmedia":[{"embeddable":true,"href":"https:\/\/tucomarca.whitekongsoftware.com\/ca\/wp-json\/wp\/v2\/media\/136238"}],"wp:attachment":[{"href":"https:\/\/tucomarca.whitekongsoftware.com\/ca\/wp-json\/wp\/v2\/media?parent=136239"}],"wp:term":[{"taxonomy":"category","embeddable":true,"href":"https:\/\/tucomarca.whitekongsoftware.com\/ca\/wp-json\/wp\/v2\/categories?post=136239"},{"taxonomy":"post_tag","embeddable":true,"href":"https:\/\/tucomarca.whitekongsoftware.com\/ca\/wp-json\/wp\/v2\/tags?post=136239"}],"curies":[{"name":"wp","href":"https:\/\/api.w.org\/{rel}","templated":true}]}}