{"id":136104,"date":"2021-06-23T08:01:00","date_gmt":"2021-06-23T07:01:00","guid":{"rendered":"http:\/\/www.tucomarca.com\/wordpress\/segunda\/?p=136104"},"modified":"2021-06-24T00:02:19","modified_gmt":"2021-06-23T23:02:19","slug":"els-alumnes-de-teatre-dels-collegis-publics-de-bunyol-celebren-els-seus-finals-de-curs-a-lauditori-de-sant-lluis","status":"publish","type":"post","link":"https:\/\/tucomarca.whitekongsoftware.com\/ca\/els-alumnes-de-teatre-dels-collegis-publics-de-bunyol-celebren-els-seus-finals-de-curs-a-lauditori-de-sant-lluis\/","title":{"rendered":"Els alumnes de teatre dels col\u00b7legis p\u00fablics de Bunyol celebren els seus finals de curs a l&#8217;auditori de Sant Llu\u00eds"},"content":{"rendered":"\n<p class=\"wp-block-paragraph\">Els alumnes de l&#8217;Escola Municipal de Teatre, que han impartit classes en horari extraescolar aquest curs 2020-2021 en els dos col\u00b7legis p\u00fablics de Bunyol, celebren els seus fins de curs aquesta vesprada a l&#8217;Auditori Municipal de Sant Llu\u00eds.<\/p>\n\n\n\n<p class=\"wp-block-paragraph\">Els alumnes de teatre dels col\u00b7legis Sant Llu\u00eds i Cervantes celebren hui dimecres 23 de juny a l&#8217;Auditori Municipal de Sant Llu\u00eds una especial fi de curs. A les 19h els alumnes del Col\u00b7legi P\u00fablic Sant Llu\u00eds actuaran amb la seua obra \u201cAd\u00e9u Peter Pan\u201d i els del Cervantes a les 20.30h amb \u201cCastigats\u201d. L&#8217;entrada ser\u00e0 gratu\u00efta. Aquest acte est\u00e0 organitzat per la Regidoria de Cultura de l&#8217;Ajuntament de Bu\u00f1ol i l&#8217;Escola Municipal de Teatre. En cas que hi haja risc de pluja aquest acte es realitzar\u00e0 a la Sala El Mercat de la localitat. En aqueix cas ser\u00e0 comunicat amb antelaci\u00f3.&nbsp;<\/p>\n\n\n\n<p class=\"wp-block-paragraph\">Juan Luis Pall\u00e1s, regidor de Cultura i Joventut de l&#8217;Ajuntament de Bunyol, ha recordat que aquesta setmana pr\u00f2xima continua el cicle de creativitat per a joves Crear-T&#8217;amb el taller d&#8217;iniciaci\u00f3 a la m\u00fasica rock. Tindr\u00e0 lloc el dilluns 28 de juny a les 16h en les instal\u00b7lacions de l&#8217;Escola de M\u00fasica del CIM L&#8217;Harm\u00f2nica de Bunyol i el dimecres 30 de juny a les 20.30h en la Pla\u00e7a Layana ser\u00e0 una audici\u00f3 final amb tots els que han participat en aquest taller. Est\u00e0 destinat per a joves entre 12 i 30 anys. Les places estan pr\u00e0cticament esgotades. Encara poden inscriure&#8217;s els interessats enviant un mail a juventudbunyol@gmail.com o telefonant al 680 566 394.&nbsp;<\/p>\n\n\n\n<p class=\"wp-block-paragraph\">Aquest cicle est\u00e0 organitzat per la Regidoria de Joventut de l&#8217;Ajuntament de Bunyol, la Diputaci\u00f3 de Val\u00e8ncia i l&#8217;IVAJ de la Generalitat Valenciana.<\/p>\n\n\n\n<p class=\"wp-block-paragraph\"><\/p>\n","protected":false},"excerpt":{"rendered":"<div class=\"mh-excerpt\">Els alumnes de l&#8217;Escola Municipal de Teatre, que han impartit classes en horari extraescolar aquest curs 2020-2021 en els dos col\u00b7legis p\u00fablics de Bunyol, celebren els seus fins de curs aquesta vesprada a l&#8217;Auditori Municipal <a class=\"mh-excerpt-more\" href=\"https:\/\/tucomarca.whitekongsoftware.com\/ca\/els-alumnes-de-teatre-dels-collegis-publics-de-bunyol-celebren-els-seus-finals-de-curs-a-lauditori-de-sant-lluis\/\" title=\"Els alumnes de teatre dels col\u00b7legis p\u00fablics de Bunyol celebren els seus finals de curs a l&#8217;auditori de Sant Llu\u00eds\">[+] <\/a><\/div>\n","protected":false},"author":12,"featured_media":136103,"comment_status":"open","ping_status":"open","sticky":false,"template":"","format":"standard","meta":{"footnotes":""},"categories":[11019,10911,10948,10894,10912,11007,10896],"tags":[14564,11158,10913,11975,11520,14656,11726,10914,14948],"class_list":["post-136104","post","type-post","status-publish","format-standard","has-post-thumbnail","category-agenda-ca","category-bunol-ca","category-infraestructuras-ca","category-la-comarca-ca","category-la-hoya-ca","category-ocio-y-cultura-ca","category-seccion-ca","tag-auditorio-municipal-ca","tag-ayuntamiento-de-bunol-ca","tag-bunol-ca","tag-ceip-cervantes-ca","tag-ceip-san-luis-de-bunol-ca","tag-crear-te-ca","tag-ivaj-ca","tag-la-hoya-de-bunol-chiva-ca","tag-taller-de-iniciacion-a-la-musica-rock-ca"],"_links":{"self":[{"href":"https:\/\/tucomarca.whitekongsoftware.com\/ca\/wp-json\/wp\/v2\/posts\/136104","targetHints":{"allow":["GET"]}}],"collection":[{"href":"https:\/\/tucomarca.whitekongsoftware.com\/ca\/wp-json\/wp\/v2\/posts"}],"about":[{"href":"https:\/\/tucomarca.whitekongsoftware.com\/ca\/wp-json\/wp\/v2\/types\/post"}],"author":[{"embeddable":true,"href":"https:\/\/tucomarca.whitekongsoftware.com\/ca\/wp-json\/wp\/v2\/users\/12"}],"replies":[{"embeddable":true,"href":"https:\/\/tucomarca.whitekongsoftware.com\/ca\/wp-json\/wp\/v2\/comments?post=136104"}],"version-history":[{"count":0,"href":"https:\/\/tucomarca.whitekongsoftware.com\/ca\/wp-json\/wp\/v2\/posts\/136104\/revisions"}],"wp:featuredmedia":[{"embeddable":true,"href":"https:\/\/tucomarca.whitekongsoftware.com\/ca\/wp-json\/wp\/v2\/media\/136103"}],"wp:attachment":[{"href":"https:\/\/tucomarca.whitekongsoftware.com\/ca\/wp-json\/wp\/v2\/media?parent=136104"}],"wp:term":[{"taxonomy":"category","embeddable":true,"href":"https:\/\/tucomarca.whitekongsoftware.com\/ca\/wp-json\/wp\/v2\/categories?post=136104"},{"taxonomy":"post_tag","embeddable":true,"href":"https:\/\/tucomarca.whitekongsoftware.com\/ca\/wp-json\/wp\/v2\/tags?post=136104"}],"curies":[{"name":"wp","href":"https:\/\/api.w.org\/{rel}","templated":true}]}}