{"id":136084,"date":"2021-06-23T08:00:00","date_gmt":"2021-06-23T07:00:00","guid":{"rendered":"http:\/\/www.tucomarca.com\/wordpress\/segunda\/?p=136084"},"modified":"2021-06-23T23:57:41","modified_gmt":"2021-06-23T22:57:41","slug":"sanitat-registra-332-nous-casos-de-coronavirus-i-181-altes-en-la-comunitat-valenciana","status":"publish","type":"post","link":"https:\/\/tucomarca.whitekongsoftware.com\/ca\/sanitat-registra-332-nous-casos-de-coronavirus-i-181-altes-en-la-comunitat-valenciana\/","title":{"rendered":"Sanitat registra 332 nous casos de coronavirus i 181 altes en la Comunitat Valenciana"},"content":{"rendered":"\n<h4 class=\"wp-block-heading\">Un brot afecta a 32 alumnes en un viatge de fi de curs de Batxillerat<\/h4>\n\n\n\n<h4 class=\"wp-block-heading\">Per prov\u00edncies: 21 a Castell\u00f3, 108 a Alacant i 203 a Val\u00e8ncia<\/h4>\n\n\n\n<p class=\"wp-block-paragraph\">Un total de 2.390.652 persones compten ja amb una dosi de la vacuna contra el coronavirus en la Comunitat Valenciana. Amb la pauta completa d&#8217;immunitzaci\u00f3 (dues dosis per a *Pfizer, Moderna i *AstraZeneca; i la monodosis de Janssen) hi ha 1.469.728 persones. Per prov\u00edncies: 178.282 a Castell\u00f3, 547.471 a Alacant i 743.975 a Val\u00e8ncia.<\/p>\n\n\n\n<p class=\"wp-block-paragraph\">A m\u00e9s, s&#8217;han notificat 332 casos nous de coronavirus confirmats per prova PCR o a trav\u00e9s de test d&#8217;ant\u00edgens des de l&#8217;\u00faltima actualitzaci\u00f3, que situen la xifra total de positius en 398.524 persones. Per prov\u00edncies, 21 a Castell\u00f3 (41.334 en total); 108 a Alacant (149.071 en total); i 203 a Val\u00e8ncia, (208.118 en total); el total de casos no assignats es mant\u00e9 en 1.<\/p>\n\n\n\n<p class=\"wp-block-paragraph\">La consellera de Sanitat Universal i Salut P\u00fablica, Ana Barcel\u00f3, ha fet una crida de &#8220;prud\u00e8ncia i responsabilitat&#8221; davant el repunt de casos registrat, encara que &#8220;332 contagis en un sol dia no s\u00f3n gens comparat amb els quasi set mil del mes de gener&#8221;.<\/p>\n\n\n\n<p class=\"wp-block-paragraph\">Els hospitals valencians tenen, actualment, 105 persones ingressades: 14 a la prov\u00edncia de Castell\u00f3, 2 pacients en UCI; 14 a la prov\u00edncia d&#8217;Alacant, 3 d&#8217;ells en l&#8217;UCI; i 77 a la prov\u00edncia de Val\u00e8ncia, 11 d&#8217;ells en UCI.<\/p>\n\n\n\n<p class=\"wp-block-paragraph\">Des de l&#8217;\u00faltima actualitzaci\u00f3 s&#8217;han registrat 181 altes a pacients amb coronavirus. D&#8217;aquesta manera, ja s\u00f3n 400.320 persones en la Comunitat Valenciana les que han superat la malaltia des que va comen\u00e7ar la pand\u00e8mia. Per prov\u00edncies, les altes es distribueixen de la seg\u00fcent manera: 41.949 a Castell\u00f3, 149.354 a Alacant i 208.960 a Val\u00e8ncia. El total d&#8217;altes no assignades es mant\u00e9 en 57.<\/p>\n\n\n\n<p class=\"wp-block-paragraph\">Des de l&#8217;\u00faltima actualitzaci\u00f3, s&#8217;ha registrat 1 defunci\u00f3 per coronavirus, per la qual cosa el total de defuncions des de l&#8217;inici de la pand\u00e8mia ascendeix a 7.449: 807 a la prov\u00edncia de Castell\u00f3, 2.843 en la d&#8217;Alacant i 3.799 en la de Val\u00e8ncia.<\/p>\n\n\n\n<p class=\"wp-block-paragraph\">Febrer 2021: 1<\/p>\n\n\n\n<p class=\"wp-block-paragraph\">D&#8217;acord amb les dades registrades, en aquests moments hi ha 2.222 casos actius, la qual cosa suposa un 0,54% del total de positius.<\/p>\n\n\n\n<p class=\"wp-block-paragraph\"><strong>Brot que afecta 32 alumnes en un viatge de fi de curs<\/strong><\/p>\n\n\n\n<p class=\"wp-block-paragraph\">La Conselleria de Sanitat Universal i Salut P\u00fablica ha notificat un brot de coronavirus en un viatge de fi de curs de Batxillerat que afecta, de moment, a 32 estudiants de diferents instituts.<\/p>\n\n\n\n<p class=\"wp-block-paragraph\">Els estudiants van viatjar en ferri el passat 12 de juny fins a Mallorca, on van estar fins al dia 18 de juny. Durant el viatge van conviure amb estudiants d&#8217;altres comunitats aut\u00f2nomes, que tamb\u00e9 han notificat els seus respectius brots al Ministeri de Sanitat, i van dur a terme diferents festes i activitats l\u00fadiques.<\/p>\n\n\n\n<p class=\"wp-block-paragraph\">Una vegada de tornada, alguns estudiants van mostrar s\u00edmptomes compatibles amb la COVID-19 i se&#8217;ls va realitzar la prova PCR. Salut P\u00fablica continua en aquests moments amb la investigaci\u00f3 del brot i el seguiment de contactes.<\/p>\n\n\n\n<p class=\"wp-block-paragraph\"><\/p>\n","protected":false},"excerpt":{"rendered":"<div class=\"mh-excerpt\">Un brot afecta a 32 alumnes en un viatge de fi de curs de Batxillerat Per prov\u00edncies: 21 a Castell\u00f3, 108 a Alacant i 203 a Val\u00e8ncia Un total de 2.390.652 persones compten ja amb <a class=\"mh-excerpt-more\" href=\"https:\/\/tucomarca.whitekongsoftware.com\/ca\/sanitat-registra-332-nous-casos-de-coronavirus-i-181-altes-en-la-comunitat-valenciana\/\" title=\"Sanitat registra 332 nous casos de coronavirus i 181 altes en la Comunitat Valenciana\">[+] <\/a><\/div>\n","protected":false},"author":12,"featured_media":136083,"comment_status":"open","ping_status":"open","sticky":false,"template":"","format":"standard","meta":{"footnotes":""},"categories":[11010,12202,10898,10948,10894,10904,10903,10947,10896,10897],"tags":[13529,12165,11939,11940,13499,13963],"class_list":["post-136084","post","type-post","status-publish","format-standard","has-post-thumbnail","category-canal-salud","category-covid-19-ca","category-ventana-ca","category-infraestructuras-ca","category-la-comarca-ca","category-sin-categorizar-ca","category-medio-ambiente-la-comarca-ca","category-politica","category-seccion-ca","category-sucesos-la-comarca-ca","tag-brotes-ca","tag-conselleria-de-sanitat-ca","tag-coronavirus-ca","tag-covid-19-ca","tag-vacuna-covid-ca","tag-vacunacion-ca"],"_links":{"self":[{"href":"https:\/\/tucomarca.whitekongsoftware.com\/ca\/wp-json\/wp\/v2\/posts\/136084","targetHints":{"allow":["GET"]}}],"collection":[{"href":"https:\/\/tucomarca.whitekongsoftware.com\/ca\/wp-json\/wp\/v2\/posts"}],"about":[{"href":"https:\/\/tucomarca.whitekongsoftware.com\/ca\/wp-json\/wp\/v2\/types\/post"}],"author":[{"embeddable":true,"href":"https:\/\/tucomarca.whitekongsoftware.com\/ca\/wp-json\/wp\/v2\/users\/12"}],"replies":[{"embeddable":true,"href":"https:\/\/tucomarca.whitekongsoftware.com\/ca\/wp-json\/wp\/v2\/comments?post=136084"}],"version-history":[{"count":0,"href":"https:\/\/tucomarca.whitekongsoftware.com\/ca\/wp-json\/wp\/v2\/posts\/136084\/revisions"}],"wp:featuredmedia":[{"embeddable":true,"href":"https:\/\/tucomarca.whitekongsoftware.com\/ca\/wp-json\/wp\/v2\/media\/136083"}],"wp:attachment":[{"href":"https:\/\/tucomarca.whitekongsoftware.com\/ca\/wp-json\/wp\/v2\/media?parent=136084"}],"wp:term":[{"taxonomy":"category","embeddable":true,"href":"https:\/\/tucomarca.whitekongsoftware.com\/ca\/wp-json\/wp\/v2\/categories?post=136084"},{"taxonomy":"post_tag","embeddable":true,"href":"https:\/\/tucomarca.whitekongsoftware.com\/ca\/wp-json\/wp\/v2\/tags?post=136084"}],"curies":[{"name":"wp","href":"https:\/\/api.w.org\/{rel}","templated":true}]}}