{"id":135802,"date":"2021-06-20T10:00:00","date_gmt":"2021-06-20T09:00:00","guid":{"rendered":"http:\/\/www.tucomarca.com\/wordpress\/segunda\/?p=135802"},"modified":"2021-06-21T00:10:24","modified_gmt":"2021-06-20T23:10:24","slug":"la-pobla-de-vallbona-entrega-les-claus-dels-primers-pisos-demergencia-social","status":"publish","type":"post","link":"https:\/\/tucomarca.whitekongsoftware.com\/ca\/la-pobla-de-vallbona-entrega-les-claus-dels-primers-pisos-demergencia-social\/","title":{"rendered":"La Pobla de Vallbona entrega les claus dels primers pisos d\u2019emerg\u00e8ncia social"},"content":{"rendered":"\n<p class=\"wp-block-paragraph\">L\u2019Ajuntament de la Pobla de Vallbona ha signat la concessi\u00f3&nbsp; de la primera vivenda d\u2019emerg\u00e8ncia social a una fam\u00edlia per necessitat conjuntural de vulnerabilitat. El pis s\u2019adjudica per una duraci\u00f3 m\u00e0xima d\u2019un any amb possibilitat d\u2019ampliar-se mig any m\u00e9s.<\/p>\n\n\n\n<p class=\"wp-block-paragraph\">A este habitatge se sumen uns altres dos que la Pobla de Vallbona ha concedit a fam\u00edlies de l\u2019edifici de l\u2019Argila que van estar a punt de ser desnonades el passat m\u00e9s de desembre.<\/p>\n\n\n\n<p class=\"wp-block-paragraph\">Per fer front a estes situacions, l\u2019ajuntament va aprovar el passat mes de gener un reglament d\u2019\u00fas i unes subvencions a l\u2019habitatge d\u2019emerg\u00e8ncia social. L\u2019objectiu de les ajudes \u00e9s donar suport a&nbsp; aquelles fam\u00edlies que de manera temporal queden sense sostre i evitar aix\u00ed que es convertisca en una situaci\u00f3 d\u2019exclusi\u00f3 social.<\/p>\n\n\n\n<p class=\"wp-block-paragraph\">Amb estes ajudes es pret\u00e9n donar una resposta a la necessitat d\u2019un habitatge digne i adequat i contribuir a l\u2019estabilitat de les unitats familiars, especialment les m\u00e9s vulnerables. La mesura complix amb el comprom\u00eds&nbsp; del govern local de fer front a la situaci\u00f3 de dificultat que estan vivint les fam\u00edlies amb problem\u00e0tiques greus d\u2019habitatge.<\/p>\n\n\n\n<p class=\"wp-block-paragraph\"><\/p>\n","protected":false},"excerpt":{"rendered":"<div class=\"mh-excerpt\">L\u2019Ajuntament de la Pobla de Vallbona ha signat la concessi\u00f3&nbsp; de la primera vivenda d\u2019emerg\u00e8ncia social a una fam\u00edlia per necessitat conjuntural de vulnerabilitat. El pis s\u2019adjudica per una duraci\u00f3 m\u00e0xima d\u2019un any amb possibilitat <a class=\"mh-excerpt-more\" href=\"https:\/\/tucomarca.whitekongsoftware.com\/ca\/la-pobla-de-vallbona-entrega-les-claus-dels-primers-pisos-demergencia-social\/\" title=\"La Pobla de Vallbona entrega les claus dels primers pisos d\u2019emerg\u00e8ncia social\">[+] <\/a><\/div>\n","protected":false},"author":12,"featured_media":135801,"comment_status":"open","ping_status":"open","sticky":false,"template":"","format":"standard","meta":{"footnotes":""},"categories":[10892,10948,10894,10915,10947,10896],"tags":[10899,10916,14922],"class_list":["post-135802","post","type-post","status-publish","format-standard","has-post-thumbnail","category-camp-de-turia-ca","category-infraestructuras-ca","category-la-comarca-ca","category-la-pobla-ca","category-politica","category-seccion-ca","tag-camp-de-turia-ca","tag-la-pobla-de-vallbona-ca","tag-pisos-de-emergencia-social-ca"],"_links":{"self":[{"href":"https:\/\/tucomarca.whitekongsoftware.com\/ca\/wp-json\/wp\/v2\/posts\/135802","targetHints":{"allow":["GET"]}}],"collection":[{"href":"https:\/\/tucomarca.whitekongsoftware.com\/ca\/wp-json\/wp\/v2\/posts"}],"about":[{"href":"https:\/\/tucomarca.whitekongsoftware.com\/ca\/wp-json\/wp\/v2\/types\/post"}],"author":[{"embeddable":true,"href":"https:\/\/tucomarca.whitekongsoftware.com\/ca\/wp-json\/wp\/v2\/users\/12"}],"replies":[{"embeddable":true,"href":"https:\/\/tucomarca.whitekongsoftware.com\/ca\/wp-json\/wp\/v2\/comments?post=135802"}],"version-history":[{"count":0,"href":"https:\/\/tucomarca.whitekongsoftware.com\/ca\/wp-json\/wp\/v2\/posts\/135802\/revisions"}],"wp:featuredmedia":[{"embeddable":true,"href":"https:\/\/tucomarca.whitekongsoftware.com\/ca\/wp-json\/wp\/v2\/media\/135801"}],"wp:attachment":[{"href":"https:\/\/tucomarca.whitekongsoftware.com\/ca\/wp-json\/wp\/v2\/media?parent=135802"}],"wp:term":[{"taxonomy":"category","embeddable":true,"href":"https:\/\/tucomarca.whitekongsoftware.com\/ca\/wp-json\/wp\/v2\/categories?post=135802"},{"taxonomy":"post_tag","embeddable":true,"href":"https:\/\/tucomarca.whitekongsoftware.com\/ca\/wp-json\/wp\/v2\/tags?post=135802"}],"curies":[{"name":"wp","href":"https:\/\/api.w.org\/{rel}","templated":true}]}}