{"id":135788,"date":"2021-06-19T19:00:00","date_gmt":"2021-06-19T18:00:00","guid":{"rendered":"http:\/\/www.tucomarca.com\/wordpress\/segunda\/?p=135788"},"modified":"2021-06-19T19:42:41","modified_gmt":"2021-06-19T18:42:41","slug":"video-el-cd-bunyol-pensa-ja-en-el-seu-partit-contra-la-ud-la-vall-duixo-tel-perdras","status":"publish","type":"post","link":"https:\/\/tucomarca.whitekongsoftware.com\/ca\/video-el-cd-bunyol-pensa-ja-en-el-seu-partit-contra-la-ud-la-vall-duixo-tel-perdras\/","title":{"rendered":"V\u00eddeo: El CD Bunyol pensa ja en el seu partit contra la UD la Vall d&#8217;Uix\u00f3 \u00bfTe&#8217;l perdr\u00e0s?"},"content":{"rendered":"\n<figure class=\"wp-block-embed is-type-video is-provider-youtube wp-block-embed-youtube wp-embed-aspect-16-9 wp-has-aspect-ratio\"><div class=\"wp-block-embed__wrapper\">\n<iframe loading=\"lazy\" title=\"CD Bu\u00f1ol - UD Vall d&#039;Ux\u00f3: \u00bfTe lo vas a perder?\" width=\"500\" height=\"281\" src=\"https:\/\/www.youtube.com\/embed\/SRd_wXU7310?feature=oembed\" frameborder=\"0\" allow=\"accelerometer; autoplay; clipboard-write; encrypted-media; gyroscope; picture-in-picture; web-share\" referrerpolicy=\"strict-origin-when-cross-origin\" allowfullscreen><\/iframe>\n<\/div><\/figure>\n\n\n\n<p class=\"wp-block-paragraph\">Promocional elaborador per <strong>tucomarca televisi\u00f3<\/strong> del pr\u00f2xim partit que enfrontar\u00e0 aquest dimarts a les 20,00 hores en el vell Beltr\u00e1n B\u00e1guena al Club Esportiu Bu\u00f1ol i a la UD la Vall d&#8217;Uix\u00f3 per un lloc en la final del pr\u00f2xim dissabte a X\u00e0tiva que decidir\u00e0 qui dels millors equips de la Regional Preferent d&#8217;enguany ascendeixen a Tercera Divisi\u00f3.<\/p>\n","protected":false},"excerpt":{"rendered":"<div class=\"mh-excerpt\">Promocional elaborador per tucomarca televisi\u00f3 del pr\u00f2xim partit que enfrontar\u00e0 aquest dimarts a les 20,00 hores en el vell Beltr\u00e1n B\u00e1guena al Club Esportiu Bu\u00f1ol i a la UD la Vall d&#8217;Uix\u00f3 per un lloc <a class=\"mh-excerpt-more\" href=\"https:\/\/tucomarca.whitekongsoftware.com\/ca\/video-el-cd-bunyol-pensa-ja-en-el-seu-partit-contra-la-ud-la-vall-duixo-tel-perdras\/\" title=\"V\u00eddeo: El CD Bunyol pensa ja en el seu partit contra la UD la Vall d&#8217;Uix\u00f3 \u00bfTe&#8217;l perdr\u00e0s?\">[+] <\/a><\/div>\n","protected":false},"author":1,"featured_media":135785,"comment_status":"open","ping_status":"open","sticky":false,"template":"","format":"video","meta":{"footnotes":""},"categories":[10911,11015,11003,10898,10904,10912,10896,11062],"tags":[11126,11074,11075,10914,12802,14916],"class_list":["post-135788","post","type-post","status-publish","format-video","has-post-thumbnail","category-bunol-ca","category-canal-futbol","category-sports","category-ventana-ca","category-sin-categorizar-ca","category-la-hoya-ca","category-seccion-ca","category-videos","tag-cd-bunol-ca","tag-deportes-ca","tag-futbol-ca","tag-la-hoya-de-bunol-chiva-ca","tag-regional-preferente-ca","tag-tercera-division-ca","post_format-post-format-video"],"_links":{"self":[{"href":"https:\/\/tucomarca.whitekongsoftware.com\/ca\/wp-json\/wp\/v2\/posts\/135788","targetHints":{"allow":["GET"]}}],"collection":[{"href":"https:\/\/tucomarca.whitekongsoftware.com\/ca\/wp-json\/wp\/v2\/posts"}],"about":[{"href":"https:\/\/tucomarca.whitekongsoftware.com\/ca\/wp-json\/wp\/v2\/types\/post"}],"author":[{"embeddable":true,"href":"https:\/\/tucomarca.whitekongsoftware.com\/ca\/wp-json\/wp\/v2\/users\/1"}],"replies":[{"embeddable":true,"href":"https:\/\/tucomarca.whitekongsoftware.com\/ca\/wp-json\/wp\/v2\/comments?post=135788"}],"version-history":[{"count":0,"href":"https:\/\/tucomarca.whitekongsoftware.com\/ca\/wp-json\/wp\/v2\/posts\/135788\/revisions"}],"wp:featuredmedia":[{"embeddable":true,"href":"https:\/\/tucomarca.whitekongsoftware.com\/ca\/wp-json\/wp\/v2\/media\/135785"}],"wp:attachment":[{"href":"https:\/\/tucomarca.whitekongsoftware.com\/ca\/wp-json\/wp\/v2\/media?parent=135788"}],"wp:term":[{"taxonomy":"category","embeddable":true,"href":"https:\/\/tucomarca.whitekongsoftware.com\/ca\/wp-json\/wp\/v2\/categories?post=135788"},{"taxonomy":"post_tag","embeddable":true,"href":"https:\/\/tucomarca.whitekongsoftware.com\/ca\/wp-json\/wp\/v2\/tags?post=135788"}],"curies":[{"name":"wp","href":"https:\/\/api.w.org\/{rel}","templated":true}]}}