{"id":135714,"date":"2021-06-18T12:11:00","date_gmt":"2021-06-18T11:11:00","guid":{"rendered":"http:\/\/www.tucomarca.com\/wordpress\/segunda\/?p=135714"},"modified":"2021-06-18T20:02:21","modified_gmt":"2021-06-18T19:02:21","slug":"turisme-comunitat-valenciana-destina-60-000-euros-per-a-limpuls-turistic-de-lliria-a-traves-de-la-musica","status":"publish","type":"post","link":"https:\/\/tucomarca.whitekongsoftware.com\/ca\/turisme-comunitat-valenciana-destina-60-000-euros-per-a-limpuls-turistic-de-lliria-a-traves-de-la-musica\/","title":{"rendered":"Turisme Comunitat Valenciana destina 60.000 euros per a l&#8217;impuls tur\u00edstic de Ll\u00edria a trav\u00e9s de la m\u00fasica"},"content":{"rendered":"\n<h4 class=\"wp-block-heading\">El secretari auton\u00f2mic de Turisme ha signat el conveni de col\u00b7laboraci\u00f3 amb l&#8217;Ajuntament de Ll\u00edria, despr\u00e9s de la presentaci\u00f3 de la promoci\u00f3 del municipi lligada a la Xarxa de Ciutats Creatives Unesco&nbsp;<\/h4>\n\n\n\n<h4 class=\"wp-block-heading\">Colomer tamb\u00e9 ha assistit al lliurament de premis del 3r Concurs a la millor &#8216;Tapa d\u00b4a\u00e7\u00ed&#8217;&nbsp;<\/h4>\n\n\n\n<p class=\"wp-block-paragraph\">Turisme Comunitat Valenciana destina 60.000 euros per a l&#8217;impuls tur\u00edstic del municipi de Ll\u00edria a trav\u00e9s de la m\u00fasica. Per a aix\u00f2, el secretari auton\u00f2mic de Turisme, Francesc Colomer, ha signat en el CdT de Val\u00e8ncia, juntament amb l&#8217;alcalde de Ll\u00edria, Manuel Civera, el conveni de col\u00b7laboraci\u00f3 tur\u00edstica entre totes dues entitats per a donar suport a accions de promoci\u00f3 del producte tur\u00edstic del municipi de Ll\u00edria, a trav\u00e9s de la m\u00fasica durant l&#8217;any 2021.&nbsp;<\/p>\n\n\n\n<p class=\"wp-block-paragraph\">Per a Colomer, &#8220;aquest conveni significa el reconeixement i l&#8217;alian\u00e7a entre administracions, que permetr\u00e0 secundar tres festivals de m\u00fasica especialitzats: el Desenjazz; l&#8217;ema 2021, Early Music of EdetA i el LLUM Festival&#8221;.&nbsp;<\/p>\n\n\n\n<p class=\"wp-block-paragraph\">El titular de Turisme ha agra\u00eft la labor de l&#8217;Ajuntament de Ll\u00edria per &#8220;fer de la m\u00fasica un producte i atribut tur\u00edstic que camine al costat de la nostra marca&#8221; i ha destacat que es tracta de &#8220;una aportaci\u00f3 de valor que ens fa \u00fanics i un element identitari que evoca la nostra millor versi\u00f3&#8221;.&nbsp;<\/p>\n\n\n\n<p class=\"wp-block-paragraph\"><strong>Accions contemplades en el conveni&nbsp;<\/strong><\/p>\n\n\n\n<p class=\"wp-block-paragraph\">Mitjan\u00e7ant aquest acord, Turisme secunda diferents actuacions de difusi\u00f3 del producte tur\u00edstic de Ll\u00edria, entre elles &#8216;El Desenjazz 2021. 6\u00e9 Festival de Jazz de Ll\u00edria&#8217;, el concert se celebra al voltant del &#8220;Dia Mundial de la M\u00fasica&#8221; com a motor per a la pau, la unitat, el di\u00e0leg i el refor\u00e7 en la cooperaci\u00f3 entre pobles. La programaci\u00f3 fomenta l&#8217;intercanvi i la trobada d&#8217;artistes en les diferents Ciutats Creatives de la Unesco a tot el m\u00f3n.&nbsp;<\/p>\n\n\n\n<p class=\"wp-block-paragraph\">Tamb\u00e9 s&#8217;impulsar\u00e0 l&#8221;ema 2021, Early Music of EdetA&#8217;, Tercer Festival de Patrimoni Hist\u00f2ric i M\u00fasica AntiAntiga de Ll\u00edria que t\u00e9 com a objectiu la difusi\u00f3 del patrimoni hist\u00f2ric de Ll\u00edria a trav\u00e9s de la m\u00fasica.&nbsp;<\/p>\n\n\n\n<p class=\"wp-block-paragraph\">A m\u00e9s, mitjan\u00e7ant aquest acord, Ll\u00edria tamb\u00e9 dur\u00e0 a terme l&#8217;esdeveniment &#8216;LLUM Festival. Ll\u00edria Universal M\u00fasic&#8217;, festival de patrimoni hist\u00f2ric i m\u00fasica antiga de Ll\u00edria que se celebrar\u00e0 en el barri medieval.&nbsp;<\/p>\n\n\n\n<p class=\"wp-block-paragraph\"><strong>Presentaci\u00f3 nova projecci\u00f3 audiovisual de Ll\u00edria&nbsp;<\/strong><\/p>\n\n\n\n<p class=\"wp-block-paragraph\">Despr\u00e9s de la signatura del conveni, Colomer ha assistit a la presentaci\u00f3 de la nova projecci\u00f3 audiovisual de promoci\u00f3 tur\u00edstica de Ll\u00edria, patrocinada per la ciutat turca de Sanliurfa dins del marc de la Xarxa de Ciutats Creatives de la Unesco, en la categoria de M\u00fasica.&nbsp;<\/p>\n\n\n\n<p class=\"wp-block-paragraph\">L&#8217;acte ha comptat amb la pres\u00e8ncia de representants del Consolat de Turquia a Val\u00e8ncia i de l&#8217;alcalde de Ll\u00edria, Manuel Civera. En aquest context, Colomer ha destacat que &#8220;Turquia \u00e9s un pa\u00eds molt important per a nosaltres, amb el qual hem tra\u00e7at vincles a trav\u00e9s de la formaci\u00f3 i la promoci\u00f3&#8221;.&nbsp;<\/p>\n\n\n\n<p class=\"wp-block-paragraph\">Per part seua, l&#8217;alcalde de Ll\u00edria ha agra\u00eft el suport de Turisme Comunitat Valenciana &#8220;per a aconseguir ser declarats Ciutat Creativa de la M\u00fasica de la Unesco&#8221;; al mateix temps que ha destacat &#8220;l&#8217;impuls i la confian\u00e7a que ha posat la Generalitat en la singularitat tur\u00edstica del municipi&#8221;.&nbsp;<\/p>\n\n\n\n<p class=\"wp-block-paragraph\"><strong>Concurs a la millor &#8216;Tapa d&#8217;a\u00e7\u00ed&#8217;&nbsp;<\/strong><\/p>\n\n\n\n<p class=\"wp-block-paragraph\">El CdT de Val\u00e8ncia tamb\u00e9 ha sigut escenari del concurs de tapes que organitza la Confederaci\u00f3 Empresarial d&#8217;Hostaleria i Turisme de la Comunitat Valenciana (Conhostur), amb motiu del Dia Mundial de la Tapa.&nbsp;<\/p>\n\n\n\n<p class=\"wp-block-paragraph\">D&#8217;aquesta manera, ha tingut lloc la final de la tercera edici\u00f3 del concurs, la millor Tapa d\u00b4a\u00e7\u00ed, en el qual han participat 75 locals de restauraci\u00f3 de la Comunitat Valenciana.&nbsp;<\/p>\n\n\n\n<p class=\"wp-block-paragraph\">Els finalistes d&#8217;aquesta edici\u00f3 han sigut sis cuiners i cuineres d&#8217;establiments de les prov\u00edncies d&#8217;Alacant i Val\u00e8ncia als quals per primera vegada, s&#8217;han sumat xefs de Castell\u00f3.&nbsp;<\/p>\n\n\n\n<p class=\"wp-block-paragraph\">Colomer ha sigut l&#8217;encarregat d&#8217;entregar el primer premi d&#8217;aquesta edici\u00f3, que ha recaigut en el restaurant Xiri de Mon\u00f2ver; el segon premi ha sigut per a Mandarina Caf\u00e9 Club Terrassa de Pen\u00edscola i el tercer guardonat ha sigut per al Bar Marvi de la ciutat de Val\u00e8ncia.&nbsp;<\/p>\n\n\n\n<p class=\"wp-block-paragraph\">El guanyador o guanyadora participar\u00e0 en l&#8217;acci\u00f3 de promoci\u00f3 gastron\u00f2mica nacional o internacional que organitzar\u00e0 Conhostur, amb la col\u00b7laboraci\u00f3 de Turisme Comunitat Valenciana i la seua marca gastron\u00f2mica L&#8217;Exquisit Mediterrani, i que tindr\u00e0 lloc en el segon semestre de l&#8217;any, amb la finalitat de promocionar la gastronomia i els productes de la Comunitat Valenciana. En altres ocasions els guanyadors d&#8217;aquest certamen van poder participar en esdeveniments de promoci\u00f3 a Mil\u00e0 o la Haia juntament amb prestigiosos cuiners i cuineres de la Comunitat.&nbsp;<\/p>\n\n\n\n<p class=\"wp-block-paragraph\">El jurat ha estat compost per Cuchita Lluch, membre de la Reial Acad\u00e8mia de Gastronomia; Bego\u00f1a Rodrigo, xef i propiet\u00e0ria restaurant La Saleta (1 Estrella Michel\u00edn, 2 Sols Repsol); Cristina Figueira. xef i propiet\u00e0ria restaurant El Xato (1 Estrella Michel\u00edn, 1 Sol Repsol); Avelino Ram\u00f3n, xef del restaurant Dalu\u00e1n (1 Sol Repsol, Bib Gorumand Michel\u00edn) i&nbsp;Evarist Miralles, cuiner formador de la xarxa de CdT.<\/p>\n","protected":false},"excerpt":{"rendered":"<div class=\"mh-excerpt\">El secretari auton\u00f2mic de Turisme ha signat el conveni de col\u00b7laboraci\u00f3 amb l&#8217;Ajuntament de Ll\u00edria, despr\u00e9s de la presentaci\u00f3 de la promoci\u00f3 del municipi lligada a la Xarxa de Ciutats Creatives Unesco&nbsp; Colomer tamb\u00e9 ha <a class=\"mh-excerpt-more\" href=\"https:\/\/tucomarca.whitekongsoftware.com\/ca\/turisme-comunitat-valenciana-destina-60-000-euros-per-a-limpuls-turistic-de-lliria-a-traves-de-la-musica\/\" title=\"Turisme Comunitat Valenciana destina 60.000 euros per a l&#8217;impuls tur\u00edstic de Ll\u00edria a trav\u00e9s de la m\u00fasica\">[+] <\/a><\/div>\n","protected":false},"author":12,"featured_media":135713,"comment_status":"open","ping_status":"open","sticky":false,"template":"","format":"standard","meta":{"footnotes":""},"categories":[10892,11005,10894,10928,11007,10896],"tags":[11213,10899,11070,12610,12384],"class_list":["post-135714","post","type-post","status-publish","format-standard","has-post-thumbnail","category-camp-de-turia-ca","category-canal-musica","category-la-comarca-ca","category-lliria-ca","category-ocio-y-cultura-ca","category-seccion-ca","tag-bandas-de-musica-ca","tag-camp-de-turia-ca","tag-lliria-ca","tag-patronato-de-turismo-ca","tag-turisme-comunitat-valenciana-ca"],"_links":{"self":[{"href":"https:\/\/tucomarca.whitekongsoftware.com\/ca\/wp-json\/wp\/v2\/posts\/135714","targetHints":{"allow":["GET"]}}],"collection":[{"href":"https:\/\/tucomarca.whitekongsoftware.com\/ca\/wp-json\/wp\/v2\/posts"}],"about":[{"href":"https:\/\/tucomarca.whitekongsoftware.com\/ca\/wp-json\/wp\/v2\/types\/post"}],"author":[{"embeddable":true,"href":"https:\/\/tucomarca.whitekongsoftware.com\/ca\/wp-json\/wp\/v2\/users\/12"}],"replies":[{"embeddable":true,"href":"https:\/\/tucomarca.whitekongsoftware.com\/ca\/wp-json\/wp\/v2\/comments?post=135714"}],"version-history":[{"count":0,"href":"https:\/\/tucomarca.whitekongsoftware.com\/ca\/wp-json\/wp\/v2\/posts\/135714\/revisions"}],"wp:featuredmedia":[{"embeddable":true,"href":"https:\/\/tucomarca.whitekongsoftware.com\/ca\/wp-json\/wp\/v2\/media\/135713"}],"wp:attachment":[{"href":"https:\/\/tucomarca.whitekongsoftware.com\/ca\/wp-json\/wp\/v2\/media?parent=135714"}],"wp:term":[{"taxonomy":"category","embeddable":true,"href":"https:\/\/tucomarca.whitekongsoftware.com\/ca\/wp-json\/wp\/v2\/categories?post=135714"},{"taxonomy":"post_tag","embeddable":true,"href":"https:\/\/tucomarca.whitekongsoftware.com\/ca\/wp-json\/wp\/v2\/tags?post=135714"}],"curies":[{"name":"wp","href":"https:\/\/api.w.org\/{rel}","templated":true}]}}