{"id":135662,"date":"2021-06-18T12:00:00","date_gmt":"2021-06-18T11:00:00","guid":{"rendered":"http:\/\/www.tucomarca.com\/wordpress\/segunda\/?p=135662"},"modified":"2021-06-18T19:53:32","modified_gmt":"2021-06-18T18:53:32","slug":"el-cantant-de-bunyol-angel-bellido-llanca-el-25-de-juny-la-seua-nova-produccio-destudi-la-meua-veritat","status":"publish","type":"post","link":"https:\/\/tucomarca.whitekongsoftware.com\/ca\/el-cantant-de-bunyol-angel-bellido-llanca-el-25-de-juny-la-seua-nova-produccio-destudi-la-meua-veritat\/","title":{"rendered":"El cantant de Bunyol \u00c1ngel Bellido llan\u00e7a el 25 de juny la seua nova producci\u00f3 d&#8217;estudi \u201cLa meua veritat\u201d"},"content":{"rendered":"\n<p class=\"wp-block-paragraph\">\u201cLa meua veritat&#8221;, \u00e9s el nom de la seua nova producci\u00f3 musical d&#8217;estudi, de la seua pr\u00f2pia autoria, amb sensacions molt personals i de tall pop en ess\u00e8ncia, \u00c1ngel ha compost aquesta can\u00e7\u00f3 per a l&#8217;amor de la seua vida, el seu fill. Una hist\u00f2ria de superaci\u00f3, on es pot veure i sentir perfectament l&#8217;aut\u00e8ntic amor d&#8217;un pare pel seu fill, on qualsevol pot sentir-se identificat en escoltar-la, mentre el seu incre\u00efble i potent producci\u00f3 i acompanyat d&#8217;un curtmetratge musical cura fins al m\u00e9s m\u00ednim detall gravat per Bruno Mar\u00edn i produ\u00eft per Sonia Soler i el mateix \u00c1ngel Bellido, condueix a aquell que l&#8217;escolte a trav\u00e9s d&#8217;un viatge de sensacions capaces d&#8217;emocionar a qualsevol.<\/p>\n\n\n\n<p class=\"wp-block-paragraph\">En aquest nou projecte han treballat m\u00fasics, productors i enginyers de la talla de Richy Rojas (Miami), guanyador del Latin Grammy qui ha treballat com a enginyer de mezla i de mastering, mentre que Gustavo Ib\u00e1\u00f1ez (Val\u00e8ncia) ha estat a c\u00e0rrec com a enginyer de veus.<\/p>\n\n\n\n<p class=\"wp-block-paragraph\">\u201cSent que aquesta can\u00e7\u00f3 va eixir del cor, somni que algun dia el meu fill puga gaudir-la tant com jo l&#8217;he fet creant-la que pot haver-hi m\u00e9s gran que l&#8217;amor d&#8217;un fill?&#8221; declarava a tucomarca.com el cantant bunyolense.<\/p>\n\n\n\n<p class=\"wp-block-paragraph\">Bellido, que porta molts anys en el m\u00f3n de la m\u00fasica i que ha triomfat damunt dels escenaris dels Estats Units, Puerto Rico i Rep\u00fablica Dominicana, va sentir que la seua carrera donava un gir positiu en gravar la can\u00e7\u00f3 &#8220;Aquesta vegada&#8221; de g\u00e8nere Bachata amb el grand\u00edssim Daniel Santacruz, un tema incl\u00f2s en el seu disc &#8220;Larimar&#8221;, amb el qual ha arribat pel cap alt alt guanyant el Latin Grammy al millor \u00e0lbum bachata\/merenga de 2020.<\/p>\n","protected":false},"excerpt":{"rendered":"<div class=\"mh-excerpt\">\u201cLa meua veritat&#8221;, \u00e9s el nom de la seua nova producci\u00f3 musical d&#8217;estudi, de la seua pr\u00f2pia autoria, amb sensacions molt personals i de tall pop en ess\u00e8ncia, \u00c1ngel ha compost aquesta can\u00e7\u00f3 per a <a class=\"mh-excerpt-more\" href=\"https:\/\/tucomarca.whitekongsoftware.com\/ca\/el-cantant-de-bunyol-angel-bellido-llanca-el-25-de-juny-la-seua-nova-produccio-destudi-la-meua-veritat\/\" title=\"El cantant de Bunyol \u00c1ngel Bellido llan\u00e7a el 25 de juny la seua nova producci\u00f3 d&#8217;estudi \u201cLa meua veritat\u201d\">[+] <\/a><\/div>\n","protected":false},"author":12,"featured_media":135661,"comment_status":"open","ping_status":"open","sticky":false,"template":"","format":"standard","meta":{"footnotes":""},"categories":[10911,11005,10894,10912,11007,10896],"tags":[14887,10914,14888],"class_list":["post-135662","post","type-post","status-publish","format-standard","has-post-thumbnail","category-bunol-ca","category-canal-musica","category-la-comarca-ca","category-la-hoya-ca","category-ocio-y-cultura-ca","category-seccion-ca","tag-angel-bellido-ca","tag-la-hoya-de-bunol-chiva-ca","tag-mi-verdad-ca"],"_links":{"self":[{"href":"https:\/\/tucomarca.whitekongsoftware.com\/ca\/wp-json\/wp\/v2\/posts\/135662","targetHints":{"allow":["GET"]}}],"collection":[{"href":"https:\/\/tucomarca.whitekongsoftware.com\/ca\/wp-json\/wp\/v2\/posts"}],"about":[{"href":"https:\/\/tucomarca.whitekongsoftware.com\/ca\/wp-json\/wp\/v2\/types\/post"}],"author":[{"embeddable":true,"href":"https:\/\/tucomarca.whitekongsoftware.com\/ca\/wp-json\/wp\/v2\/users\/12"}],"replies":[{"embeddable":true,"href":"https:\/\/tucomarca.whitekongsoftware.com\/ca\/wp-json\/wp\/v2\/comments?post=135662"}],"version-history":[{"count":0,"href":"https:\/\/tucomarca.whitekongsoftware.com\/ca\/wp-json\/wp\/v2\/posts\/135662\/revisions"}],"wp:featuredmedia":[{"embeddable":true,"href":"https:\/\/tucomarca.whitekongsoftware.com\/ca\/wp-json\/wp\/v2\/media\/135661"}],"wp:attachment":[{"href":"https:\/\/tucomarca.whitekongsoftware.com\/ca\/wp-json\/wp\/v2\/media?parent=135662"}],"wp:term":[{"taxonomy":"category","embeddable":true,"href":"https:\/\/tucomarca.whitekongsoftware.com\/ca\/wp-json\/wp\/v2\/categories?post=135662"},{"taxonomy":"post_tag","embeddable":true,"href":"https:\/\/tucomarca.whitekongsoftware.com\/ca\/wp-json\/wp\/v2\/tags?post=135662"}],"curies":[{"name":"wp","href":"https:\/\/api.w.org\/{rel}","templated":true}]}}