{"id":135382,"date":"2021-06-15T10:00:00","date_gmt":"2021-06-15T09:00:00","guid":{"rendered":"http:\/\/www.tucomarca.com\/wordpress\/segunda\/?p=135382"},"modified":"2021-06-15T17:11:38","modified_gmt":"2021-06-15T16:11:38","slug":"la-secretaria-autonomica-deficiencia-i-tecnologia-sanitaria-visita-bunyol-per-a-explicar-les-inversions-sanitaries-previstes-en-la-foia","status":"publish","type":"post","link":"https:\/\/tucomarca.whitekongsoftware.com\/ca\/la-secretaria-autonomica-deficiencia-i-tecnologia-sanitaria-visita-bunyol-per-a-explicar-les-inversions-sanitaries-previstes-en-la-foia\/","title":{"rendered":"La Secret\u00e0ria Auton\u00f2mica d&#8217;Efici\u00e8ncia i Tecnologia Sanit\u00e0ria visita Bunyol per a explicar les inversions sanit\u00e0ries previstes en La Foia"},"content":{"rendered":"\n<h4 class=\"wp-block-heading\">Despr\u00e9s de visitar i con\u00e9ixer de prop l&#8217;estat del Centre de Salut de Bunyol, on es preveu la construcci\u00f3 del Centre d&#8217;Especialitats de la comarca en aquesta legislatura, es reunir\u00e0 amb els alcaldes dels municipis d&#8217;aquesta comarca i oferir\u00e0 una roda de premsa als mitjans de comunicaci\u00f3.<\/h4>\n\n\n\n<p class=\"wp-block-paragraph\">Juncal Carrascosa, Alcaldessa de Bunyol, ha confirmat la visita dem\u00e0 dimecres 16 de juny de Concha Andr\u00e9s, Secretaria Auton\u00f2mica d&#8217;Efici\u00e8ncia i Tecnologia Sanit\u00e0ria de la Generalitat Valenciana. Visitar\u00e0, acompanyada de la primera mun\u00edcipe, el Centre de Salut del municipi, on es preveu la construcci\u00f3 del Centre d&#8217;Especialitats de la comarca en aquesta legislatura, tal com ha confirmat el Consell.<\/p>\n\n\n\n<p class=\"wp-block-paragraph\">Despr\u00e9s d&#8217;aquesta visita, acudir\u00e0 a una reuni\u00f3 amb els alcaldes de la comarca al Molino Gal\u00e1n. Despr\u00e9s es preveu que la Secret\u00e0ria Auton\u00f2mica atenga els mitjans de comunicaci\u00f3 per a explicar les inversions sanit\u00e0ries a la comarca en els pr\u00f2xims anys. Ser\u00e0 en la Sala Raga del Molino Gal\u00e1n.<\/p>\n","protected":false},"excerpt":{"rendered":"<div class=\"mh-excerpt\">Despr\u00e9s de visitar i con\u00e9ixer de prop l&#8217;estat del Centre de Salut de Bunyol, on es preveu la construcci\u00f3 del Centre d&#8217;Especialitats de la comarca en aquesta legislatura, es reunir\u00e0 amb els alcaldes dels municipis <a class=\"mh-excerpt-more\" href=\"https:\/\/tucomarca.whitekongsoftware.com\/ca\/la-secretaria-autonomica-deficiencia-i-tecnologia-sanitaria-visita-bunyol-per-a-explicar-les-inversions-sanitaries-previstes-en-la-foia\/\" title=\"La Secret\u00e0ria Auton\u00f2mica d&#8217;Efici\u00e8ncia i Tecnologia Sanit\u00e0ria visita Bunyol per a explicar les inversions sanit\u00e0ries previstes en La Foia\">[+] <\/a><\/div>\n","protected":false},"author":12,"featured_media":134528,"comment_status":"open","ping_status":"open","sticky":false,"template":"","format":"standard","meta":{"footnotes":""},"categories":[10911,11010,10948,10894,10912,10947,10896],"tags":[11108],"class_list":["post-135382","post","type-post","status-publish","format-standard","has-post-thumbnail","category-bunol-ca","category-canal-salud","category-infraestructuras-ca","category-la-comarca-ca","category-la-hoya-ca","category-politica","category-seccion-ca","tag-la-foia-de-bunyol-xiva"],"_links":{"self":[{"href":"https:\/\/tucomarca.whitekongsoftware.com\/ca\/wp-json\/wp\/v2\/posts\/135382","targetHints":{"allow":["GET"]}}],"collection":[{"href":"https:\/\/tucomarca.whitekongsoftware.com\/ca\/wp-json\/wp\/v2\/posts"}],"about":[{"href":"https:\/\/tucomarca.whitekongsoftware.com\/ca\/wp-json\/wp\/v2\/types\/post"}],"author":[{"embeddable":true,"href":"https:\/\/tucomarca.whitekongsoftware.com\/ca\/wp-json\/wp\/v2\/users\/12"}],"replies":[{"embeddable":true,"href":"https:\/\/tucomarca.whitekongsoftware.com\/ca\/wp-json\/wp\/v2\/comments?post=135382"}],"version-history":[{"count":0,"href":"https:\/\/tucomarca.whitekongsoftware.com\/ca\/wp-json\/wp\/v2\/posts\/135382\/revisions"}],"wp:featuredmedia":[{"embeddable":true,"href":"https:\/\/tucomarca.whitekongsoftware.com\/ca\/wp-json\/wp\/v2\/media\/134528"}],"wp:attachment":[{"href":"https:\/\/tucomarca.whitekongsoftware.com\/ca\/wp-json\/wp\/v2\/media?parent=135382"}],"wp:term":[{"taxonomy":"category","embeddable":true,"href":"https:\/\/tucomarca.whitekongsoftware.com\/ca\/wp-json\/wp\/v2\/categories?post=135382"},{"taxonomy":"post_tag","embeddable":true,"href":"https:\/\/tucomarca.whitekongsoftware.com\/ca\/wp-json\/wp\/v2\/tags?post=135382"}],"curies":[{"name":"wp","href":"https:\/\/api.w.org\/{rel}","templated":true}]}}