{"id":135325,"date":"2021-06-14T22:00:00","date_gmt":"2021-06-14T21:00:00","guid":{"rendered":"http:\/\/www.tucomarca.com\/wordpress\/segunda\/?p=135325"},"modified":"2021-06-14T23:46:44","modified_gmt":"2021-06-14T22:46:44","slug":"el-ple-de-riba-roja-defensa-lorigen-valencia-de-les-bandes-de-musica-i-la-seua-impregnacio-en-la-societat-local","status":"publish","type":"post","link":"https:\/\/tucomarca.whitekongsoftware.com\/ca\/el-ple-de-riba-roja-defensa-lorigen-valencia-de-les-bandes-de-musica-i-la-seua-impregnacio-en-la-societat-local\/","title":{"rendered":"El ple de Riba-roja defensa l&#8217;origen valenci\u00e0 de les bandes de m\u00fasica i la seua impregnaci\u00f3 en la societat local"},"content":{"rendered":"\n<h4 class=\"wp-block-heading\">Ratificada per unanimitat una proposta institucional&nbsp;<\/h4>\n\n\n\n<p class=\"wp-block-paragraph\">El ple de l&#8217;Ajuntament de Riba-roja de T\u00faria ha aprovat per unanimitat una Declaraci\u00f3 Institucional de suport a les bandes de m\u00fasica i el seu important paper i la labor que realitzen en el context de la Comunitat Valenciana. La proposta ratificada insisteix, a m\u00e9s, en la funci\u00f3 que duen a terme les bandes en la difusi\u00f3 i el llegat social i cultural en el marc de les societats locals.&nbsp;<\/p>\n\n\n\n<p class=\"wp-block-paragraph\">El text en el ple de Riba-roja de T\u00faria ha sigut aprovat amb els vots del govern del PSPV, a m\u00e9s, de la resta de formacions amb representaci\u00f3 municipal com el Partit Popular, Comprom\u00eds, Ciutadans, Esquerra Unida, Vox i Podem *Riba-roja Pot. La proposta assenyala el car\u00e0cter integrador de les bandes en la resta d&#8217;Espanya i en l&#8217;\u00e0mbit internacional.&nbsp;<\/p>\n\n\n\n<p class=\"wp-block-paragraph\">La proposta, amb el suport de tots els grups citats, reclama al Ministeri de Cultura i Esport una rectificaci\u00f3 immediata sobre la frase que contenia el decret publicat en el Bolet\u00edn Oficial del Estado (BOE) el passat 30 de mar\u00e7 en la qual l&#8217;origen d&#8217;aquest moviment no s&#8217;ajustava a la realitat hist\u00f2rica. La petici\u00f3 socialista naix de la proposta que la Federaci\u00f3 de Societats Musicals de la Comunitat Valenciana ha realitzat sobre aquest tema.&nbsp;<\/p>\n\n\n\n<p class=\"wp-block-paragraph\">\u201cRiba-roja de T\u00faria reconeix la tasca que realitzen les societats musicals de la Comunitat Valenciana i s&#8217;uneix al reconeixement que tant des del govern estatal com auton\u00f2mic han manifestat cap a les societats musicals, en la labor social, cultural i econ\u00f2mica que aporten a Espanya, a la Comunitat Valenciana com a la resta de municipis que la integren\u201d, s&#8217;afirmen en el text.&nbsp;<\/p>\n\n\n\n<p class=\"wp-block-paragraph\">El ple de Riba-roja de T\u00faria destaquen que les societats musicals \u201cconformen un extraordinari fenomen associatiu present en el territori de la Comunitat Valenciana, en generar al seu al voltant espais de relaci\u00f3 intergeneracional, des dels seus or\u00edgens fins al dia de hui la m\u00fasica de bandes troba la seua m\u00e0xima expressi\u00f3, diversitat i grau de desenvolupament en la Comunitat i la seua influ\u00e8ncia en la resta d&#8217;Espanya i arriben, fins i tot, al nivell internacional\u201d.&nbsp;<\/p>\n\n\n\n<p class=\"wp-block-paragraph\">L&#8217;ajuntament recorda que les societats musicals valencianes \u201csuposen un recurs per al desenvolupament local, tant del turisme com de les ind\u00fastries culturals i altres elements materials imprescindibles per al seu progr\u00e9s, a m\u00e9s, els recursos que generen reverteixen directament en el territori de la Comunitat Valenciana, m\u00e9s de 1.110 bandes de m\u00fasica, m\u00e9s de 600 centres educatius, m\u00e9s de 40.000 m\u00fasics, altres 60.000 alumnes i 200.000 socis i milers de voluntaris que componen una de les xarxes m\u00e9s extenses del pa\u00eds\u201d.&nbsp;<\/p>\n\n\n\n<p class=\"wp-block-paragraph\">A m\u00e9s, el text afig que la Generalitat Valenciana va aprovar al maig de 2018 la declaraci\u00f3 com a B\u00e9 d&#8217;Inter\u00e9s Cultural Immaterial (*BIC) de les bandes, un reconeixement hist\u00f2ric que contribueix a la protecci\u00f3 i impuls de les societats musicals i que ve a reafirmar el seu paper com un dels principals agents culturals de la Comunitat Valenciana i garanteix una s\u00e8rie de mesures de protecci\u00f3 i salvaguarda.&nbsp;<\/p>\n\n\n\n<p class=\"wp-block-paragraph\">Per tot aix\u00f2, la moci\u00f3 conclou amb un reconeixement a la seua labor social i cultural en tots els \u00e0mbits geogr\u00e0fics i sol\u00b7licita una rectificaci\u00f3 del Ministeri de Cultura i Esport sobre l&#8217;origen de les societats musicals, ajustat a la realitat actual i que, sens dubte, cal trobar en la Comunitat Valenciana.&nbsp;<\/p>\n\n\n\n<p class=\"wp-block-paragraph\">L&#8217;Ajuntament de *Riba-roja se suma, a m\u00e9s, a la carta que la presidenta de la Federaci\u00f3 de Societat Musicals la presidenta de la Federaci\u00f3 de Societats Musicals de la Comunitat Valenciana, Daniela Gonz\u00e1lez Almansa, ha enviat al Ministre de Cultura i Esport, Jos\u00e9 Manuel Rodr\u00edguez *Uribes, per a la rectificaci\u00f3 de la publicaci\u00f3 en el Bolet\u00edn Oficial del Estado del passat 6 de maig, en relaci\u00f3 a l&#8217;origen de les societats musicals de la Comunitat Valenciana.<\/p>\n\n\n\n<p class=\"wp-block-paragraph\"><\/p>\n","protected":false},"excerpt":{"rendered":"<div class=\"mh-excerpt\">Ratificada per unanimitat una proposta institucional&nbsp; El ple de l&#8217;Ajuntament de Riba-roja de T\u00faria ha aprovat per unanimitat una Declaraci\u00f3 Institucional de suport a les bandes de m\u00fasica i el seu important paper i la <a class=\"mh-excerpt-more\" href=\"https:\/\/tucomarca.whitekongsoftware.com\/ca\/el-ple-de-riba-roja-defensa-lorigen-valencia-de-les-bandes-de-musica-i-la-seua-impregnacio-en-la-societat-local\/\" title=\"El ple de Riba-roja defensa l&#8217;origen valenci\u00e0 de les bandes de m\u00fasica i la seua impregnaci\u00f3 en la societat local\">[+] <\/a><\/div>\n","protected":false},"author":12,"featured_media":135323,"comment_status":"open","ping_status":"open","sticky":false,"template":"","format":"standard","meta":{"footnotes":""},"categories":[10892,11005,10948,10894,10947,10906,10896],"tags":[11213,10899,10907],"class_list":["post-135325","post","type-post","status-publish","format-standard","has-post-thumbnail","category-camp-de-turia-ca","category-canal-musica","category-infraestructuras-ca","category-la-comarca-ca","category-politica","category-riba-roja-ca","category-seccion-ca","tag-bandas-de-musica-ca","tag-camp-de-turia-ca","tag-riba-roja-del-turia-ca"],"_links":{"self":[{"href":"https:\/\/tucomarca.whitekongsoftware.com\/ca\/wp-json\/wp\/v2\/posts\/135325","targetHints":{"allow":["GET"]}}],"collection":[{"href":"https:\/\/tucomarca.whitekongsoftware.com\/ca\/wp-json\/wp\/v2\/posts"}],"about":[{"href":"https:\/\/tucomarca.whitekongsoftware.com\/ca\/wp-json\/wp\/v2\/types\/post"}],"author":[{"embeddable":true,"href":"https:\/\/tucomarca.whitekongsoftware.com\/ca\/wp-json\/wp\/v2\/users\/12"}],"replies":[{"embeddable":true,"href":"https:\/\/tucomarca.whitekongsoftware.com\/ca\/wp-json\/wp\/v2\/comments?post=135325"}],"version-history":[{"count":0,"href":"https:\/\/tucomarca.whitekongsoftware.com\/ca\/wp-json\/wp\/v2\/posts\/135325\/revisions"}],"wp:featuredmedia":[{"embeddable":true,"href":"https:\/\/tucomarca.whitekongsoftware.com\/ca\/wp-json\/wp\/v2\/media\/135323"}],"wp:attachment":[{"href":"https:\/\/tucomarca.whitekongsoftware.com\/ca\/wp-json\/wp\/v2\/media?parent=135325"}],"wp:term":[{"taxonomy":"category","embeddable":true,"href":"https:\/\/tucomarca.whitekongsoftware.com\/ca\/wp-json\/wp\/v2\/categories?post=135325"},{"taxonomy":"post_tag","embeddable":true,"href":"https:\/\/tucomarca.whitekongsoftware.com\/ca\/wp-json\/wp\/v2\/tags?post=135325"}],"curies":[{"name":"wp","href":"https:\/\/api.w.org\/{rel}","templated":true}]}}