{"id":135297,"date":"2021-06-14T18:19:33","date_gmt":"2021-06-14T17:19:33","guid":{"rendered":"http:\/\/www.tucomarca.com\/wordpress\/segunda\/?p=135297"},"modified":"2021-06-14T18:29:06","modified_gmt":"2021-06-14T17:29:06","slug":"el-cd-bunyol-haura-de-superar-a-la-ud-vall-duxo-en-el-seu-cami-a-la-tercera-divisio","status":"publish","type":"post","link":"https:\/\/tucomarca.whitekongsoftware.com\/ca\/el-cd-bunyol-haura-de-superar-a-la-ud-vall-duxo-en-el-seu-cami-a-la-tercera-divisio\/","title":{"rendered":"El CD Bunyol haur\u00e0 de superar a la UD Vall d&#8217;Ux\u00f3 en el seu cam\u00ed a la Tercera Divisi\u00f3"},"content":{"rendered":"\n<p class=\"wp-block-paragraph\">La Uni\u00f3 Esportiva Vall de&#8217;Ux\u00f3 \u00e9s el conjunt al qual el Club esportiu Bunyol haur\u00e0 de superar en una primera fase per a aconseguir l&#8217;anhelat ascens a Tercera Divisi\u00f3.<\/p>\n\n\n\n<p class=\"wp-block-paragraph\">As\u00ed lo ha deparado la suerte del sorteo que a las 18,00 horas de este lunes, 14 de junio, la Casa de la Cultura de X\u00e0tiva ha acogido. Unos emparejamientos de los playoffs cuyos partidos finales acoger\u00e1 adem\u00e1s la citada localidad de La costera los pr\u00f3ximos d\u00edas 25, 26 y 27 de junio. Concretamente, el&nbsp;Camp Municipal \u2018La Murta\u2019&nbsp;de&nbsp;X\u00e0tiva ser\u00e1 la sede de las tres finales de los&nbsp;Playoffs 2021&nbsp;de ascenso de&nbsp;Preferente&nbsp;a&nbsp;Tercera.<\/p>\n\n\n\n<p class=\"wp-block-paragraph\">De superar a la UD Vall de Ux\u00f3, el CD Bu\u00f1ol jugar\u00eda la final en el citado escenario de X\u00e0tiva el s\u00e1bado, 26 de junio, contra el equipo vencedor del emparejamiento CD Utiel &#8211; Castell\u00f3n B, dado que el sorteo ha querido que sea este el cruce definitivo para una hipot\u00e9tica final. <\/p>\n\n\n\n<p class=\"wp-block-paragraph\">Abans, el CD Bunyol disputar\u00e0 el seu primer partit contra la UD Vall d&#8217;Ux\u00f3 a domicili aquest dijous, 17 de juny, a les 20,30 hores; mentre que el partit de tornada es jugar\u00e0 en el Beltr\u00e1n *B\u00e1guena el dimarts, 22 de juny, a les 20 hores.<\/p>\n\n\n\n<p class=\"wp-block-paragraph\">El sorteo, que ha podido seguirse en directo en el Instagram oficial de la FFCV, ha contado con la presencia de representantes de los doce clubes participantes, adem\u00e1s del alcalde de la localidad,&nbsp;Roger Cerd\u00e0,&nbsp;y el presidente de la&nbsp;FFCV,&nbsp;Salvador Gomar.<\/p>\n\n\n\n<p class=\"wp-block-paragraph\">En el sorteo han participado representantes del CD Castell\u00f3n B,&nbsp;UD Vall de Ux\u00f3,&nbsp;Rayo Ll\u00edria,&nbsp;CD Bu\u00f1ol,&nbsp;UD Castellonense,&nbsp;UE L\u2019Alcudia,&nbsp;Callosa Deportiva,&nbsp;CFI Alicante&nbsp;y&nbsp;CF UE Tavernes de Valldigna, CD Utiel, Ath. Torrellano, Riba-roja CF.&nbsp;<\/p>\n\n\n\n<p class=\"wp-block-paragraph\">Como se recordar\u00e1, la pasada temporada, la pandemia oblig\u00f3 a la&nbsp;FFCV&nbsp;a reinventar el formato para promocionar a&nbsp;Tercera&nbsp;y naci\u00f3 este playoff con sede \u00fanica,&nbsp;Alberic.<\/p>\n","protected":false},"excerpt":{"rendered":"<div class=\"mh-excerpt\">La Uni\u00f3 Esportiva Vall de&#8217;Ux\u00f3 \u00e9s el conjunt al qual el Club esportiu Bunyol haur\u00e0 de superar en una primera fase per a aconseguir l&#8217;anhelat ascens a Tercera Divisi\u00f3. As\u00ed lo ha deparado la suerte <a class=\"mh-excerpt-more\" href=\"https:\/\/tucomarca.whitekongsoftware.com\/ca\/el-cd-bunyol-haura-de-superar-a-la-ud-vall-duxo-en-el-seu-cami-a-la-tercera-divisio\/\" title=\"El CD Bunyol haur\u00e0 de superar a la UD Vall d&#8217;Ux\u00f3 en el seu cam\u00ed a la Tercera Divisi\u00f3\">[+] <\/a><\/div>\n","protected":false},"author":1,"featured_media":135294,"comment_status":"open","ping_status":"open","sticky":false,"template":"","format":"standard","meta":{"footnotes":""},"categories":[10911,11015,11003,10904,10912,10896],"tags":[11126,11547,10914],"class_list":["post-135297","post","type-post","status-publish","format-standard","has-post-thumbnail","category-bunol-ca","category-canal-futbol","category-sports","category-sin-categorizar-ca","category-la-hoya-ca","category-seccion-ca","tag-cd-bunol-ca","tag-esport-ca","tag-la-hoya-de-bunol-chiva-ca"],"_links":{"self":[{"href":"https:\/\/tucomarca.whitekongsoftware.com\/ca\/wp-json\/wp\/v2\/posts\/135297","targetHints":{"allow":["GET"]}}],"collection":[{"href":"https:\/\/tucomarca.whitekongsoftware.com\/ca\/wp-json\/wp\/v2\/posts"}],"about":[{"href":"https:\/\/tucomarca.whitekongsoftware.com\/ca\/wp-json\/wp\/v2\/types\/post"}],"author":[{"embeddable":true,"href":"https:\/\/tucomarca.whitekongsoftware.com\/ca\/wp-json\/wp\/v2\/users\/1"}],"replies":[{"embeddable":true,"href":"https:\/\/tucomarca.whitekongsoftware.com\/ca\/wp-json\/wp\/v2\/comments?post=135297"}],"version-history":[{"count":0,"href":"https:\/\/tucomarca.whitekongsoftware.com\/ca\/wp-json\/wp\/v2\/posts\/135297\/revisions"}],"wp:featuredmedia":[{"embeddable":true,"href":"https:\/\/tucomarca.whitekongsoftware.com\/ca\/wp-json\/wp\/v2\/media\/135294"}],"wp:attachment":[{"href":"https:\/\/tucomarca.whitekongsoftware.com\/ca\/wp-json\/wp\/v2\/media?parent=135297"}],"wp:term":[{"taxonomy":"category","embeddable":true,"href":"https:\/\/tucomarca.whitekongsoftware.com\/ca\/wp-json\/wp\/v2\/categories?post=135297"},{"taxonomy":"post_tag","embeddable":true,"href":"https:\/\/tucomarca.whitekongsoftware.com\/ca\/wp-json\/wp\/v2\/tags?post=135297"}],"curies":[{"name":"wp","href":"https:\/\/api.w.org\/{rel}","templated":true}]}}